{"id":90182,"date":"2021-04-28T06:58:59","date_gmt":"2021-04-28T04:58:59","guid":{"rendered":"https:\/\/alzira.es\/arranquen-les-obres-del-reten-de-la-policia-local-i-del-fontana-mogort\/"},"modified":"2021-04-28T06:58:59","modified_gmt":"2021-04-28T04:58:59","slug":"arranquen-les-obres-del-reten-de-la-policia-local-i-del-fontana-mogort","status":"publish","type":"post","link":"https:\/\/alzira.es\/es\/arranquen-les-obres-del-reten-de-la-policia-local-i-del-fontana-mogort\/","title":{"rendered":"Arrancan las obras del ret\u00e9n de la Polic\u00eda Local y del Fontana Mogort"},"content":{"rendered":"<h3><em>\u2022 Tambi\u00e9n empezar\u00e1 el proyecto de restauraci\u00f3n de la casa Bono de la plaza Constituci\u00f3n<\/em><\/h3>\n<p>La Junta de Gobierno Local, ha aprobado hoy el comienzo de las obras del nuevo ret\u00e9n de la Polic\u00eda Local al que se destinar\u00e1n 1.5 M\u20ac y la reparaci\u00f3n del techo del Fontana Mogort, al que se destinar\u00e1 1.3M\u20ac.<\/p>\n<p>Se trata de inversiones que ser\u00e1n posibles gracias al remanente de tesorer\u00eda acumulado a lo largo de los a\u00f1os y que a causa de la pandemia se podr\u00e1 gastar para reinvertir en la ciudad. <em>\u00abEste dinero disponible gracias a la gesti\u00f3n de este Ayuntamiento que hasta ahora no se pod\u00edan gastar, hemos podido destinarlos a proyectos esenciales para nuestra ciudad despu\u00e9s de los cambios a la Ley Montoro\u00bb<\/em>, ha explicado el alcalde de Alzira, <strong>Diego G\u00f3mez<\/strong>.<\/p>\n<p>En los dos casos las obras se iniciar\u00e1n en un par de meses, por eso el alcalde de Alzira ha destacado el esfuerzo de la administraci\u00f3n municipal porque se inicie el proceso de contrataci\u00f3n en solo un mes.<\/p>\n<p><strong>Ret\u00e9n polic\u00eda Local<\/strong><br \/>Con esta nueva fase, se inicia el expediente ordinario de contrataci\u00f3n de las obras del edificio de la Polic\u00eda Local en el avenida Padre Pompilio Tortajada (fase VII) de Alzira, que ser\u00e1 adjudicado por procedimiento abierto. Se aprueba el Pliego de Prescripciones T\u00e9cnicas y el Pliego de Cl\u00e1usulas Administrativas, as\u00ed como lo gasto de 1.493.241,94 euros.<\/p>\n<p><strong>Fontana Mogort<\/strong><br \/>En este caso tambi\u00e9n se inicia la contrataci\u00f3n de las obras de rehabilitaci\u00f3n estructural en el Pabell\u00f3n Fontana Mogort, que ser\u00e1 adjudicado por procedimiento abierto y as\u00ed mismo se aprueban los pliegos y lo gasto de 1.300.000 euros.<\/p>\n<p><strong>Casa Bono<\/strong><br \/>Tambi\u00e9n hoy se ha aprobado en la JGL, la adjudicaci\u00f3n de la redacci\u00f3n del proyecto de restauraci\u00f3n de la conocida como Casa Bono, ubicada en la Plaza Constituci\u00f3n. Esta intervenci\u00f3n est\u00e1 enmarcada en la apuesta para recuperar el patrimonio alcire\u00f1o, en este caso, una de las casas modernistas m\u00e1s emblem\u00e1ticas de esta zona. En este caso, el Ayuntamiento de Alzira act\u00faa de forma subsidiaria para recuperar este edificio a estas alturas en manos del SAREB.<\/p>\n<p><strong>INVERSIONES<\/strong><br \/>El pasado mas de febrero, el plenario del Ayuntamiento daba el pistoletazo de salida a la inversi\u00f3n de casi 5 millones de remanente para ejecutar varios proyectos esenciales para el equipo de gobierno, como el nuevo ret\u00e9n de la Polic\u00eda Local, la reparaci\u00f3n del techo del Fontana Mogort, o el Casal Joven, al que se destinar\u00e1n 100.000 \u20ac.<br \/>Con esta modificaci\u00f3n presupuestaria tambi\u00e9n se llevar\u00e1n a cabo otras actuaciones, para mejorar las infraestructuras.<\/p>\n<p style=\"text-align: center;\">&nbsp;<img fetchpriority=\"high\" decoding=\"async\" src=\"https:\/\/alzira.es\/wp-content\/uploads\/2021\/09\/WhatsApp_Image_2021-04-27_at_11.38.34_2.jpeg\" alt=\"WhatsApp Image 2021-04-27 at 11.38.34 2\" width=\"431\" height=\"498\" \/>&nbsp;<img decoding=\"async\" data-src=\"https:\/\/alzira.es\/wp-content\/uploads\/2021\/09\/WhatsApp_Image_2021-04-27_at_11.38.34_1.jpeg\" alt=\"WhatsApp Image 2021-04-27 at 11.38.34 1\" width=\"748\" height=\"498\" src=\"data:image\/svg+xml;base64,PHN2ZyB3aWR0aD0iMSIgaGVpZ2h0PSIxIiB4bWxucz0iaHR0cDovL3d3dy53My5vcmcvMjAwMC9zdmciPjwvc3ZnPg==\" class=\"lazyload\" style=\"--smush-placeholder-width: 748px; --smush-placeholder-aspect-ratio: 748\/498;\" \/><\/p>\n<p style=\"text-align: center;\"><img decoding=\"async\" data-src=\"https:\/\/alzira.es\/wp-content\/uploads\/2021\/09\/WhatsApp_Image_2021-04-27_at_11.38.34_4.jpeg\" alt=\"WhatsApp Image 2021-04-27 at 11.38.34 4\" width=\"537\" height=\"266\" src=\"data:image\/svg+xml;base64,PHN2ZyB3aWR0aD0iMSIgaGVpZ2h0PSIxIiB4bWxucz0iaHR0cDovL3d3dy53My5vcmcvMjAwMC9zdmciPjwvc3ZnPg==\" class=\"lazyload\" style=\"--smush-placeholder-width: 537px; --smush-placeholder-aspect-ratio: 537\/266;\" \/>&nbsp;<img decoding=\"async\" data-src=\"https:\/\/alzira.es\/wp-content\/uploads\/2021\/09\/WhatsApp_Image_2021-04-27_at_11.38.34_5.jpeg\" alt=\"WhatsApp Image 2021-04-27 at 11.38.34 5\" width=\"537\" height=\"264\" src=\"data:image\/svg+xml;base64,PHN2ZyB3aWR0aD0iMSIgaGVpZ2h0PSIxIiB4bWxucz0iaHR0cDovL3d3dy53My5vcmcvMjAwMC9zdmciPjwvc3ZnPg==\" class=\"lazyload\" style=\"--smush-placeholder-width: 537px; --smush-placeholder-aspect-ratio: 537\/264;\" \/><\/p>\n","protected":false},"excerpt":{"rendered":"<p>\u2022 Tambi\u00e9n empezar\u00e1 el proyecto de restauraci\u00f3n de la casa Bono de la plaza Constituci\u00f3n La Junta de Gobierno Local, ha aprobado hoy el comienzo de las obras del nuevo ret\u00e9n de la Polic\u00eda Local al que se destinar\u00e1n 1.5 M\u20ac y la reparaci\u00f3n del techo del Fontana Mogort, al que se destinar\u00e1 1.3M\u20ac. Se &hellip; <\/p>\n<p class=\"link-more\"><a href=\"https:\/\/alzira.es\/es\/arranquen-les-obres-del-reten-de-la-policia-local-i-del-fontana-mogort\/\" class=\"more-link\">Continuar leyendo<span class=\"screen-reader-text\"> \u00abArrancan las obras del ret\u00e9n de la Polic\u00eda Local y del Fontana Mogort\u00bb<\/span><\/a><\/p>\n","protected":false},"author":29,"featured_media":0,"comment_status":"closed","ping_status":"closed","sticky":false,"template":"","format":"standard","meta":{"_acf_changed":false,"footnotes":""},"categories":[4936],"tags":[],"class_list":["post-90182","post","type-post","status-publish","format-standard","hentry","category-hemeroteca-es"],"acf":[],"_links":{"self":[{"href":"https:\/\/alzira.es\/es\/wp-json\/wp\/v2\/posts\/90182","targetHints":{"allow":["GET"]}}],"collection":[{"href":"https:\/\/alzira.es\/es\/wp-json\/wp\/v2\/posts"}],"about":[{"href":"https:\/\/alzira.es\/es\/wp-json\/wp\/v2\/types\/post"}],"author":[{"embeddable":true,"href":"https:\/\/alzira.es\/es\/wp-json\/wp\/v2\/users\/29"}],"replies":[{"embeddable":true,"href":"https:\/\/alzira.es\/es\/wp-json\/wp\/v2\/comments?post=90182"}],"version-history":[{"count":0,"href":"https:\/\/alzira.es\/es\/wp-json\/wp\/v2\/posts\/90182\/revisions"}],"wp:attachment":[{"href":"https:\/\/alzira.es\/es\/wp-json\/wp\/v2\/media?parent=90182"}],"wp:term":[{"taxonomy":"category","embeddable":true,"href":"https:\/\/alzira.es\/es\/wp-json\/wp\/v2\/categories?post=90182"},{"taxonomy":"post_tag","embeddable":true,"href":"https:\/\/alzira.es\/es\/wp-json\/wp\/v2\/tags?post=90182"}],"curies":[{"name":"wp","href":"https:\/\/api.w.org\/{rel}","templated":true}]}}