{"id":90179,"date":"2021-04-23T12:52:41","date_gmt":"2021-04-23T10:52:41","guid":{"rendered":"https:\/\/alzira.es\/alzira-ja-te-el-seu-nou-insectari-municipal-per-a-la-lluita-contra-el-cotonet\/"},"modified":"2021-04-23T12:52:41","modified_gmt":"2021-04-23T10:52:41","slug":"alzira-ja-te-el-seu-nou-insectari-municipal-per-a-la-lluita-contra-el-cotonet","status":"publish","type":"post","link":"https:\/\/alzira.es\/es\/alzira-ja-te-el-seu-nou-insectari-municipal-per-a-la-lluita-contra-el-cotonet\/","title":{"rendered":"Alzira ya tiene su nuevo insectario Municipal para la lucha contra el cotonet"},"content":{"rendered":"<h3><em>\u2022 La nueva instalaci\u00f3n duplica el espacio disponible<\/em><\/h3>\n<p>Ya est\u00e1 en funcionamiento el <strong>nuevo Insectario Municipal<\/strong> en la parte posterior del mercado de Alcances. Con estas nuevas instalaciones se consigue duplicar el espacio, que supera los 120 m\u00b2 y la producci\u00f3n de Cryptolaemus para la lucha biol\u00f3gica contra el cotonet.<\/p>\n<p>El <strong>Cryptolaemus spp<\/strong>, que se produce en el Insectario Municipal de Alzira, es un depredador de la plaga del Cotonet, que afecta los c\u00edtricos. En esta iniciativa trabajan conjuntamente la Concejal\u00eda de Agricultura y Medio Ambiente, la Cooperativa Agr\u00edcola Alzicoop y el Servicio de Sanidad Vegetal de la Conseller\u00eda de Agricultura, Medio Ambiente, Cambio Clim\u00e1tico y Desarrollo Rural.<\/p>\n<p><em>\u00abAunque el objetivo del gobierno local es convertirlo en \u00abcomarcal\u00bb<\/em>, <em>en esta primera fase solo se dar\u00e1 servicio al t\u00e9rmino municipal de Alzira\u00bb<\/em>, asegura el regidor de Medio Ambiente, <strong>Pep Carreres<\/strong>.<br \/>Hay que destacar la importancia de hacer tratamientos no solo a nivel locales sino comarcal, puesto que en los casos de plaga el desplazamiento de la misma a zonas pr\u00f3ximas es habitual. En este sentido la colaboraci\u00f3n con la Mancomunidad es esencial para el \u00e9xito de la lucha biol\u00f3gica.<\/p>\n<p>La pasada semana la Generalitat aport\u00f3 el *cotonet, que los t\u00e9cnicos del insectario han pasado a plantas de *creilla durante 28 d\u00edas para la posterior inoculaci\u00f3n de *Cryptolaemus en el *cotonet durante 35 d\u00edas. Una vez acabado este procedimiento se repartir\u00e1n a los productores agr\u00edcolas entre el mes de junio y septiembre para alcanzar 2500 fanegadas. Cuando esos insectos se hayan reproducido en las tierras se espera poder dar respuesta en mitad del t\u00e9rmino.<\/p>\n<p>En breve se iniciar\u00e1 el plazo de inscripci\u00f3n para solicitar ejemplares de *Cryptolemus desde el Insectario municipal, de la cual cosa se dar\u00e1 debida informaci\u00f3n. De este reparto se podr\u00e1n beneficiar, hasta la finalizaci\u00f3n de los ejemplares existentes, las personas propietarias de parcelas agr\u00edcolas en explotaci\u00f3n en el t\u00e9rmino municipal de Alzira.<\/p>\n<p><em>\u00abEn relaci\u00f3n a lucha biol\u00f3gica para el control de plagas, desde el ayuntamiento tambi\u00e9n estudiamos dar respuesta, mediante el insectario a otras problem\u00e1ticas como las que estudiaremos a la c\u00e1tedra que tenemos con la Universidad Polit\u00e8cnica para avanzar en la lucha biol\u00f3gica para el sector del kaki\u00bb<\/em> ha anunciado el alcalde.<\/p>\n<p><strong>Insectario Alzira<\/strong><\/p>\n<p>En febrero de 2017 se pon\u00eda en marcha el insectario municipal para la gesti\u00f3n integrada de plagas en el \u00e1mbito local, y en concreto el tratamiento del<em> \u00abcotonet\u00bb<\/em> que afecta los c\u00edtricos. Este fue un compromiso adquirido por el regidor responsable,<strong> Pep Carreres<\/strong>, a petici\u00f3n del Consejo Municipal Agrario, que considera imprescindible esta infraestructura y m\u00e1s cuando, desde el mismo Ministerio de Agricultura, se apuesta por esta gesti\u00f3n.<\/p>\n<p style=\"text-align: center;\"><img fetchpriority=\"high\" decoding=\"async\" src=\"https:\/\/alzira.es\/wp-content\/uploads\/2021\/09\/image00009.ok.jpg\" alt=\"image00009.ok\" width=\"500\" height=\"375\" \/>&nbsp;<img decoding=\"async\" data-src=\"https:\/\/alzira.es\/wp-content\/uploads\/2021\/09\/image00008.ok.jpg\" alt=\"image00008.ok\" width=\"500\" height=\"375\" src=\"data:image\/svg+xml;base64,PHN2ZyB3aWR0aD0iMSIgaGVpZ2h0PSIxIiB4bWxucz0iaHR0cDovL3d3dy53My5vcmcvMjAwMC9zdmciPjwvc3ZnPg==\" class=\"lazyload\" style=\"--smush-placeholder-width: 500px; --smush-placeholder-aspect-ratio: 500\/375;\" \/><\/p>\n<p style=\"text-align: center;\"><img decoding=\"async\" data-src=\"https:\/\/alzira.es\/wp-content\/uploads\/2021\/09\/image00006.ok.jpg\" alt=\"image00006.ok\" width=\"500\" height=\"375\" src=\"data:image\/svg+xml;base64,PHN2ZyB3aWR0aD0iMSIgaGVpZ2h0PSIxIiB4bWxucz0iaHR0cDovL3d3dy53My5vcmcvMjAwMC9zdmciPjwvc3ZnPg==\" class=\"lazyload\" style=\"--smush-placeholder-width: 500px; --smush-placeholder-aspect-ratio: 500\/375;\" \/>&nbsp;<img decoding=\"async\" data-src=\"https:\/\/alzira.es\/wp-content\/uploads\/2021\/09\/image00005.ok.jpg\" alt=\"image00005.ok\" width=\"500\" height=\"375\" src=\"data:image\/svg+xml;base64,PHN2ZyB3aWR0aD0iMSIgaGVpZ2h0PSIxIiB4bWxucz0iaHR0cDovL3d3dy53My5vcmcvMjAwMC9zdmciPjwvc3ZnPg==\" class=\"lazyload\" style=\"--smush-placeholder-width: 500px; --smush-placeholder-aspect-ratio: 500\/375;\" \/><\/p>\n","protected":false},"excerpt":{"rendered":"<p>\u2022 La nueva instalaci\u00f3n duplica el espacio disponible Ya est\u00e1 en funcionamiento el nuevo Insectario Municipal en la parte posterior del mercado de Alcances. Con estas nuevas instalaciones se consigue duplicar el espacio, que supera los 120 m\u00b2 y la producci\u00f3n de Cryptolaemus para la lucha biol\u00f3gica contra el cotonet. El Cryptolaemus spp, que se &hellip; <\/p>\n<p class=\"link-more\"><a href=\"https:\/\/alzira.es\/es\/alzira-ja-te-el-seu-nou-insectari-municipal-per-a-la-lluita-contra-el-cotonet\/\" class=\"more-link\">Continuar leyendo<span class=\"screen-reader-text\"> \u00abAlzira ya tiene su nuevo insectario Municipal para la lucha contra el cotonet\u00bb<\/span><\/a><\/p>\n","protected":false},"author":29,"featured_media":0,"comment_status":"closed","ping_status":"closed","sticky":false,"template":"","format":"standard","meta":{"_acf_changed":false,"footnotes":""},"categories":[4936],"tags":[],"class_list":["post-90179","post","type-post","status-publish","format-standard","hentry","category-hemeroteca-es"],"acf":[],"_links":{"self":[{"href":"https:\/\/alzira.es\/es\/wp-json\/wp\/v2\/posts\/90179","targetHints":{"allow":["GET"]}}],"collection":[{"href":"https:\/\/alzira.es\/es\/wp-json\/wp\/v2\/posts"}],"about":[{"href":"https:\/\/alzira.es\/es\/wp-json\/wp\/v2\/types\/post"}],"author":[{"embeddable":true,"href":"https:\/\/alzira.es\/es\/wp-json\/wp\/v2\/users\/29"}],"replies":[{"embeddable":true,"href":"https:\/\/alzira.es\/es\/wp-json\/wp\/v2\/comments?post=90179"}],"version-history":[{"count":0,"href":"https:\/\/alzira.es\/es\/wp-json\/wp\/v2\/posts\/90179\/revisions"}],"wp:attachment":[{"href":"https:\/\/alzira.es\/es\/wp-json\/wp\/v2\/media?parent=90179"}],"wp:term":[{"taxonomy":"category","embeddable":true,"href":"https:\/\/alzira.es\/es\/wp-json\/wp\/v2\/categories?post=90179"},{"taxonomy":"post_tag","embeddable":true,"href":"https:\/\/alzira.es\/es\/wp-json\/wp\/v2\/tags?post=90179"}],"curies":[{"name":"wp","href":"https:\/\/api.w.org\/{rel}","templated":true}]}}