{"id":90178,"date":"2021-04-23T10:20:36","date_gmt":"2021-04-23T08:20:36","guid":{"rendered":"https:\/\/alzira.es\/comenca-el-proces-participatiu-per-a-definir-el-pla-de-cooperacio-de-l-ajuntament-d-alzira\/"},"modified":"2021-04-23T10:20:36","modified_gmt":"2021-04-23T08:20:36","slug":"comenca-el-proces-participatiu-per-a-definir-el-pla-de-cooperacio-de-l-ajuntament-d-alzira","status":"publish","type":"post","link":"https:\/\/alzira.es\/es\/comenca-el-proces-participatiu-per-a-definir-el-pla-de-cooperacio-de-l-ajuntament-d-alzira\/","title":{"rendered":"Empieza el proceso participativo para definir el Plan de Cooperaci\u00f3n del Ayuntamiento de Alzira"},"content":{"rendered":"<p>En el d\u00eda de ayer tuvo lugar en la <strong>Casa de la Cultura<\/strong> la<strong> primera jornada<\/strong> de participaci\u00f3n para definir las l\u00edneas estrat\u00e9gicas que tienen que guiar el <strong>Plan de Cooperaci\u00f3n del Ayuntamiento<\/strong>.<\/p>\n<p>En la sesi\u00f3n participaron un total de 15 entidades del municipio, entre las cuales se encuentran: Cruz Roja, Manos Unidas, CEPAIM, Asociaci\u00f3n Medio Ambiente, Biblioteca Solidaria Misionera, Norte Perdido, La Vicu\u00f1a, Pau y Solidaridad, Escuelas Solidarias o La Ribera en Bici-Ecologistas, as\u00ed como otras personas a t\u00edtulo individual y t\u00e9cnicas del Ayuntamiento del \u00e1rea de Servicios Sociales e Igualdad.<\/p>\n<p>En el acto participaron tambi\u00e9n la Regidora de Modernizaci\u00f3n, Cooperaci\u00f3n y Juventud, <strong>Let\u00edcia Piquer<\/strong> y el alcalde de Alzira,<strong> Diego G\u00f3mez<\/strong>, quien destac\u00f3 la importancia de incluir a la sociedad civil en la formulaci\u00f3n de pol\u00edticas p\u00fablicas y la apuesta decidida del consistorio por la cooperaci\u00f3n tanto dentro del municipio, como nivel internacional. Por otro lado, la regidora subray\u00f3 que<em> \u00abla cooperaci\u00f3n no se limita a ayudar a personas que est\u00e1n necesitadas, sino que tambi\u00e9n es necesaria la concienciaci\u00f3n y el fomento de la educaci\u00f3n en nuestra propia sociedad\u00bb.<\/em><\/p>\n<p><em>\u00abAlzira cuenta con un tejido asociativo muy potente y queremos que sean parte de la acci\u00f3n del gobierno. Con este proceso participativo las entidades y el Ayuntamiento consensuamos las acciones que llevaremos a cabo los pr\u00f3ximos a\u00f1os\u00bb<\/em>, afirma el alcalde. <em>\u00abAdem\u00e1s, a\u00f1ade, las entidades y el gobierno municipal tenemos que trabajar codo a codo, as\u00ed mejoraremos\u00bb.<\/em><\/p>\n<p>En la sesi\u00f3n de ayer se realiz\u00f3 un mapa de actores que trabajan a Alzira en el \u00e1mbito de la cooperaci\u00f3n y remarcando la potencia asociativa que existe en el municipio y se propusieron otros agentes que pueden sumarse a la elaboraci\u00f3n de este plan estrat\u00e9gico. En total se realizar\u00e1n tres talleres y sus resultados empezar\u00e1n a implementarse a partir del verano.<\/p>\n<p>El Ayuntamiento agradece a las entidades la respuesta a la convocatoria y se compromete a llevar adelante las propuestas que llegan a consenso.<\/p>\n<p style=\"text-align: center;\"><img fetchpriority=\"high\" decoding=\"async\" src=\"https:\/\/alzira.es\/wp-content\/uploads\/2021\/09\/cooper_taller_1.ok.jpg\" alt=\"cooper taller 1.ok\" width=\"1112\" height=\"845\" \/><\/p>\n","protected":false},"excerpt":{"rendered":"<p>En el d\u00eda de ayer tuvo lugar en la Casa de la Cultura la primera jornada de participaci\u00f3n para definir las l\u00edneas estrat\u00e9gicas que tienen que guiar el Plan de Cooperaci\u00f3n del Ayuntamiento. En la sesi\u00f3n participaron un total de 15 entidades del municipio, entre las cuales se encuentran: Cruz Roja, Manos Unidas, CEPAIM, Asociaci\u00f3n &hellip; <\/p>\n<p class=\"link-more\"><a href=\"https:\/\/alzira.es\/es\/comenca-el-proces-participatiu-per-a-definir-el-pla-de-cooperacio-de-l-ajuntament-d-alzira\/\" class=\"more-link\">Continuar leyendo<span class=\"screen-reader-text\"> \u00abEmpieza el proceso participativo para definir el Plan de Cooperaci\u00f3n del Ayuntamiento de Alzira\u00bb<\/span><\/a><\/p>\n","protected":false},"author":29,"featured_media":0,"comment_status":"closed","ping_status":"closed","sticky":false,"template":"","format":"standard","meta":{"_acf_changed":false,"footnotes":""},"categories":[4936],"tags":[],"class_list":["post-90178","post","type-post","status-publish","format-standard","hentry","category-hemeroteca-es"],"acf":[],"_links":{"self":[{"href":"https:\/\/alzira.es\/es\/wp-json\/wp\/v2\/posts\/90178","targetHints":{"allow":["GET"]}}],"collection":[{"href":"https:\/\/alzira.es\/es\/wp-json\/wp\/v2\/posts"}],"about":[{"href":"https:\/\/alzira.es\/es\/wp-json\/wp\/v2\/types\/post"}],"author":[{"embeddable":true,"href":"https:\/\/alzira.es\/es\/wp-json\/wp\/v2\/users\/29"}],"replies":[{"embeddable":true,"href":"https:\/\/alzira.es\/es\/wp-json\/wp\/v2\/comments?post=90178"}],"version-history":[{"count":0,"href":"https:\/\/alzira.es\/es\/wp-json\/wp\/v2\/posts\/90178\/revisions"}],"wp:attachment":[{"href":"https:\/\/alzira.es\/es\/wp-json\/wp\/v2\/media?parent=90178"}],"wp:term":[{"taxonomy":"category","embeddable":true,"href":"https:\/\/alzira.es\/es\/wp-json\/wp\/v2\/categories?post=90178"},{"taxonomy":"post_tag","embeddable":true,"href":"https:\/\/alzira.es\/es\/wp-json\/wp\/v2\/tags?post=90178"}],"curies":[{"name":"wp","href":"https:\/\/api.w.org\/{rel}","templated":true}]}}