{"id":90177,"date":"2021-04-23T10:13:19","date_gmt":"2021-04-23T08:13:19","guid":{"rendered":"https:\/\/alzira.es\/activa-t-amb-el-padel-proposta-esportiva-dirigida-als-alumnes-de-tercer-de-primaria\/"},"modified":"2021-04-23T10:13:19","modified_gmt":"2021-04-23T08:13:19","slug":"activa-t-amb-el-padel-proposta-esportiva-dirigida-als-alumnes-de-tercer-de-primaria","status":"publish","type":"post","link":"https:\/\/alzira.es\/es\/activa-t-amb-el-padel-proposta-esportiva-dirigida-als-alumnes-de-tercer-de-primaria\/","title":{"rendered":"Act\u00edvate con el p\u00e1del propuesta deportiva dirigida a los alumnos de tercero de primaria"},"content":{"rendered":"<p>Combatir el sedentarismo provocado por la pandemia de la COVID-19, ese es el objetivo que persigue la Concejal\u00eda de Deporte con <strong>\u00abAct\u00edvate con el p\u00e1del\u00bb<\/strong>.<\/p>\n<p>Esta <strong>propuesta<\/strong> est\u00e1 <strong>dirigida a los alumnos de tercero de primaria<\/strong> de los centros educativos de la ciudad de Alzira. Se desarrollar\u00e1 <strong>del 3 hasta el 31 de mayo<\/strong>, con una sesi\u00f3n semanal de introducci\u00f3n al p\u00e1del que incluir\u00e1 varias actividades en las instalaciones municipales del Camp de Deportes de Venecia.<\/p>\n<p><span style=\"text-decoration: underline;\">El horario<\/span> de la propuesta deportiva ser\u00e1 de <strong>lunes a viernes entre las 9 y las 13 horas<\/strong>, <em>\u00abcuatro horas donde los participantes recibir\u00e1n una bienvenida; introducci\u00f3n a la pr\u00e1ctica de esta modalidad deportiva; circuitos recreativos; tiempo para almorzar; juegos espec\u00edficos en torno al p\u00e1del adaptados para cada nivel, adem\u00e1s de tiempo para dibujar\u00bb<\/em> ha manifestado el regidor encargado del \u00e1rea deportiva,<strong> Fernando Pascual<\/strong>.<\/p>\n<p>La actividad es <strong>totalmente gratuita<\/strong> y contar\u00e1 con el apoyo de cuatro profesores y profesoras especializados en la pr\u00e1ctica del deporte a realizar, adem\u00e1s de un coordinador de actividades. Los centros educativos <span style=\"text-decoration: underline;\">interesados al participar<\/span> de la actividad deben de <span style=\"text-decoration: underline;\">telefonear al Departamento de Deportes<\/span>, <strong>96 312 83 04<\/strong> \u2013 <strong>667 910 584<\/strong><\/p>\n<p>La idea, en un futuro, es realizar esta actividad con otras modalidades deportivas y dirigida a todos los niveles acad\u00e9micos para propiciar la actividad f\u00edsica de una manera din\u00e1mica, divertida, y con un ambiente propicio para descubrir los m\u00faltiples beneficios saludables que nos aporta realizado cualquier actividad deportiva.<\/p>\n<p style=\"text-align: center;\"><img fetchpriority=\"high\" decoding=\"async\" src=\"https:\/\/alzira.es\/wp-content\/uploads\/2021\/09\/p\u00e0del.jpg\" alt=\"p\u00e0del\" width=\"800\" height=\"800\" \/><\/p>\n","protected":false},"excerpt":{"rendered":"<p>Combatir el sedentarismo provocado por la pandemia de la COVID-19, ese es el objetivo que persigue la Concejal\u00eda de Deporte con \u00abAct\u00edvate con el p\u00e1del\u00bb. Esta propuesta est\u00e1 dirigida a los alumnos de tercero de primaria de los centros educativos de la ciudad de Alzira. Se desarrollar\u00e1 del 3 hasta el 31 de mayo, con &hellip; <\/p>\n<p class=\"link-more\"><a href=\"https:\/\/alzira.es\/es\/activa-t-amb-el-padel-proposta-esportiva-dirigida-als-alumnes-de-tercer-de-primaria\/\" class=\"more-link\">Continuar leyendo<span class=\"screen-reader-text\"> \u00abAct\u00edvate con el p\u00e1del propuesta deportiva dirigida a los alumnos de tercero de primaria\u00bb<\/span><\/a><\/p>\n","protected":false},"author":29,"featured_media":0,"comment_status":"closed","ping_status":"closed","sticky":false,"template":"","format":"standard","meta":{"_acf_changed":false,"footnotes":""},"categories":[4936],"tags":[],"class_list":["post-90177","post","type-post","status-publish","format-standard","hentry","category-hemeroteca-es"],"acf":[],"_links":{"self":[{"href":"https:\/\/alzira.es\/es\/wp-json\/wp\/v2\/posts\/90177","targetHints":{"allow":["GET"]}}],"collection":[{"href":"https:\/\/alzira.es\/es\/wp-json\/wp\/v2\/posts"}],"about":[{"href":"https:\/\/alzira.es\/es\/wp-json\/wp\/v2\/types\/post"}],"author":[{"embeddable":true,"href":"https:\/\/alzira.es\/es\/wp-json\/wp\/v2\/users\/29"}],"replies":[{"embeddable":true,"href":"https:\/\/alzira.es\/es\/wp-json\/wp\/v2\/comments?post=90177"}],"version-history":[{"count":0,"href":"https:\/\/alzira.es\/es\/wp-json\/wp\/v2\/posts\/90177\/revisions"}],"wp:attachment":[{"href":"https:\/\/alzira.es\/es\/wp-json\/wp\/v2\/media?parent=90177"}],"wp:term":[{"taxonomy":"category","embeddable":true,"href":"https:\/\/alzira.es\/es\/wp-json\/wp\/v2\/categories?post=90177"},{"taxonomy":"post_tag","embeddable":true,"href":"https:\/\/alzira.es\/es\/wp-json\/wp\/v2\/tags?post=90177"}],"curies":[{"name":"wp","href":"https:\/\/api.w.org\/{rel}","templated":true}]}}