{"id":90174,"date":"2021-04-22T10:48:54","date_gmt":"2021-04-22T08:48:54","guid":{"rendered":"https:\/\/alzira.es\/alzira-es-mante-per-baix-de-30-casos-cada-100-000-habitants\/"},"modified":"2021-04-22T10:48:54","modified_gmt":"2021-04-22T08:48:54","slug":"alzira-es-mante-per-baix-de-30-casos-cada-100-000-habitants","status":"publish","type":"post","link":"https:\/\/alzira.es\/es\/alzira-es-mante-per-baix-de-30-casos-cada-100-000-habitants\/","title":{"rendered":"Alzira se mantiene por bajo de 30 casos cada 100.000 habitantes"},"content":{"rendered":"<p><strong>ACTUALIZACI\u00d3N DATOS COVID<\/strong><\/p>\n<p><strong>En los \u00faltimos 7 d\u00edas<\/strong>,<strong> en Alzira tenemos 28 casos por cada 100.000 habitantes<\/strong>.<strong> En total tenemos 13 casos activos<\/strong>, en los \u00faltimos tres d\u00edas, hay 2 casos nuevos.<br \/>Continuamos con una incidencia relativamente baja, pero hay que seguir pendientes de la evoluci\u00f3n de las cifras la pr\u00f3xima semana y continuar con el esfuerzo para poder mantenernos en esta baja incidencia\u00bb<\/p>\n<p>Deseamos que todas las personas que sufren la enfermedad se recuperen pronto y puedan volver a la normalidad.<br \/>Agradecemos en toda la poblaci\u00f3n el esfuerzo por el cumplimiento de las medidas vigentes.<\/p>\n<p>En relaci\u00f3n a la vacunaci\u00f3n desde el departamento de Salud de la Ribera, se cita a las personas mediante su tel\u00e9fono de contacto, indicando la fecha y hora de vacunaci\u00f3n. Recordamos que es muy importante que esos datos est\u00e9n actualizados en el sistema SIP. Para poder verificar que son correctos hay que acceder <span style=\"color: #b22222;\"><strong><a href=\"https:\/\/www.gva.es\/es\/inicio\/procedimientos?id_proc=21130...\" target=\"_blank\" rel=\"noopener\"><span style=\"color: #b22222;\">aqui<\/span><\/a><\/strong><\/span>.<br \/><strong>Dudas sobre la vacunaci\u00f3n 900 300 555<\/strong>.<\/p>\n<p style=\"text-align: center;\"><img fetchpriority=\"high\" decoding=\"async\" src=\"https:\/\/alzira.es\/wp-content\/uploads\/2021\/09\/covid_rrss.jpg\" alt=\"covid rrss\" width=\"908\" height=\"908\" \/><\/p>\n","protected":false},"excerpt":{"rendered":"<p>ACTUALIZACI\u00d3N DATOS COVID En los \u00faltimos 7 d\u00edas, en Alzira tenemos 28 casos por cada 100.000 habitantes. En total tenemos 13 casos activos, en los \u00faltimos tres d\u00edas, hay 2 casos nuevos.Continuamos con una incidencia relativamente baja, pero hay que seguir pendientes de la evoluci\u00f3n de las cifras la pr\u00f3xima semana y continuar con el &hellip; <\/p>\n<p class=\"link-more\"><a href=\"https:\/\/alzira.es\/es\/alzira-es-mante-per-baix-de-30-casos-cada-100-000-habitants\/\" class=\"more-link\">Continuar leyendo<span class=\"screen-reader-text\"> \u00abAlzira se mantiene por bajo de 30 casos cada 100.000 habitantes\u00bb<\/span><\/a><\/p>\n","protected":false},"author":29,"featured_media":0,"comment_status":"closed","ping_status":"closed","sticky":false,"template":"","format":"standard","meta":{"_acf_changed":false,"footnotes":""},"categories":[4936],"tags":[],"class_list":["post-90174","post","type-post","status-publish","format-standard","hentry","category-hemeroteca-es"],"acf":[],"_links":{"self":[{"href":"https:\/\/alzira.es\/es\/wp-json\/wp\/v2\/posts\/90174","targetHints":{"allow":["GET"]}}],"collection":[{"href":"https:\/\/alzira.es\/es\/wp-json\/wp\/v2\/posts"}],"about":[{"href":"https:\/\/alzira.es\/es\/wp-json\/wp\/v2\/types\/post"}],"author":[{"embeddable":true,"href":"https:\/\/alzira.es\/es\/wp-json\/wp\/v2\/users\/29"}],"replies":[{"embeddable":true,"href":"https:\/\/alzira.es\/es\/wp-json\/wp\/v2\/comments?post=90174"}],"version-history":[{"count":0,"href":"https:\/\/alzira.es\/es\/wp-json\/wp\/v2\/posts\/90174\/revisions"}],"wp:attachment":[{"href":"https:\/\/alzira.es\/es\/wp-json\/wp\/v2\/media?parent=90174"}],"wp:term":[{"taxonomy":"category","embeddable":true,"href":"https:\/\/alzira.es\/es\/wp-json\/wp\/v2\/categories?post=90174"},{"taxonomy":"post_tag","embeddable":true,"href":"https:\/\/alzira.es\/es\/wp-json\/wp\/v2\/tags?post=90174"}],"curies":[{"name":"wp","href":"https:\/\/api.w.org\/{rel}","templated":true}]}}