{"id":90173,"date":"2021-04-22T07:57:21","date_gmt":"2021-04-22T05:57:21","guid":{"rendered":"https:\/\/alzira.es\/la-regidoria-de-cultura-ha-lliurat-els-premis-del-concurs-la-fallera-de-la-casa-de-la-cultura\/"},"modified":"2021-04-22T07:57:21","modified_gmt":"2021-04-22T05:57:21","slug":"la-regidoria-de-cultura-ha-lliurat-els-premis-del-concurs-la-fallera-de-la-casa-de-la-cultura","status":"publish","type":"post","link":"https:\/\/alzira.es\/es\/la-regidoria-de-cultura-ha-lliurat-els-premis-del-concurs-la-fallera-de-la-casa-de-la-cultura\/","title":{"rendered":"La Concejal\u00eda de Cultura ha librado los premios del concurso La fallera de la Casa de la Cultura"},"content":{"rendered":"<h3><em>\u2022 La exposici\u00f3n de las obras presentadas se podr\u00e1 visitar hasta el 8 de mayo<\/em><\/h3>\n<p>Ayer por la tarde tuvo lugar el acto de entrega de premios del Concurso de pintura y la inauguraci\u00f3n de la exposici\u00f3n de los dibujos que estar\u00e1 ubicada en la Casa de la Cultura.<\/p>\n<p>La Concejal\u00eda de Cultura en colaboraci\u00f3n con la Concejal\u00eda de Educaci\u00f3n e Infancia han librado los <strong>21 premios<\/strong> otorgados en este concurso que ten\u00eda como <strong>objetivo decorar la figura fallera que ocupaba la entrada de la Casa de la Cultura<\/strong>.<\/p>\n<p>Se han presentado <strong>840 dibujos<\/strong> realizados por <strong>alumnos de 1.\u00ba a 6.\u00ba de primaria<\/strong>, de Educaci\u00f3n Especial y de participaci\u00f3n libre. Los estudiantes han pintado el dibujo de la figura de la fallera de dos metros, dise\u00f1ada y fabricada por David Boluda, que ser\u00e1 pintada por el alumnado y por el profesorado de la Escuela Municipal de Artes Pl\u00e1sticas.<\/p>\n<p>El jurado formado por <strong>Alfred Aranda<\/strong>, Regidor de Cultura, <strong>Elisa Torremocha<\/strong>, directora de la Casa de la Cultura y Lambert Penalba, director del EMAP han librado un diploma a todos los galardonados. Los ganadores de los ocho premios han recibido una figurita de la fallera, pinturas y un libro; los finalistas, material de dibujo y un libro.<br \/>Tambi\u00e9n han otorgado una menci\u00f3n especial al dibujo de una fallera que rinde un homenaje al personal sanitario y un premio para el nombre de la figura de la fallera, elegido por sorteo, que es Amparito.<\/p>\n<p><span style=\"text-decoration: underline;\"><strong>Primeros premios<\/strong><\/span>:<\/p>\n<p>1.\u00ba curso: <strong>Ainhoa Hern\u00e1ndez Boluda<\/strong> (La Pur\u00edsima), 2.\u00ba <strong>Andreu Palomares Gim\u00e9nez<\/strong> (Federico Garc\u00eda Sanchiz), 3.\u00ba <strong>Anna Valera Maruenda<\/strong> (Tirant lo Blanc), 4.\u00ba <strong>Leire Ferris Candel<\/strong> (Federico Garc\u00eda Sanchiz), 5.\u00ba <strong>Lidia Requena Blasco<\/strong> (Alborx\u00ed), 6.\u00ba <strong>Carlos Soares Exp\u00f3sito<\/strong> (La Pur\u00edsima), <strong>Andrei Gognza<\/strong> (CPCEE Carmen Pic\u00f3), <strong>Martina B\u00e0guena Valero<\/strong> (participaci\u00f3n libre), <strong>Zoila Montalv\u00e0 Boluda<\/strong> (menci\u00f3n especial) y <strong>Amparo<\/strong> (por el nombre de la fallera CC).<\/p>\n<p>Al acto de entrega han asistido, entre otras el alcalde de Alzira, <strong>Diego G\u00f3mez<\/strong>, el Regidor de Cultura, <strong>Alfred Aranda<\/strong>, la Regidora de Educaci\u00f3n e Infancia <strong>Maria Calvo<\/strong>, el regidor de Fiestas,<strong> Xavi P\u00e9rez<\/strong>, <strong>Leti Piquer<\/strong>, regidores de Juventud y representantes de los centros educativos.<\/p>\n<p><strong>La exposici\u00f3n<\/strong> estar\u00e1 abierta <strong>hasta<\/strong> el d\u00eda <strong>8 de mayo<\/strong>. Hay que destacar la calidad de las obras as\u00ed como la variedad de las t\u00e9cnicas decorativas empleadas.<\/p>\n<p>El Regidor de Cultura <strong>Alfred Aranda<\/strong> ha manifestado su agradecimiento en los centros educativos para participar en este concurso que ha demostrado la creatividad de los ni\u00f1os y las ni\u00f1as y tambi\u00e9n su aprecio por la fiesta fallera tan viva y arraigada en nuestra ciudad.<\/p>\n<p>Con esta actividad, que aglutina participaci\u00f3n y creatividad, hemos querido mostrar nuestra solidaridad con los oficios relacionados con las fallas y que est\u00e1n afectados por la crisis sanitaria.<\/p>\n<p style=\"text-align: center;\"><img fetchpriority=\"high\" decoding=\"async\" src=\"https:\/\/alzira.es\/wp-content\/uploads\/2021\/09\/premi_fallera_C_cultura.ok.jpg\" alt=\"premi fallera C cultura.ok\" width=\"800\" height=\"600\" \/><\/p>\n<p style=\"text-align: center;\"><img decoding=\"async\" data-src=\"https:\/\/alzira.es\/wp-content\/uploads\/2021\/09\/premi_fallera_casa_cultura_1.ok.jpg\" alt=\"premi fallera casa cultura 1.ok\" width=\"651\" height=\"489\" src=\"data:image\/svg+xml;base64,PHN2ZyB3aWR0aD0iMSIgaGVpZ2h0PSIxIiB4bWxucz0iaHR0cDovL3d3dy53My5vcmcvMjAwMC9zdmciPjwvc3ZnPg==\" class=\"lazyload\" style=\"--smush-placeholder-width: 651px; --smush-placeholder-aspect-ratio: 651\/489;\" \/>&nbsp;<img decoding=\"async\" data-src=\"https:\/\/alzira.es\/wp-content\/uploads\/2021\/09\/premi_fallera_casa_cultura_2.ok.jpg\" alt=\"premi fallera casa cultura 2.ok\" width=\"652\" height=\"489\" src=\"data:image\/svg+xml;base64,PHN2ZyB3aWR0aD0iMSIgaGVpZ2h0PSIxIiB4bWxucz0iaHR0cDovL3d3dy53My5vcmcvMjAwMC9zdmciPjwvc3ZnPg==\" class=\"lazyload\" style=\"--smush-placeholder-width: 652px; --smush-placeholder-aspect-ratio: 652\/489;\" \/><\/p>\n","protected":false},"excerpt":{"rendered":"<p>\u2022 La exposici\u00f3n de las obras presentadas se podr\u00e1 visitar hasta el 8 de mayo Ayer por la tarde tuvo lugar el acto de entrega de premios del Concurso de pintura y la inauguraci\u00f3n de la exposici\u00f3n de los dibujos que estar\u00e1 ubicada en la Casa de la Cultura. La Concejal\u00eda de Cultura en colaboraci\u00f3n &hellip; <\/p>\n<p class=\"link-more\"><a href=\"https:\/\/alzira.es\/es\/la-regidoria-de-cultura-ha-lliurat-els-premis-del-concurs-la-fallera-de-la-casa-de-la-cultura\/\" class=\"more-link\">Continuar leyendo<span class=\"screen-reader-text\"> \u00abLa Concejal\u00eda de Cultura ha librado los premios del concurso La fallera de la Casa de la Cultura\u00bb<\/span><\/a><\/p>\n","protected":false},"author":29,"featured_media":0,"comment_status":"closed","ping_status":"closed","sticky":false,"template":"","format":"standard","meta":{"_acf_changed":false,"footnotes":""},"categories":[4936],"tags":[],"class_list":["post-90173","post","type-post","status-publish","format-standard","hentry","category-hemeroteca-es"],"acf":[],"_links":{"self":[{"href":"https:\/\/alzira.es\/es\/wp-json\/wp\/v2\/posts\/90173","targetHints":{"allow":["GET"]}}],"collection":[{"href":"https:\/\/alzira.es\/es\/wp-json\/wp\/v2\/posts"}],"about":[{"href":"https:\/\/alzira.es\/es\/wp-json\/wp\/v2\/types\/post"}],"author":[{"embeddable":true,"href":"https:\/\/alzira.es\/es\/wp-json\/wp\/v2\/users\/29"}],"replies":[{"embeddable":true,"href":"https:\/\/alzira.es\/es\/wp-json\/wp\/v2\/comments?post=90173"}],"version-history":[{"count":0,"href":"https:\/\/alzira.es\/es\/wp-json\/wp\/v2\/posts\/90173\/revisions"}],"wp:attachment":[{"href":"https:\/\/alzira.es\/es\/wp-json\/wp\/v2\/media?parent=90173"}],"wp:term":[{"taxonomy":"category","embeddable":true,"href":"https:\/\/alzira.es\/es\/wp-json\/wp\/v2\/categories?post=90173"},{"taxonomy":"post_tag","embeddable":true,"href":"https:\/\/alzira.es\/es\/wp-json\/wp\/v2\/tags?post=90173"}],"curies":[{"name":"wp","href":"https:\/\/api.w.org\/{rel}","templated":true}]}}