{"id":90172,"date":"2021-04-21T13:16:47","date_gmt":"2021-04-21T11:16:47","guid":{"rendered":"https:\/\/alzira.es\/la-universitat-de-primavera-d-alzira-debat-aquest-divendres-sobre-la-biodiversitat-valenciana-davant-el-repte-del-canvi-global\/"},"modified":"2021-04-21T13:16:47","modified_gmt":"2021-04-21T11:16:47","slug":"la-universitat-de-primavera-d-alzira-debat-aquest-divendres-sobre-la-biodiversitat-valenciana-davant-el-repte-del-canvi-global","status":"publish","type":"post","link":"https:\/\/alzira.es\/es\/la-universitat-de-primavera-d-alzira-debat-aquest-divendres-sobre-la-biodiversitat-valenciana-davant-el-repte-del-canvi-global\/","title":{"rendered":"La Universidad de Primavera de Alzira debate este viernes sobre \u2018La biodiversidad valenciana ante el reto del cambio global\u2019"},"content":{"rendered":"<p><strong>La Universidad de Primavera de Alzira analizar\u00e1 este viernes &#8216;La biodiversidad valenciana ante el reto del cambio global&#8217;. Con la jornada de Alzira se inicia la etapa de Universidades de Primavera, que se enmarcan en la iniciativa de Universidades Estacionales, impulsada por la UV para generar debates gratuitos y abiertos a los ciudadanos sobre los aspectos m\u00e1s singulares de cada territorio.<\/strong><\/p>\n<p>La Universidad de Primavera de Alzira someter\u00e1 en <strong>debate<\/strong> a lo largo de este <strong>viernes<\/strong>,<strong> 23 de abril<\/strong>, el tema<em><strong> &#8216;La biodiversidad valenciana ante el reto del cambio global&#8217;<\/strong><\/em>, en la cual ya ser\u00e1 su sexta edici\u00f3n. Con esta jornada se da inicio en la etapa de Universidades de Primavera, despu\u00e9s de la celebraci\u00f3n de las Universidades de Invierno de Requena y Cofrentes.<\/p>\n<p>Las Universidades Estacionales son una iniciativa de la Universitat de Val\u00e8ncia (UV), organizada a trav\u00e9s del Vicerrectorado de Proyecci\u00f3n Territorial y Sociedad con los ayuntamientos de cada localidad y en colaboraci\u00f3n con la Diputaci\u00f3n de Val\u00e8ncia y Caja Popular. Su objetivo es promover el debate en torno a un tema monogr\u00e1fico ligado a la singularidad de cada \u00e1mbito geogr\u00e1fico, teniendo en cuenta su particular idiosincrasia, historia y cultura, bajo la coordinaci\u00f3n de un especialista en la materia. Esta acci\u00f3n acad\u00e9mica ya es en todas las comarcas de la provincia, con 20 ediciones en otras tantas localidades, garantizando su presencia en todo el territorio.<\/p>\n<p><strong>En 2021<\/strong>, estas <strong>jornadas<\/strong>,<strong> gratuitas y abiertas a ciudadanos de todas las edades<\/strong>, han recuperado el v\u00ednculo con la estaci\u00f3n del a\u00f1o que los da nombre, despu\u00e9s de un a\u00f1o an\u00f3malo por las restricciones debidas a la pandemia. Y mantienen, adem\u00e1s, la distribuci\u00f3n por \u00e1reas tem\u00e1ticas<em> -que reflejan la transversalidad de conocimiento de la UV y la pluralidad de temas estudiados por sus especialistas-<\/em> y el car\u00e1cter semipresencial, que se impuls\u00f3 en 2020 con la incorporaci\u00f3n del enlace en l\u00ednea, que permite el seguimiento de las sesiones por streaming, facilitando la asistencia a las personas interesadas. C\u00f3mo en 2020, la UV facilitar\u00e1 las <strong>inscripciones<\/strong> a trav\u00e9s de la <strong><span style=\"text-decoration: underline;\"><span style=\"color: #1e90ff;\"><a href=\"https:\/\/www.uv.es\/uvweb\/vicerectorat-participacio-projeccio-territorial\/ca\/vicerectorat-participacio-projeccio-territorial-1285875118019.html\" target=\"_blank\" rel=\"noopener\"><span style=\"color: #1e90ff; text-decoration: underline;\">web<\/span><\/a><\/span><\/span><\/strong>&nbsp;y proporcionar\u00e1 el correspondiente <strong>certificado de asistencia<\/strong>, <strong>tanto si es presencial como en l\u00ednea<\/strong>.<\/p>\n<p><span style=\"text-decoration: underline;\"><strong>Universidad de Primavera de Alzira<\/strong><\/span><\/p>\n<p>La Universidad de Primavera de Alzira celebra este a\u00f1o su <strong>sexta edici\u00f3n<\/strong> en el<strong> MUMA<\/strong>&#8211; Museo Municipal de Alzira (C\/ Santo Roc, 16) bajo el t\u00edtulo <em><strong>&#8216;La biodiversidad valenciana ante el reto del cambio global&#8217;<\/strong><\/em>, con la colaboraci\u00f3n del Ayuntamiento de Alzira, la Diputaci\u00f3n de Val\u00e8ncia y Caja Popular.<\/p>\n<p><span style=\"text-decoration: underline;\">La jornada<\/span> <em>-que se enmarca en el \u00e1rea tem\u00e1tica <strong>&#8216;Biodiversidad, Desarrollo e Innovaci\u00f3n Territorial&#8217;<\/strong>&#8211;<\/em>, est\u00e1 dedicada a <em>abordar el cambio global y su impacto sobre la biodiversidad en la Comunidad Valenciana, analizando aspectos como la fragmentaci\u00f3n y destrucci\u00f3n de h\u00e1bitats; la contaminaci\u00f3n del aire, el suelo y el agua; la sobreexplotaci\u00f3n de especies; y la introducci\u00f3n de especies ex\u00f3ticas<\/em>. Para explicar estos factores de manera general y poner de manifiesto su impacto en la flora, fauna y ecosistemas de nuestro territorio, se contar\u00e1 con la participaci\u00f3n de expertos de la UV y personal t\u00e9cnico de la Generalitat Valenciana. El programa incluye seis conferencias, dirigidas a docentes, profesionales, estudiantes y ciudadan\u00eda en general, por lo cual, sin perder su rigor, tendr\u00e1n un enfoque divulgativo. En ellas se tratar\u00e1n muchas de las amenazas para los espacios protegidos valencianos en general, y para algunos ejemplos representativos de organismos en particular: mam\u00edferos marinos, rapaces, mariposas, l\u00edquenes y flora rara, end\u00e9mica y en peligro.<\/p>\n<p><span style=\"text-decoration: underline;\">El acto inaugural<\/span> ser\u00e1 a las <strong>09:00 h<\/strong>, con la intervenci\u00f3n de <strong>Diego E. G\u00f3mez Garc\u00eda<\/strong>, <em>alcalde de Alzira<\/em>; <strong>Jorge Hermosilla Plan<\/strong>,<em> vicerrector de Proyecci\u00f3n Territorial y Sociedad de la UV<\/em>; <strong>Emilio Barba Campos<\/strong>,<em> coordinador de la Universidad de Primavera de Alzira<\/em>; <strong>Inmaculada Miravalles Alberola<\/strong>, <em>directora de la oficina de Caja Popular de Alzira<\/em>; y un representante de la Diputaci\u00f3n de Val\u00e8ncia.<\/p>\n<p>A continuaci\u00f3n tendr\u00e1n lugar las <span style=\"text-decoration: underline;\">conferencias programadas<\/span>. <strong>Felicidad Cuesta Peir\u00f3<\/strong>, del Servicio de Gesti\u00f3n de Espacios Naturales Protegidos de la Generalitat Valenciana, hablar\u00e1 sobre <em>&#8216;Impactos del cambio global sobre los espacios protegidos de la Comunidad Valenciana&#8217;<\/em>.<\/p>\n<p><strong>Emilio Laguna Lumbreras<\/strong>, del Servicio de Vida Silvestre del Centro para la Investigaci\u00f3n y la Experimentaci\u00f3n Forestal (CIEF) de la Generalitat Valenciana, tratar\u00e1 sobre <em>&#8216;Estatus y conservaci\u00f3n de la flora valenciana rara, end\u00e9mica o amenazada&#8217;<\/em>.<\/p>\n<p>Las conferencias sobre<em> &#8216;La conservaci\u00f3n de los mam\u00edferos marinos del Mediterr\u00e1neo&#8217;<\/em> y <em>&#8216;Conservaci\u00f3n de grandes \u00e1guilas en territorio valenciano: el grande hermano animal&#8217;<\/em>, a cargo de <strong>Juan Antonio Raga Esteve<\/strong> y <strong>Pascual L\u00f3pez L\u00f3pez<\/strong>, respectivamente -los dos del Instituto Cavanilles de Biodiversidad y Biolog\u00eda Evolutiva de la UV-, cerrar\u00e1n la sesi\u00f3n de la ma\u00f1ana.<\/p>\n<p>La jornada se retomar\u00e1 a las <strong>15:30 h<\/strong>, con una conferencia de <strong>Joaqu\u00edn Baixeras Almela<\/strong>, del Instituto Cavanilles de Biodiversidad y Biolog\u00eda Evolutiva de la UV, sobre <em>&#8216;La mariposa apolo en la Comunidad Valenciana: experiencias al l\u00edmite de la extinci\u00f3n&#8217;<\/em>. A continuaci\u00f3n,<strong> Eva Barreno Rodr\u00edguez<\/strong>, del Instituto Cavanilles de Biodiversidad y Biolog\u00eda Evolutiva de la UV, hablar\u00e1 sobre<em> &#8216;Los l\u00edquenes, grandes conquistadores de medios extremos que sucumben a los cambios ambientales&#8217;<\/em>.<\/p>\n<p>El acto de <span style=\"text-decoration: underline;\">clausura de la sexta edici\u00f3n<\/span> de la Universidad de Primavera de Alzira ser\u00e1 a las <strong>17:30 h<\/strong>, a cargo de su coordinador,<strong> Emilio Barba Campos<\/strong>.<\/p>\n<p><span style=\"text-decoration: underline;\"><strong>20 Universidades Estacionales, 4 estaciones y 3 \u00e1reas tem\u00e1ticas<\/strong><\/span><\/p>\n<p>La programaci\u00f3n de Universidades Estacionales integra dos Universidades de Invierno, que ya han celebrado sus correspondientes sesiones: Cofrentes y Requena.<\/p>\n<p><span style=\"text-decoration: underline;\">Las Universidades Estacionales de Primavera<\/span>, despu\u00e9s de la celebraci\u00f3n esta semana de la edici\u00f3n de Alzira, proseguir\u00e1n su <strong>programaci\u00f3n <\/strong>con la Universidad Estacional de<strong> Cullera<\/strong>, que tendr\u00e1 como tema de<strong> debate<\/strong>, el<strong> 29 de abril<\/strong>, <em><strong>&#8216;Una mirada al patrimonio y al turismo bajo el mar&#8217;<\/strong><\/em>. La Universidad Estacional de<strong> X\u00e0tiva<\/strong>, el <strong>13 de mayo<\/strong>, analizar\u00e1 <em>&#8216;La gobernanza y gesti\u00f3n del turismo cultural&#8217;<\/em>; la Universidad Estacional de<strong> Sagunto<\/strong>, el<strong> 20 de mayo<\/strong>, <em>&#8216;Consecuencias de la pandemia Covid-19 en mujeres y ni\u00f1as&#8217;<\/em>; la Universidad Estacional de la <strong>Canal de<\/strong> <strong>Navarr\u00e9s<\/strong>, el <strong>28 de mayo<\/strong>, <em>&#8216;Desarrollo rural frente al despoblamiento en municipios de interior&#8217;<\/em>; la Universidad Estacional de<strong> Alto Turia<\/strong>, el <strong>11 de junio<\/strong>,<em> &#8216;Del recurso territorial al producto tur\u00edstico en una reserva de la biosfera&#8217;<\/em>; y la Universidad Estacional del <strong>Rinc\u00f3n de Ademuz<\/strong>, el <strong>21 de junio<\/strong>,<em> &#8216;Paisajes rurales: productos tur\u00edsticos sostenibles&#8217;<\/em>.<\/p>\n<p><span style=\"text-decoration: underline;\">Las Universidades Estacionales de Verano<\/span> empezar\u00e1n el<strong> 7 de julio<\/strong> con la edici\u00f3n de la Universidad Estacional de<strong> Aras de los Olmos<\/strong>, que tendr\u00e1 como tema principal <em>&#8216;Bot\u00e1nica y desarrollo rural&#8217;<\/em>. La Universidad Estacional de <strong>Gandia<\/strong> debatir\u00e1, a partir del <strong>12 de julio<\/strong>, sobre <em>&#8216;Cambios. Una mirada calidosc\u00f3pica&#8217;<\/em>; y la Universidad Estacional de <strong>Sagunto<\/strong>, el <strong>15 de septiembre<\/strong>, sobre <em>&#8216;Sagunto: Patrimonio de la Humanidad. Entre el mito y el legado cultural&#8217;.<\/em><\/p>\n<p><span style=\"text-decoration: underline;\">Las Universidades Estacionales de Oto\u00f1o<\/span> cerrar\u00e1n la programaci\u00f3n de 2021. La Universidad Estacional de <strong>Alaqu\u00e0s<\/strong> abrir\u00e1 el ciclo el <strong>7 de octubre<\/strong>, con el tema<em> &#8216;La Huerta en el cruce: algunas decisiones hist\u00f3ricas cruciales&#8217;<\/em>. La Universidad Estacional de<strong> Bu\u00f1ol<\/strong>, el<strong> 15 de octubre<\/strong>, tendr\u00e1 como t\u00edtulo <em>&#8216;Bu\u00f1ol. El patrimonio cultural. La m\u00fasica como motor de cambio social\u00b4<\/em>; la Universidad Estacional de <strong>l&#8217;Eliana<\/strong>, el <strong>21 de octubre<\/strong>, &#8216;<em>Smart cities: tecnolog\u00eda y ciudadan\u00eda&#8217;<\/em>; la Universidad Estacional de <strong>Oliva<\/strong>, el <strong>27 de octubre<\/strong>, <em>&#8216;Educaci\u00f3n: iguales y diversos&#8217;<\/em>; la Universidad Estacional de <strong>Ll\u00edria<\/strong>, el <strong>29 de octubre<\/strong>, <em>&#8216;La m\u00fasica como herramienta educativa de transformaci\u00f3n social&#8217;<\/em>; la Universidad Estacional de <strong>Ayora<\/strong>, el <strong>4 de noviembre<\/strong>, <em>&#8216;Retos y amenazas de la apicultura en el siglo XXI&#8217;<\/em>; la Universidad Estacional de <strong>Enguera<\/strong>, a partir del <strong>11 de noviembre<\/strong>, <em>&#8216;Profesiones de futuro y vida saludable en un mundo global y sostenible&#8217;<\/em>; y la Universidad Estacional de <strong>Ontinyent<\/strong>, a partir del <strong>23 de noviembre<\/strong>, <em>&#8216;Tiempo de transformaciones&#8217;.<\/em><\/p>\n<p><span style=\"text-decoration: underline;\">Las Universidades Estacionales debatir\u00e1n este a\u00f1o 2021 sobre m\u00faltiples aspectos vinculados en cada territorio en torno a tres \u00e1reas tem\u00e1ticas<\/span>: &#8216;Patrimonio Hist\u00f3rico y Cultural&#8217; (Cullera, X\u00e0tiva, Sagunto, Alaqu\u00e0s, Bu\u00f1ol y Ayora); &#8216;Educaci\u00f3n y Bienestar Social&#8217; (Cofrentes, Sagunto, Ll\u00edria, Oliva, Enguera y Ontinyent); y &#8216;Biodiversidad, Desarrollo e Innovaci\u00f3n Territorial&#8217; (Requena, Alzira, la Canal de Navarr\u00e9s, Alto Turia, Rinc\u00f3n de Ademuz, Aras de los Olmos, Gandia y l&#8217;Eliana).<\/p>\n<p style=\"text-align: center;\"><img fetchpriority=\"high\" decoding=\"async\" src=\"https:\/\/alzira.es\/wp-content\/uploads\/2021\/09\/Diptico_Alzira_val_00000002_P\u00e1gina_1.jpg\" alt=\"Diptico Alzira val 00000002 P\u00e1gina 1\" width=\"845\" height=\"890\" \/><\/p>\n<p style=\"text-align: center;\">&nbsp;<\/p>\n","protected":false},"excerpt":{"rendered":"<p>La Universidad de Primavera de Alzira analizar\u00e1 este viernes &#8216;La biodiversidad valenciana ante el reto del cambio global&#8217;. Con la jornada de Alzira se inicia la etapa de Universidades de Primavera, que se enmarcan en la iniciativa de Universidades Estacionales, impulsada por la UV para generar debates gratuitos y abiertos a los ciudadanos sobre los &hellip; <\/p>\n<p class=\"link-more\"><a href=\"https:\/\/alzira.es\/es\/la-universitat-de-primavera-d-alzira-debat-aquest-divendres-sobre-la-biodiversitat-valenciana-davant-el-repte-del-canvi-global\/\" class=\"more-link\">Continuar leyendo<span class=\"screen-reader-text\"> \u00abLa Universidad de Primavera de Alzira debate este viernes sobre \u2018La biodiversidad valenciana ante el reto del cambio global\u2019\u00bb<\/span><\/a><\/p>\n","protected":false},"author":29,"featured_media":0,"comment_status":"closed","ping_status":"closed","sticky":false,"template":"","format":"standard","meta":{"_acf_changed":false,"footnotes":""},"categories":[4936],"tags":[],"class_list":["post-90172","post","type-post","status-publish","format-standard","hentry","category-hemeroteca-es"],"acf":[],"_links":{"self":[{"href":"https:\/\/alzira.es\/es\/wp-json\/wp\/v2\/posts\/90172","targetHints":{"allow":["GET"]}}],"collection":[{"href":"https:\/\/alzira.es\/es\/wp-json\/wp\/v2\/posts"}],"about":[{"href":"https:\/\/alzira.es\/es\/wp-json\/wp\/v2\/types\/post"}],"author":[{"embeddable":true,"href":"https:\/\/alzira.es\/es\/wp-json\/wp\/v2\/users\/29"}],"replies":[{"embeddable":true,"href":"https:\/\/alzira.es\/es\/wp-json\/wp\/v2\/comments?post=90172"}],"version-history":[{"count":0,"href":"https:\/\/alzira.es\/es\/wp-json\/wp\/v2\/posts\/90172\/revisions"}],"wp:attachment":[{"href":"https:\/\/alzira.es\/es\/wp-json\/wp\/v2\/media?parent=90172"}],"wp:term":[{"taxonomy":"category","embeddable":true,"href":"https:\/\/alzira.es\/es\/wp-json\/wp\/v2\/categories?post=90172"},{"taxonomy":"post_tag","embeddable":true,"href":"https:\/\/alzira.es\/es\/wp-json\/wp\/v2\/tags?post=90172"}],"curies":[{"name":"wp","href":"https:\/\/api.w.org\/{rel}","templated":true}]}}