{"id":90171,"date":"2021-04-21T13:08:03","date_gmt":"2021-04-21T11:08:03","guid":{"rendered":"https:\/\/alzira.es\/alzira-acull-el-lliurament-del-v-concurs-de-microrelats-per-la-igualtat\/"},"modified":"2021-04-21T13:08:03","modified_gmt":"2021-04-21T11:08:03","slug":"alzira-acull-el-lliurament-del-v-concurs-de-microrelats-per-la-igualtat","status":"publish","type":"post","link":"https:\/\/alzira.es\/es\/alzira-acull-el-lliurament-del-v-concurs-de-microrelats-per-la-igualtat\/","title":{"rendered":"Alzira acoge la entrega del V Concurso de microrrelatos por la Igualdad"},"content":{"rendered":"<h3><em>\u2022 Cerca de <strong>60 microrrelatos<\/strong> participan en la <strong>quinta edici\u00f3n de este certamen<\/strong>.<\/em><\/h3>\n<p>El pr\u00f3ximo s\u00e1bado se librar\u00e1n los <strong>premios del V Concurso de Microrrelatos por la Igualdad<\/strong> \u00abClara Campoamor Rodr\u00edguez. El acto que tendr\u00e1 lugar en la Casa de la Cultura a las 12 h, contar\u00e1 con la lectura de los microrrelatos y con la actuaci\u00f3n del alumnado de canto de la Sociedad Musical de Alzira.<\/p>\n<p>Este a\u00f1o, se han presentado 59 microrrelatos a este concurso que organiza el grupo de debate por la Igualdad y que patrocina Ayuntamiento de Alzira y Caja Popular. Las organizadoras han hecho una primera selecci\u00f3n de trabajos que optan a los primeros y seg\u00fan premios en las tres categor\u00edas existentes y el pr\u00f3ximo s\u00e1bado se dar\u00e1n a conocer los premios<\/p>\n<p>En la <span style=\"text-decoration: underline;\">categor\u00eda de 16 hasta 25 a\u00f1os<\/span> han sido seleccionadas las obras de <strong>Laura Fargueta<\/strong>, Los pasos que la noche esconde y Las olas silenciosas de Sandra Chuli\u00e0.<\/p>\n<p>Los microrrelatos seleccionados en la <span style=\"text-decoration: underline;\">categor\u00eda de entre 26 a 50 a\u00f1os<\/span>, son los de <strong>Maria Jos\u00e9 L\u00f3pez<\/strong>, Aquelarres y el escrito por <strong>M\u00aa Mercedes Llorca Ulzurrun de Asanza<\/strong>, La Llosa.<\/p>\n<p>Finalmente en la <span style=\"text-decoration: underline;\">categor\u00eda para mayores de 50 a\u00f1os<\/span>, <strong>Rosalia Guerrero<\/strong> es la autora de La buena suerte y tambi\u00e9n ha sido seleccionada <strong>Maria Fontana<\/strong> por el microrrelato Vidas paralelas.<\/p>\n<p>Este concurso pretende trabajar en la sensibilizaci\u00f3n para prevenir y conseguir erradicar las violencias machistas tan arraigadas en nuestra sociedad. Desde el Grupo de Debate de Igualdad Alzira se han mostrado muy satisfechas de la participaci\u00f3n y de las distintas visiones que han presentado los trabajos presentados.<\/p>\n<p style=\"text-align: center;\"><img fetchpriority=\"high\" decoding=\"async\" src=\"https:\/\/alzira.es\/wp-content\/uploads\/2021\/09\/Cartell-Acte-Micro-21.jpg\" alt=\"Cartell-Acte-Micro-21\" width=\"566\" height=\"796\" \/>.&nbsp;<img decoding=\"async\" data-src=\"https:\/\/alzira.es\/wp-content\/uploads\/2021\/09\/MicroIgualtat_seleccio\u00f3_2020-21.jpg\" alt=\"MicroIgualtat seleccio\u00f3 2020-21\" width=\"552\" height=\"782\" src=\"data:image\/svg+xml;base64,PHN2ZyB3aWR0aD0iMSIgaGVpZ2h0PSIxIiB4bWxucz0iaHR0cDovL3d3dy53My5vcmcvMjAwMC9zdmciPjwvc3ZnPg==\" class=\"lazyload\" style=\"--smush-placeholder-width: 552px; --smush-placeholder-aspect-ratio: 552\/782;\" \/><\/p>\n","protected":false},"excerpt":{"rendered":"<p>\u2022 Cerca de 60 microrrelatos participan en la quinta edici\u00f3n de este certamen. El pr\u00f3ximo s\u00e1bado se librar\u00e1n los premios del V Concurso de Microrrelatos por la Igualdad \u00abClara Campoamor Rodr\u00edguez. El acto que tendr\u00e1 lugar en la Casa de la Cultura a las 12 h, contar\u00e1 con la lectura de los microrrelatos y con &hellip; <\/p>\n<p class=\"link-more\"><a href=\"https:\/\/alzira.es\/es\/alzira-acull-el-lliurament-del-v-concurs-de-microrelats-per-la-igualtat\/\" class=\"more-link\">Continuar leyendo<span class=\"screen-reader-text\"> \u00abAlzira acoge la entrega del V Concurso de microrrelatos por la Igualdad\u00bb<\/span><\/a><\/p>\n","protected":false},"author":29,"featured_media":0,"comment_status":"closed","ping_status":"closed","sticky":false,"template":"","format":"standard","meta":{"_acf_changed":false,"footnotes":""},"categories":[4936],"tags":[],"class_list":["post-90171","post","type-post","status-publish","format-standard","hentry","category-hemeroteca-es"],"acf":[],"_links":{"self":[{"href":"https:\/\/alzira.es\/es\/wp-json\/wp\/v2\/posts\/90171","targetHints":{"allow":["GET"]}}],"collection":[{"href":"https:\/\/alzira.es\/es\/wp-json\/wp\/v2\/posts"}],"about":[{"href":"https:\/\/alzira.es\/es\/wp-json\/wp\/v2\/types\/post"}],"author":[{"embeddable":true,"href":"https:\/\/alzira.es\/es\/wp-json\/wp\/v2\/users\/29"}],"replies":[{"embeddable":true,"href":"https:\/\/alzira.es\/es\/wp-json\/wp\/v2\/comments?post=90171"}],"version-history":[{"count":0,"href":"https:\/\/alzira.es\/es\/wp-json\/wp\/v2\/posts\/90171\/revisions"}],"wp:attachment":[{"href":"https:\/\/alzira.es\/es\/wp-json\/wp\/v2\/media?parent=90171"}],"wp:term":[{"taxonomy":"category","embeddable":true,"href":"https:\/\/alzira.es\/es\/wp-json\/wp\/v2\/categories?post=90171"},{"taxonomy":"post_tag","embeddable":true,"href":"https:\/\/alzira.es\/es\/wp-json\/wp\/v2\/tags?post=90171"}],"curies":[{"name":"wp","href":"https:\/\/api.w.org\/{rel}","templated":true}]}}