{"id":90169,"date":"2021-04-21T10:43:45","date_gmt":"2021-04-21T08:43:45","guid":{"rendered":"https:\/\/alzira.es\/la-pandemia-obliga-a-desplacar-la-fira-orienta-t-2021-als-centres-educatius-i-amb-suport-telematic\/"},"modified":"2021-04-21T10:43:45","modified_gmt":"2021-04-21T08:43:45","slug":"la-pandemia-obliga-a-desplacar-la-fira-orienta-t-2021-als-centres-educatius-i-amb-suport-telematic","status":"publish","type":"post","link":"https:\/\/alzira.es\/es\/la-pandemia-obliga-a-desplacar-la-fira-orienta-t-2021-als-centres-educatius-i-amb-suport-telematic\/","title":{"rendered":"La pandemia obliga a desplazar la feria Ori\u00e9ntate 2021 los centros educativos y con soporte telem\u00e1tico"},"content":{"rendered":"<h3 style=\"margin-top: 0cm; background: white;\"><em><strong><span style=\"font-size: 18pt; line-height: 107%; font-family: Arial, sans-serif; color: black;\">\u2022&nbsp;<\/span><\/strong><\/em><strong><i><span style=\"font-size: 18pt; line-height: 107%; font-family: Arial, sans-serif; color: black;\">Del 22 al 30 de abril<\/span><\/i><\/strong><em><strong><span style=\"font-size: 18pt; line-height: 107%; font-family: Arial, sans-serif; color: black;\">&nbsp;<\/span><\/strong><span style=\"font-size: 18pt; line-height: 107%; font-family: Arial, sans-serif; color: black;\">se har\u00e1n visitas a las aulas y se presentar\u00e1 <strong>el&nbsp;<\/strong><\/span><\/em><strong><i><span style=\"font-size: 18pt; line-height: 107%; font-family: Arial, sans-serif; color: black;\">minecraft<\/span><\/i><\/strong><em><strong><span style=\"font-size: 18pt; line-height: 107%; font-family: Arial, sans-serif; color: black;\">, espacio virtual tematizado<\/span><\/strong><\/em><\/h3>\n<p style=\"margin: 6pt 0cm 18pt; background: white;\"><span style=\"font-size: 11pt; font-family: Arial, sans-serif; color: #666666;\">Los estudiantes de Alzira tienen una cita a partir de ma\u00f1ana con las jornadas de informaci\u00f3n Ori\u00e9ntate.&nbsp;Unas jornadas que facilitan toda la&nbsp;<strong><span style=\"font-family: Arial, sans-serif;\">informaci\u00f3n que el alumnado necesita para decidir su futuro acad\u00e9mico y profesional<\/span><\/strong>.&nbsp;Este a\u00f1o, debido a las restricciones, cambia el formato y ser\u00e1n los equipos de informaci\u00f3n los que se desplazan directamente a los centros educativos.<\/span><\/p>\n<p style=\"margin: 6pt 0cm 18pt; background: white;\"><span style=\"font-size: 11pt; font-family: Arial, sans-serif; color: #666666;\">Cerca&nbsp;<strong><span style=\"font-family: Arial, sans-serif;\">1.000 alumnos<\/span><\/strong>&nbsp;de cuarto de ESO, Bachillerato, ciclos formativos y de fp b\u00e1sica de los centros alzire\u00f1os participar\u00e1n en estas jornadas a partir de ma\u00f1ana y hasta el 30 de abril.<br \/> Desde el a\u00f1o 2003, el Ayuntamiento de Alzira realiza estas jornadas de informaci\u00f3n que se ofrec\u00eda en formato de feria presencial mediante paneles y con documentaci\u00f3n escrita que los estudiantes pod\u00edan consultar as\u00ed como asesor\u00edas personalizadas y ordenadores de consulta con Internet en un mismo recinto.<\/span><\/p>\n<p style=\"margin: 6pt 0cm 18pt; background: white;\"><span style=\"font-size: 11pt; font-family: Arial, sans-serif; color: #666666;\">La pandemia y sus restricciones ha obligado a huir de las aglomeraciones y por ello se ha adoptado un formato alternativo y adaptado a las circunstancias.&nbsp;El equipo de orientaci\u00f3n se trasladar\u00e1 a los centros educativos, aula por aula, para evitar los desplazamientos del alumnado.&nbsp;Y por otra parte, toda la informaci\u00f3n tendr\u00e1 un espacio de la plataforma virtual Minecraft, con espacios construidos y tematizados y con una zona de Ludificaci\u00f3n donde los j\u00f3venes resolver\u00e1n sus dudas con juegos.<\/span><\/p>\n<p style=\"margin: 6pt 0cm 18pt; background: white;\"><span style=\"font-size: 11pt; font-family: Arial, sans-serif; color: #666666;\">Tal y como explica la concejala de Juventud,&nbsp;<strong><span style=\"font-family: Arial, sans-serif;\">Leticia Piquer<\/span><\/strong>,&nbsp;<em><span style=\"font-family: Arial, sans-serif;\">\u00abel objetivo es que el alumnado tenga al alcance todas las herramientas para hacer una mejor elecci\u00f3n de su futuro acad\u00e9mico y laboral y contemplar todas las opciones disponibles para poder comparar las opciones de la mano de asesores especializados \u00ab.<\/span><\/em><\/span><\/p>\n<p style=\"margin: 6pt 0cm 18pt; background: white;\"><span style=\"font-size: 11pt; font-family: Arial, sans-serif; color: #666666;\">Con la utilizaci\u00f3n de la&nbsp;<strong><span style=\"font-family: Arial, sans-serif;\">plataforma Minecraft<\/span><\/strong>&nbsp;, tambi\u00e9n se crear\u00e1 un espacio Alzira, donde se podr\u00e1 conocer toda la oferta de la ciudad y en la que podr\u00e1n acceder tanto al alumnado de Alzira como de otros municipios.&nbsp;Los estudiantes de los centros alzire\u00f1os pueden entrar en Minecraft de Ori\u00e9ntate con un c\u00f3digo que se podr\u00e1 utilizar durante un mes, desde la celebraci\u00f3n de Ori\u00e9ntate a cada centro educativo.<\/span><\/p>\n<p style=\"text-align: center;\"><img fetchpriority=\"high\" decoding=\"async\" src=\"https:\/\/alzira.es\/wp-content\/uploads\/2021\/09\/orientat.jpg\" alt=\"orientat\" width=\"337\" height=\"477\" \/>&nbsp;<img decoding=\"async\" data-src=\"https:\/\/alzira.es\/wp-content\/uploads\/2021\/09\/minecraft_orientat_2.jpeg\" alt=\"minecraft orientat 2\" width=\"622\" height=\"353\" src=\"data:image\/svg+xml;base64,PHN2ZyB3aWR0aD0iMSIgaGVpZ2h0PSIxIiB4bWxucz0iaHR0cDovL3d3dy53My5vcmcvMjAwMC9zdmciPjwvc3ZnPg==\" class=\"lazyload\" style=\"--smush-placeholder-width: 622px; --smush-placeholder-aspect-ratio: 622\/353;\" \/><\/p>\n<p style=\"text-align: center;\"><img decoding=\"async\" data-src=\"https:\/\/alzira.es\/wp-content\/uploads\/2021\/09\/minecraft_orientat_3.jpeg\" alt=\"minecraft orientat 3\" width=\"481\" height=\"271\" src=\"data:image\/svg+xml;base64,PHN2ZyB3aWR0aD0iMSIgaGVpZ2h0PSIxIiB4bWxucz0iaHR0cDovL3d3dy53My5vcmcvMjAwMC9zdmciPjwvc3ZnPg==\" class=\"lazyload\" style=\"--smush-placeholder-width: 481px; --smush-placeholder-aspect-ratio: 481\/271;\" \/>&nbsp;<img decoding=\"async\" data-src=\"https:\/\/alzira.es\/wp-content\/uploads\/2021\/09\/minecraft_orientat_6.jpeg\" alt=\"minecraft orientat 6\" width=\"481\" height=\"271\" src=\"data:image\/svg+xml;base64,PHN2ZyB3aWR0aD0iMSIgaGVpZ2h0PSIxIiB4bWxucz0iaHR0cDovL3d3dy53My5vcmcvMjAwMC9zdmciPjwvc3ZnPg==\" class=\"lazyload\" style=\"--smush-placeholder-width: 481px; --smush-placeholder-aspect-ratio: 481\/271;\" \/><\/p>\n<p style=\"text-align: center;\"><img decoding=\"async\" data-src=\"https:\/\/alzira.es\/wp-content\/uploads\/2021\/09\/minecraft_orientat_7.jpeg\" alt=\"minecraft orientat 7\" width=\"537\" height=\"302\" src=\"data:image\/svg+xml;base64,PHN2ZyB3aWR0aD0iMSIgaGVpZ2h0PSIxIiB4bWxucz0iaHR0cDovL3d3dy53My5vcmcvMjAwMC9zdmciPjwvc3ZnPg==\" class=\"lazyload\" style=\"--smush-placeholder-width: 537px; --smush-placeholder-aspect-ratio: 537\/302;\" \/>&nbsp;<img decoding=\"async\" data-src=\"https:\/\/alzira.es\/wp-content\/uploads\/2021\/09\/minecraft_orientat_10.jpeg\" alt=\"minecraft orientat 10\" width=\"428\" height=\"301\" src=\"data:image\/svg+xml;base64,PHN2ZyB3aWR0aD0iMSIgaGVpZ2h0PSIxIiB4bWxucz0iaHR0cDovL3d3dy53My5vcmcvMjAwMC9zdmciPjwvc3ZnPg==\" class=\"lazyload\" style=\"--smush-placeholder-width: 428px; --smush-placeholder-aspect-ratio: 428\/301;\" \/><\/p>\n","protected":false},"excerpt":{"rendered":"<p>\u2022&nbsp;Del 22 al 30 de abril&nbsp;se har\u00e1n visitas a las aulas y se presentar\u00e1 el&nbsp;minecraft, espacio virtual tematizado Los estudiantes de Alzira tienen una cita a partir de ma\u00f1ana con las jornadas de informaci\u00f3n Ori\u00e9ntate.&nbsp;Unas jornadas que facilitan toda la&nbsp;informaci\u00f3n que el alumnado necesita para decidir su futuro acad\u00e9mico y profesional.&nbsp;Este a\u00f1o, debido a las &hellip; <\/p>\n<p class=\"link-more\"><a href=\"https:\/\/alzira.es\/es\/la-pandemia-obliga-a-desplacar-la-fira-orienta-t-2021-als-centres-educatius-i-amb-suport-telematic\/\" class=\"more-link\">Continuar leyendo<span class=\"screen-reader-text\"> \u00abLa pandemia obliga a desplazar la feria Ori\u00e9ntate 2021 los centros educativos y con soporte telem\u00e1tico\u00bb<\/span><\/a><\/p>\n","protected":false},"author":29,"featured_media":0,"comment_status":"closed","ping_status":"closed","sticky":false,"template":"","format":"standard","meta":{"_acf_changed":false,"footnotes":""},"categories":[4936],"tags":[],"class_list":["post-90169","post","type-post","status-publish","format-standard","hentry","category-hemeroteca-es"],"acf":[],"_links":{"self":[{"href":"https:\/\/alzira.es\/es\/wp-json\/wp\/v2\/posts\/90169","targetHints":{"allow":["GET"]}}],"collection":[{"href":"https:\/\/alzira.es\/es\/wp-json\/wp\/v2\/posts"}],"about":[{"href":"https:\/\/alzira.es\/es\/wp-json\/wp\/v2\/types\/post"}],"author":[{"embeddable":true,"href":"https:\/\/alzira.es\/es\/wp-json\/wp\/v2\/users\/29"}],"replies":[{"embeddable":true,"href":"https:\/\/alzira.es\/es\/wp-json\/wp\/v2\/comments?post=90169"}],"version-history":[{"count":0,"href":"https:\/\/alzira.es\/es\/wp-json\/wp\/v2\/posts\/90169\/revisions"}],"wp:attachment":[{"href":"https:\/\/alzira.es\/es\/wp-json\/wp\/v2\/media?parent=90169"}],"wp:term":[{"taxonomy":"category","embeddable":true,"href":"https:\/\/alzira.es\/es\/wp-json\/wp\/v2\/categories?post=90169"},{"taxonomy":"post_tag","embeddable":true,"href":"https:\/\/alzira.es\/es\/wp-json\/wp\/v2\/tags?post=90169"}],"curies":[{"name":"wp","href":"https:\/\/api.w.org\/{rel}","templated":true}]}}