{"id":90168,"date":"2021-04-20T10:57:15","date_gmt":"2021-04-20T08:57:15","guid":{"rendered":"https:\/\/alzira.es\/l-ajuntament-d-alzira-obsequia-llibres-i-el-cd-cantoral-sta-maria-de-la-murta-a-tots-els-centres-educatius\/"},"modified":"2021-04-20T10:57:15","modified_gmt":"2021-04-20T08:57:15","slug":"l-ajuntament-d-alzira-obsequia-llibres-i-el-cd-cantoral-sta-maria-de-la-murta-a-tots-els-centres-educatius","status":"publish","type":"post","link":"https:\/\/alzira.es\/es\/l-ajuntament-d-alzira-obsequia-llibres-i-el-cd-cantoral-sta-maria-de-la-murta-a-tots-els-centres-educatius\/","title":{"rendered":"El Ayuntamiento de Alzira obsequia libros y el CD Cantoral Sta. Maria de la Murta en todos los centros educativos"},"content":{"rendered":"<h3><em>\u2022 <strong>La tercera jornada de donaci\u00f3n<\/strong> coincide con la celebraci\u00f3n del <strong>D\u00eda del Libro<\/strong>, <strong>23 de abril<\/strong><\/em><\/h3>\n<p>La Concejal\u00eda de Cultura, a trav\u00e9s del <strong>SERVAL<\/strong>, ha obsequiado, por tercera vez en este curso, en todos los centros educativos locales con ejemplares de las obras galardonadas en varias modalidades de los PLCA, varias publicaciones en castellano y en valenciano y un CD. Estos materiales did\u00e1cticos contribuyen a la difusi\u00f3n del 23 de abril, D\u00eda del Libro y de los Derechos de Autor\u00eda y el 25 de abril, D\u00eda de las libertades del pueblo valenciano.<\/p>\n<p>Todos los centros recibir\u00e1n el libro Almansa 1707, despu\u00e9s de la batalla, de Joan. F. Mira. Edicions Bromera, un CD del Cantoral del Monasterio de Santa Maria de la Murta, de Lucentum XVI, alta capilla, direcci\u00f3n&nbsp;Pere Saragossa i el llibre Riberencs (II) d&#8217;Aureli\u00e0 J. Lair\u00f3n Pla, Editorial Reclam.<\/p>\n<p>Los centros de primaria, el CEE Carmen Pic\u00f3 y la asociaci\u00f3n Nostra Veu recibir\u00e1n ejemplares de varias obras infantiles.<\/p>\n<p>Los centros de secundaria, bachillerato y CFPA Enric Valor recibir\u00e1n estos libros galardonados a los PLCA y publicados por Edicions Bromera:&nbsp;Llum a l&#8217;atzucac. Ramon Ramon. Premi d&#8217;Assaig Mancomunitat. Els Premis Europeus de Divulgaci\u00f3 Cient\u00edfica Les mol\u00e8cules de la vida de David Gonz\u00e1lez Jara i L&#8217;imperi de les dades de Xavier Duran. Tamb\u00e9 el poemari Verso, verdad o atrevimiento de Macarena T. Vilar Editorial Neop\u00e0tria y otras novelas.<\/p>\n<p>El regidor de Cultura, <strong>Alfred Aranda<\/strong> y el equipo del <strong>Serval<\/strong> han visitado el <strong>CEIP Gloria Fuertes<\/strong> y la <strong>IES Rey En Jaime I<\/strong>, donde han librado estos materiales did\u00e1cticos que los equipos directivos han recibido con inter\u00e9s.<\/p>\n<p>Adem\u00e1s el regidor, ha aprovechado para invitar y animar los miembros de las comunidades educativas a asistir a los actos culturales previstos alrededor del D\u00eda del Libro que tendr\u00e1n lugar a lo largo de este fin de semana.<\/p>\n<p style=\"margin-left: 30px;\"><span style=\"text-decoration: underline;\"><strong>Actos programados con motivo del dia del libro:<\/strong><\/span><\/p>\n<p style=\"margin-left: 30px;\"><strong>Viernes 23 de abril a las 19.30 hores<\/strong> a la Casa de la Cultura, Teatro para J\u00f3venes y Adultos, <strong>THREESOME<\/strong> Duraci\u00f3n de 80 min. Espect\u00e1culo en castellano. Entradas: 8 \u20ac (reducidas: 6 \u20ac)<\/p>\n<p style=\"margin-left: 30px;\"><strong>S\u00e1bado 24 a las 12.00 horas<\/strong> presentaci\u00f3n de las obras publicadas de los <strong>Premios Literarios 2020<\/strong>, a la plaza de les Lletres Valencianes, enfrente de la Biblioteca.<br \/>Al terminar habr\u00e1 una actuaci\u00f3n del<strong> Grup de Cambra de la SMA<\/strong>.<\/p>\n<p style=\"margin-left: 30px;\"><strong>S\u00e1bado 24<\/strong> sesiones de contacontes a la Bebeteca Municipal, <strong>\u00abFEETS\u00bb<\/strong>,<br \/>Dos sesiones (11 y 12 h),&nbsp;hace falta inscripci\u00f3n previa al 962012981. Aforo limitado.<\/p>\n<p style=\"margin-left: 30px;\"><strong>S\u00e1bado 24 a las 18.00 hores<\/strong>&nbsp;en la Casa de la Cultura, m\u00fasica en valenciano&nbsp;<strong>\u00d2scar Briz<\/strong> presenta <strong>Amor &amp; Psicod\u00e8lia en temps de virus<\/strong><br \/>Entrada: 3 \u20ac (reducida: 2 \u20ac)<\/p>\n<p style=\"margin-left: 30px;\"><strong>Domingo 25 de abril a las 12 hores<\/strong>&nbsp;en la plaza de les Lletres Valencianes, enfrent de la Biblioteca, Somriu als Parcs<strong> EL GRAN JORDIET<\/strong> \u2013 <strong>Conta contes<\/strong>, El millor espectacle del m\u00f3n<\/p>\n<p style=\"text-align: center;\"><img fetchpriority=\"high\" decoding=\"async\" src=\"https:\/\/alzira.es\/wp-content\/uploads\/2021\/09\/visita_escoles_1.jpeg\" alt=\"visita escoles 1\" width=\"1000\" height=\"750\" \/><\/p>\n<p style=\"text-align: center;\"><img decoding=\"async\" data-src=\"https:\/\/alzira.es\/wp-content\/uploads\/2021\/09\/visita_escoles_2.jpeg\" alt=\"visita escoles 2\" width=\"500\" height=\"380\" src=\"data:image\/svg+xml;base64,PHN2ZyB3aWR0aD0iMSIgaGVpZ2h0PSIxIiB4bWxucz0iaHR0cDovL3d3dy53My5vcmcvMjAwMC9zdmciPjwvc3ZnPg==\" class=\"lazyload\" style=\"--smush-placeholder-width: 500px; --smush-placeholder-aspect-ratio: 500\/380;\" \/>&nbsp;<img decoding=\"async\" data-src=\"https:\/\/alzira.es\/wp-content\/uploads\/2021\/09\/visita_escoles_3.jpeg\" alt=\"visita escoles 3\" width=\"500\" height=\"381\" src=\"data:image\/svg+xml;base64,PHN2ZyB3aWR0aD0iMSIgaGVpZ2h0PSIxIiB4bWxucz0iaHR0cDovL3d3dy53My5vcmcvMjAwMC9zdmciPjwvc3ZnPg==\" class=\"lazyload\" style=\"--smush-placeholder-width: 500px; --smush-placeholder-aspect-ratio: 500\/381;\" \/><\/p>\n<p>&nbsp;<\/p>\n","protected":false},"excerpt":{"rendered":"<p>\u2022 La tercera jornada de donaci\u00f3n coincide con la celebraci\u00f3n del D\u00eda del Libro, 23 de abril La Concejal\u00eda de Cultura, a trav\u00e9s del SERVAL, ha obsequiado, por tercera vez en este curso, en todos los centros educativos locales con ejemplares de las obras galardonadas en varias modalidades de los PLCA, varias publicaciones en castellano &hellip; <\/p>\n<p class=\"link-more\"><a href=\"https:\/\/alzira.es\/es\/l-ajuntament-d-alzira-obsequia-llibres-i-el-cd-cantoral-sta-maria-de-la-murta-a-tots-els-centres-educatius\/\" class=\"more-link\">Continuar leyendo<span class=\"screen-reader-text\"> \u00abEl Ayuntamiento de Alzira obsequia libros y el CD Cantoral Sta. Maria de la Murta en todos los centros educativos\u00bb<\/span><\/a><\/p>\n","protected":false},"author":29,"featured_media":0,"comment_status":"closed","ping_status":"closed","sticky":false,"template":"","format":"standard","meta":{"_acf_changed":false,"footnotes":""},"categories":[4936],"tags":[],"class_list":["post-90168","post","type-post","status-publish","format-standard","hentry","category-hemeroteca-es"],"acf":[],"_links":{"self":[{"href":"https:\/\/alzira.es\/es\/wp-json\/wp\/v2\/posts\/90168","targetHints":{"allow":["GET"]}}],"collection":[{"href":"https:\/\/alzira.es\/es\/wp-json\/wp\/v2\/posts"}],"about":[{"href":"https:\/\/alzira.es\/es\/wp-json\/wp\/v2\/types\/post"}],"author":[{"embeddable":true,"href":"https:\/\/alzira.es\/es\/wp-json\/wp\/v2\/users\/29"}],"replies":[{"embeddable":true,"href":"https:\/\/alzira.es\/es\/wp-json\/wp\/v2\/comments?post=90168"}],"version-history":[{"count":0,"href":"https:\/\/alzira.es\/es\/wp-json\/wp\/v2\/posts\/90168\/revisions"}],"wp:attachment":[{"href":"https:\/\/alzira.es\/es\/wp-json\/wp\/v2\/media?parent=90168"}],"wp:term":[{"taxonomy":"category","embeddable":true,"href":"https:\/\/alzira.es\/es\/wp-json\/wp\/v2\/categories?post=90168"},{"taxonomy":"post_tag","embeddable":true,"href":"https:\/\/alzira.es\/es\/wp-json\/wp\/v2\/tags?post=90168"}],"curies":[{"name":"wp","href":"https:\/\/api.w.org\/{rel}","templated":true}]}}