{"id":90167,"date":"2021-04-20T10:16:16","date_gmt":"2021-04-20T08:16:16","guid":{"rendered":"https:\/\/alzira.es\/sos-poesia-la-campanya-per-a-donar-veu-als-versos-als-instituts-d-alzira\/"},"modified":"2021-04-20T10:16:16","modified_gmt":"2021-04-20T08:16:16","slug":"sos-poesia-la-campanya-per-a-donar-veu-als-versos-als-instituts-d-alzira","status":"publish","type":"post","link":"https:\/\/alzira.es\/es\/sos-poesia-la-campanya-per-a-donar-veu-als-versos-als-instituts-d-alzira\/","title":{"rendered":"\u201cSOS Poes\u00eda\u201d, la campa\u00f1a para dar voz a los versos en los institutos de Alzira"},"content":{"rendered":"<p>Ayer empezaba el <strong>proyecto <em>\u00abSOS Poes\u00eda en los IES\u00bb<\/em><\/strong> organizada por el<strong> Departamento de Educaci\u00f3n e Infancia del Ayuntamiento de Alzira<\/strong> al cual se ofrecen <strong>talleres y recitales de poes\u00eda<\/strong> dirigidos al alumnado de <strong>3.\u00ba de ESO<\/strong>.<\/p>\n<p>Se trata de una actividad que se enmarca dentro de las propuestas para celebrar el <strong>2 de abril<\/strong>, <strong>D\u00eda Internacional del Libro Infantil y Juvenil<\/strong>, impartido por el recitador <strong>Vicent Camps<\/strong>, quien recorrer\u00e1 cada d\u00eda, <strong>desde el 19 al 28 de abril<\/strong> un instituto de la ciudad.<\/p>\n<p><em>\u00abEste proyecto, que quiere contribuir a la normalidad po\u00e9tica en los Institutos de Educaci\u00f3n Secundaria, se fundamenta en la idea de romper la monoton\u00eda de las clases dando la posibilidad de hablar, tambi\u00e9n, de poes\u00eda que no forma parte de los curr\u00edculums de cada curso, pero que provoca la curiosidad entre el alumnado joven\u00bb<\/em> ha explicado la regidora de Educaci\u00f3n <strong>Maria Calvo<\/strong>.<\/p>\n<p style=\"margin-left: 30px;\"><span style=\"text-decoration: underline;\">Dos de los objetivos que busca <strong>SOS Poes\u00eda en los IES<\/strong> son<\/span>:<\/p>\n<p style=\"margin-left: 30px;\">&#8211; Mostrar al alumnado que la poes\u00eda puede hablar de cosas que les son pr\u00f3ximas, con textos que los atraen por su contenido y que no renuncian a la calidad.<br \/>&#8211; Crear un espacio l\u00fadico, donde se dialogar\u00e1 y se comentar\u00e1 sobre poes\u00eda de diferentes autores y autoras y desde la vertiente de la recitaci\u00f3n, haciendo especial atenci\u00f3n a la lectura expresiva y atendiendo a disposici\u00f3n del cuerpo, el uso de la voz, el ritmo, la comprensi\u00f3n, la entonaci\u00f3n, la vocalizaci\u00f3n, la respiraci\u00f3n y la interpretaci\u00f3n.<\/p>\n<p>El proyecto empez\u00f3 ayer lunes 19 de abril con el recital de Vicent en el <strong>J\u00facar Centro Educativo<\/strong> y hoy ha continuado con la visita al <strong>Rey En Jaume<\/strong>, en los cuales el alumnado y el recitador han compartido espacio, sensaciones y emociones. Est\u00e1 programada la visita en el <strong>IES Murta<\/strong> ma\u00f1ana y a <strong>Josep M\u00aa Parra<\/strong> la pr\u00f3xima semana.<\/p>\n<p style=\"text-align: center;\"><img fetchpriority=\"high\" decoding=\"async\" src=\"https:\/\/alzira.es\/wp-content\/uploads\/2021\/09\/CARTELL_SOS_POESIA_ALS_IES_GRIS_CLAR.jpg\" alt=\"CARTELL SOS POESIA ALS IES GRIS CLAR\" width=\"601\" height=\"427\" \/>&nbsp;<img decoding=\"async\" data-src=\"https:\/\/alzira.es\/wp-content\/uploads\/2021\/09\/xuquer_3.jpg\" alt=\"xuquer 3\" width=\"569\" height=\"427\" src=\"data:image\/svg+xml;base64,PHN2ZyB3aWR0aD0iMSIgaGVpZ2h0PSIxIiB4bWxucz0iaHR0cDovL3d3dy53My5vcmcvMjAwMC9zdmciPjwvc3ZnPg==\" class=\"lazyload\" style=\"--smush-placeholder-width: 569px; --smush-placeholder-aspect-ratio: 569\/427;\" \/><\/p>\n<p style=\"text-align: center;\">&nbsp;<\/p>\n","protected":false},"excerpt":{"rendered":"<p>Ayer empezaba el proyecto \u00abSOS Poes\u00eda en los IES\u00bb organizada por el Departamento de Educaci\u00f3n e Infancia del Ayuntamiento de Alzira al cual se ofrecen talleres y recitales de poes\u00eda dirigidos al alumnado de 3.\u00ba de ESO. Se trata de una actividad que se enmarca dentro de las propuestas para celebrar el 2 de abril, &hellip; <\/p>\n<p class=\"link-more\"><a href=\"https:\/\/alzira.es\/es\/sos-poesia-la-campanya-per-a-donar-veu-als-versos-als-instituts-d-alzira\/\" class=\"more-link\">Continuar leyendo<span class=\"screen-reader-text\"> \u00ab\u201cSOS Poes\u00eda\u201d, la campa\u00f1a para dar voz a los versos en los institutos de Alzira\u00bb<\/span><\/a><\/p>\n","protected":false},"author":29,"featured_media":0,"comment_status":"closed","ping_status":"closed","sticky":false,"template":"","format":"standard","meta":{"_acf_changed":false,"footnotes":""},"categories":[4936],"tags":[],"class_list":["post-90167","post","type-post","status-publish","format-standard","hentry","category-hemeroteca-es"],"acf":[],"_links":{"self":[{"href":"https:\/\/alzira.es\/es\/wp-json\/wp\/v2\/posts\/90167","targetHints":{"allow":["GET"]}}],"collection":[{"href":"https:\/\/alzira.es\/es\/wp-json\/wp\/v2\/posts"}],"about":[{"href":"https:\/\/alzira.es\/es\/wp-json\/wp\/v2\/types\/post"}],"author":[{"embeddable":true,"href":"https:\/\/alzira.es\/es\/wp-json\/wp\/v2\/users\/29"}],"replies":[{"embeddable":true,"href":"https:\/\/alzira.es\/es\/wp-json\/wp\/v2\/comments?post=90167"}],"version-history":[{"count":0,"href":"https:\/\/alzira.es\/es\/wp-json\/wp\/v2\/posts\/90167\/revisions"}],"wp:attachment":[{"href":"https:\/\/alzira.es\/es\/wp-json\/wp\/v2\/media?parent=90167"}],"wp:term":[{"taxonomy":"category","embeddable":true,"href":"https:\/\/alzira.es\/es\/wp-json\/wp\/v2\/categories?post=90167"},{"taxonomy":"post_tag","embeddable":true,"href":"https:\/\/alzira.es\/es\/wp-json\/wp\/v2\/tags?post=90167"}],"curies":[{"name":"wp","href":"https:\/\/api.w.org\/{rel}","templated":true}]}}