{"id":90165,"date":"2021-04-20T08:24:22","date_gmt":"2021-04-20T06:24:22","guid":{"rendered":"https:\/\/alzira.es\/el-minipunt-net-a-la-placa-major-te-molt-bona-acollida\/"},"modified":"2021-04-20T08:24:22","modified_gmt":"2021-04-20T06:24:22","slug":"el-minipunt-net-a-la-placa-major-te-molt-bona-acollida","status":"publish","type":"post","link":"https:\/\/alzira.es\/es\/el-minipunt-net-a-la-placa-major-te-molt-bona-acollida\/","title":{"rendered":"El minipunt net en la plaza Mayor tiene muy buena acogida"},"content":{"rendered":"<p style=\"margin-bottom: 14pt; text-align: justify;\"><strong>El Ayuntamiento de Alzira<\/strong>, desde la Concejal\u00eda de Servicios Urbanos, <strong>contin\u00faa apostando por el reciclaje<\/strong>, por eso ha instalado un <em>minipunt<\/em> <em>net<\/em> en la plaza Mayor que permite la recogida de c\u00e1psulas de caf\u00e9; tapones de corcho; aparato el\u00e9ctricos y electr\u00f3nicos; cargadores; pilas, bater\u00edas y acumuladores; bombillas led; y bombillas de bajo consumo.<\/p>\n<p><em>\u00abEn los primero d\u00edas de funcionamiento el resultado es altamente satisfactorio, puesto que se han depositado todo tipo de elementos en los espacios habilitados en el minipunt net. Hacer un buen uso es positivo para todas y todos, puesto que ayuda a mantener en condiciones el medio ambiente en el municipio\u00bb<\/em>, segundo el regidor encargado del \u00e1rea, <strong>Fernando Pascual<\/strong>.<\/p>\n<p>La sensacional acogida del <strong><em>minipunt net<\/em><\/strong> en la<strong> plaza Mayor<\/strong> anima a que en un futuro se instalen m\u00e1s en otros lugares de Alzira para facilitar la tarea del reciclaje.<\/p>\n<p><em>\u00abAfortunadamente cada vez estamos m\u00e1s concienciados en la necesidad de reciclar porque entre otras cosas ayuda a evitar la explotaci\u00f3n de los recursos naturales; se evitan los m\u00e9todos de extracci\u00f3n de recursos naturales, que son invasivos y contaminantes; adem\u00e1s de reducir la contaminaci\u00f3n, proporcionando una atm\u00f3sfera m\u00e1s limpia\u00bb<\/em>, ha se\u00f1alado el regidor<\/p>\n<p style=\"margin-bottom: 14pt; text-align: center;\"><img fetchpriority=\"high\" decoding=\"async\" src=\"https:\/\/alzira.es\/wp-content\/uploads\/2021\/09\/minipunt_1.jpg\" alt=\"minipunt 1\" width=\"392\" height=\"510\" \/>&nbsp;<img decoding=\"async\" data-src=\"https:\/\/alzira.es\/wp-content\/uploads\/2021\/09\/minipunt_2.jpg\" alt=\"minipunt 2\" width=\"395\" height=\"512\" src=\"data:image\/svg+xml;base64,PHN2ZyB3aWR0aD0iMSIgaGVpZ2h0PSIxIiB4bWxucz0iaHR0cDovL3d3dy53My5vcmcvMjAwMC9zdmciPjwvc3ZnPg==\" class=\"lazyload\" style=\"--smush-placeholder-width: 395px; --smush-placeholder-aspect-ratio: 395\/512;\" \/>&nbsp;<img decoding=\"async\" data-src=\"https:\/\/alzira.es\/wp-content\/uploads\/2021\/09\/minipunt_3.jpg\" alt=\"minipunt 3\" width=\"304\" height=\"512\" src=\"data:image\/svg+xml;base64,PHN2ZyB3aWR0aD0iMSIgaGVpZ2h0PSIxIiB4bWxucz0iaHR0cDovL3d3dy53My5vcmcvMjAwMC9zdmciPjwvc3ZnPg==\" class=\"lazyload\" style=\"--smush-placeholder-width: 304px; --smush-placeholder-aspect-ratio: 304\/512;\" \/><\/p>\n<p style=\"margin-bottom: 14pt; text-align: justify;\">&nbsp;<\/p>\n","protected":false},"excerpt":{"rendered":"<p>El Ayuntamiento de Alzira, desde la Concejal\u00eda de Servicios Urbanos, contin\u00faa apostando por el reciclaje, por eso ha instalado un minipunt net en la plaza Mayor que permite la recogida de c\u00e1psulas de caf\u00e9; tapones de corcho; aparato el\u00e9ctricos y electr\u00f3nicos; cargadores; pilas, bater\u00edas y acumuladores; bombillas led; y bombillas de bajo consumo. \u00abEn los &hellip; <\/p>\n<p class=\"link-more\"><a href=\"https:\/\/alzira.es\/es\/el-minipunt-net-a-la-placa-major-te-molt-bona-acollida\/\" class=\"more-link\">Continuar leyendo<span class=\"screen-reader-text\"> \u00abEl minipunt net en la plaza Mayor tiene muy buena acogida\u00bb<\/span><\/a><\/p>\n","protected":false},"author":29,"featured_media":0,"comment_status":"closed","ping_status":"closed","sticky":false,"template":"","format":"standard","meta":{"_acf_changed":false,"footnotes":""},"categories":[4936],"tags":[],"class_list":["post-90165","post","type-post","status-publish","format-standard","hentry","category-hemeroteca-es"],"acf":[],"_links":{"self":[{"href":"https:\/\/alzira.es\/es\/wp-json\/wp\/v2\/posts\/90165","targetHints":{"allow":["GET"]}}],"collection":[{"href":"https:\/\/alzira.es\/es\/wp-json\/wp\/v2\/posts"}],"about":[{"href":"https:\/\/alzira.es\/es\/wp-json\/wp\/v2\/types\/post"}],"author":[{"embeddable":true,"href":"https:\/\/alzira.es\/es\/wp-json\/wp\/v2\/users\/29"}],"replies":[{"embeddable":true,"href":"https:\/\/alzira.es\/es\/wp-json\/wp\/v2\/comments?post=90165"}],"version-history":[{"count":0,"href":"https:\/\/alzira.es\/es\/wp-json\/wp\/v2\/posts\/90165\/revisions"}],"wp:attachment":[{"href":"https:\/\/alzira.es\/es\/wp-json\/wp\/v2\/media?parent=90165"}],"wp:term":[{"taxonomy":"category","embeddable":true,"href":"https:\/\/alzira.es\/es\/wp-json\/wp\/v2\/categories?post=90165"},{"taxonomy":"post_tag","embeddable":true,"href":"https:\/\/alzira.es\/es\/wp-json\/wp\/v2\/tags?post=90165"}],"curies":[{"name":"wp","href":"https:\/\/api.w.org\/{rel}","templated":true}]}}