{"id":90164,"date":"2021-04-19T10:09:30","date_gmt":"2021-04-19T08:09:30","guid":{"rendered":"https:\/\/alzira.es\/alzira-constituix-el-comite-organitzador-de-la-trobada-anual-de-xarxasalut\/"},"modified":"2021-04-19T10:09:30","modified_gmt":"2021-04-19T08:09:30","slug":"alzira-constituix-el-comite-organitzador-de-la-trobada-anual-de-xarxasalut","status":"publish","type":"post","link":"https:\/\/alzira.es\/es\/alzira-constituix-el-comite-organitzador-de-la-trobada-anual-de-xarxasalut\/","title":{"rendered":"Alzira constituye el comit\u00e9 organizador del Encuentro anual de XarxaSalut"},"content":{"rendered":"<p><strong>Alzira<\/strong> es <strong>anfitriona<\/strong> del pr\u00f3ximo encuentro de Xarxa Salud, que tendr\u00e1 lugar entre el 7 y el 10 de junio y que reunir\u00e1 m\u00e1s de un centenar de municipios de toda la Comunidad. El papel de los ayuntamientos en la pandemia centrar\u00e1 esta reuni\u00f3n anual que tiene la finalidad de desarrollar acciones de promoci\u00f3n de la salud.<\/p>\n<p>Esta semana se ha constituido el comit\u00e9 organizador de esta 4.\u00aa jornada de Xarxa Salud, del cual han formado parte el alcalde de Alzira,<strong> Diego G\u00f3mez<\/strong> y las regidoras de Sanidad, <strong>Gemma Al\u00f2s<\/strong>, y de Servicios Sociales, junto a los representados de la Federaci\u00f3n Valenciana de Municipios y provincias, t\u00e9cnicos del Centro de Salud P\u00fablica de Alzira y miembros de la Oficina valenciana de acci\u00f3n comunitaria por la salud.<\/p>\n<p><strong>El encuentro<\/strong> se denominar\u00e1 <strong>Gobernanza m\u00e1s participativa<\/strong>. Ciudades y pueblos m\u00e1s resilientes y girar\u00e1 alrededor de las pol\u00edticas e iniciativas que se impulsan en materia de salud desde los municipios. La pandemia, ha puesto en primera l\u00ednea los municipios, como administraci\u00f3n m\u00e1s pr\u00f3xima a la ciudadan\u00eda.<\/p>\n<p><em>\u00abQueremos que este encuentro sea muy participativo, tenemos que poner en com\u00fan proyectos, ideas, iniciativas de los ayuntamientos, porque compartir estas experiencias nos ayuda a aprender uno de los otros y en este tiempo es muy necesario\u00bb<\/em>, ha explicado la regidora de Sanidad del Ayuntamiento de Alzira, <strong>Gemma Al\u00f3s<\/strong>.<\/p>\n<p>El Encuentro de <em><strong>Xarxa Salud tendr\u00e1 lugar entre el 7 y 10 de junio<\/strong><\/em>, en <em><strong>4 sesiones telem\u00e1ticas<\/strong><\/em>. A lo largo de la misma se espera la participaci\u00f3n de m\u00e1s de un centenar de pueblos de toda la Comunidad Valenciana. Esta ser\u00e1 la primera que se celebra desde que conozcamos la pandemia de la COVID-19, puesto que el a\u00f1o pasado no se pudo celebrar con este motivo<\/p>\n<p>.<\/p>\n<p style=\"text-align: center;\"><img fetchpriority=\"high\" decoding=\"async\" src=\"https:\/\/alzira.es\/wp-content\/uploads\/2021\/09\/xarxa_salut_2.jpeg\" alt=\"xarxa salut 2\" width=\"1113\" height=\"835\" \/><\/p>\n","protected":false},"excerpt":{"rendered":"<p>Alzira es anfitriona del pr\u00f3ximo encuentro de Xarxa Salud, que tendr\u00e1 lugar entre el 7 y el 10 de junio y que reunir\u00e1 m\u00e1s de un centenar de municipios de toda la Comunidad. El papel de los ayuntamientos en la pandemia centrar\u00e1 esta reuni\u00f3n anual que tiene la finalidad de desarrollar acciones de promoci\u00f3n de &hellip; <\/p>\n<p class=\"link-more\"><a href=\"https:\/\/alzira.es\/es\/alzira-constituix-el-comite-organitzador-de-la-trobada-anual-de-xarxasalut\/\" class=\"more-link\">Continuar leyendo<span class=\"screen-reader-text\"> \u00abAlzira constituye el comit\u00e9 organizador del Encuentro anual de XarxaSalut\u00bb<\/span><\/a><\/p>\n","protected":false},"author":29,"featured_media":0,"comment_status":"closed","ping_status":"closed","sticky":false,"template":"","format":"standard","meta":{"_acf_changed":false,"footnotes":""},"categories":[4936],"tags":[],"class_list":["post-90164","post","type-post","status-publish","format-standard","hentry","category-hemeroteca-es"],"acf":[],"_links":{"self":[{"href":"https:\/\/alzira.es\/es\/wp-json\/wp\/v2\/posts\/90164","targetHints":{"allow":["GET"]}}],"collection":[{"href":"https:\/\/alzira.es\/es\/wp-json\/wp\/v2\/posts"}],"about":[{"href":"https:\/\/alzira.es\/es\/wp-json\/wp\/v2\/types\/post"}],"author":[{"embeddable":true,"href":"https:\/\/alzira.es\/es\/wp-json\/wp\/v2\/users\/29"}],"replies":[{"embeddable":true,"href":"https:\/\/alzira.es\/es\/wp-json\/wp\/v2\/comments?post=90164"}],"version-history":[{"count":0,"href":"https:\/\/alzira.es\/es\/wp-json\/wp\/v2\/posts\/90164\/revisions"}],"wp:attachment":[{"href":"https:\/\/alzira.es\/es\/wp-json\/wp\/v2\/media?parent=90164"}],"wp:term":[{"taxonomy":"category","embeddable":true,"href":"https:\/\/alzira.es\/es\/wp-json\/wp\/v2\/categories?post=90164"},{"taxonomy":"post_tag","embeddable":true,"href":"https:\/\/alzira.es\/es\/wp-json\/wp\/v2\/tags?post=90164"}],"curies":[{"name":"wp","href":"https:\/\/api.w.org\/{rel}","templated":true}]}}