{"id":90161,"date":"2021-04-16T11:00:52","date_gmt":"2021-04-16T09:00:52","guid":{"rendered":"https:\/\/alzira.es\/alzira-comenca-a-pagar-les-ajudes-de-la-segona-fase-del-pla-resistir\/"},"modified":"2021-04-16T11:00:52","modified_gmt":"2021-04-16T09:00:52","slug":"alzira-comenca-a-pagar-les-ajudes-de-la-segona-fase-del-pla-resistir","status":"publish","type":"post","link":"https:\/\/alzira.es\/es\/alzira-comenca-a-pagar-les-ajudes-de-la-segona-fase-del-pla-resistir\/","title":{"rendered":"Alzira empieza a pagar las ayudas de la segunda fase del Plan Resistir"},"content":{"rendered":"<h3><em>\u2022 <strong>Hasta<\/strong> <strong>martes 20<\/strong> se podr\u00e1n pedir<\/em><br \/><em>\u2022 <strong>Diego G\u00f3mez<\/strong>: \u00abEstamos trabajando en una tercera convocatoria orientada al comercio\u00bb<\/em><\/h3>\n<p>Ayer se reun\u00eda la comisi\u00f3n de valoraci\u00f3n de las ayudas para valorar las solicitudes presentadas en esta <strong>segunda convocatoria de ayudas <\/strong>del<strong> Plan Resistir<\/strong> dirigidas a los sectores de la indumentaria, pirotecnia, artistas falleros, tintorer\u00edas, atracciones y paradas de feria ambulante, florister\u00edas, taxistas y fot\u00f3grafos, que se pueden solicitar en la sede electr\u00f3nica municipal hasta el <strong>20 de abril de 2021<\/strong>.<\/p>\n<p>Hasta el momento se han presentado un total de<strong> 47 negocios<\/strong>, <strong>entre los cuales ya se ha ordenado el pago de 31<\/strong>, <strong>el que supone una cantidad de 87.800 euros<\/strong>. El resto han sido requeridas para enmendar o completar la documentaci\u00f3n presentada.<\/p>\n<p>Seg\u00fan ha explicado el <em>regidor de Hacienda<\/em>, <strong>Albert Furi\u00f3<\/strong> <em>\u00abestamos dando curso a estas ayudas y <strong>aprobando su pago incluso antes de que acabe el plazo de presentaci\u00f3n<\/strong>. Cumplimos con el compromiso de este ayuntamiento para dar respuesta a los negocios m\u00e1s afectados por esta crisis sanitaria, econ\u00f3mica y social\u00bb<\/em><\/p>\n<p>La comisi\u00f3n de valoraci\u00f3n de las ayudas se reunir\u00e1 de nuevo una vez se finalice el plazo de presentaci\u00f3n de solicitudes, para valorar la totalidad de las presentadas y as\u00ed empezar a tramitar su pago. Adem\u00e1s, con el remanente, se valora la convocatoria de una tercera fase del plan que ir\u00eda destinada a sectores afectados que no han sido incluidos en la primera ni en la segunda convocatoria.<\/p>\n<p><em>\u00abDel mismo modo que se hizo con la segunda fase, <strong>ya estamos trabajando en una tercera convocatoria a partir del remanente<\/strong> dirigida a sectores que, inicialmente, no estaban reconocidos para recibir las ayudas de la primera y la segunda fase, principalmente del comercio. La Generalitat contemplaba al decreto la posibilidad de ayudar a otros sectores que tambi\u00e9n se han visto afectados por la pandemia y mientras quede remanente, as\u00ed lo haremos\u00bb<\/em>, ha explicado el alcalde de la ciudad, <strong>Diego G\u00f3mez<\/strong>.<\/p>\n<p>El pasado 30 de marzo la Junta de Gobierno Local aprobaba las bases de la segunda convocatoria de ayudas del <strong>Plan Resistir<\/strong> al \u00e1mbito municipal. C\u00f3mo en la primera convocatoria, estas subvenciones implican una cantidad fija de <strong>2.000 euros<\/strong> para cada persona aut\u00f3noma y <strong>200 euros por trabajador<\/strong> o trabajadora en el caso de las microempresas.<\/p>\n<p>Los interesados pueden consultar las bases completas <span style=\"font-size: 12pt;\"><strong><span style=\"text-decoration: underline;\"><span style=\"color: #dc143c;\"><a href=\"contenidos\/COVID-19\/docs\/Bases_ajudes_segona_convocatoria_Plan_Resistir.pdf\" target=\"_blank\" rel=\"noopener\"><span style=\"color: #dc143c; text-decoration: underline;\">aqu\u00ed<\/span><\/a><\/span><\/span><\/strong><\/span><\/p>\n<p style=\"text-align: center;\"><span style=\"text-decoration: underline;\"><img fetchpriority=\"high\" decoding=\"async\" src=\"https:\/\/alzira.es\/wp-content\/uploads\/2021\/09\/comissio_pla_resistir.jpeg\" alt=\"comissio pla resistir\" width=\"673\" height=\"506\" \/><\/span>&nbsp;<img decoding=\"async\" data-src=\"https:\/\/alzira.es\/wp-content\/uploads\/2021\/09\/segona_fase.jpg\" alt=\"segona fase\" width=\"598\" height=\"507\" src=\"data:image\/svg+xml;base64,PHN2ZyB3aWR0aD0iMSIgaGVpZ2h0PSIxIiB4bWxucz0iaHR0cDovL3d3dy53My5vcmcvMjAwMC9zdmciPjwvc3ZnPg==\" class=\"lazyload\" style=\"--smush-placeholder-width: 598px; --smush-placeholder-aspect-ratio: 598\/507;\" \/><\/p>\n","protected":false},"excerpt":{"rendered":"<p>\u2022 Hasta martes 20 se podr\u00e1n pedir\u2022 Diego G\u00f3mez: \u00abEstamos trabajando en una tercera convocatoria orientada al comercio\u00bb Ayer se reun\u00eda la comisi\u00f3n de valoraci\u00f3n de las ayudas para valorar las solicitudes presentadas en esta segunda convocatoria de ayudas del Plan Resistir dirigidas a los sectores de la indumentaria, pirotecnia, artistas falleros, tintorer\u00edas, atracciones y &hellip; <\/p>\n<p class=\"link-more\"><a href=\"https:\/\/alzira.es\/es\/alzira-comenca-a-pagar-les-ajudes-de-la-segona-fase-del-pla-resistir\/\" class=\"more-link\">Continuar leyendo<span class=\"screen-reader-text\"> \u00abAlzira empieza a pagar las ayudas de la segunda fase del Plan Resistir\u00bb<\/span><\/a><\/p>\n","protected":false},"author":29,"featured_media":0,"comment_status":"closed","ping_status":"closed","sticky":false,"template":"","format":"standard","meta":{"_acf_changed":false,"footnotes":""},"categories":[4936],"tags":[],"class_list":["post-90161","post","type-post","status-publish","format-standard","hentry","category-hemeroteca-es"],"acf":[],"_links":{"self":[{"href":"https:\/\/alzira.es\/es\/wp-json\/wp\/v2\/posts\/90161","targetHints":{"allow":["GET"]}}],"collection":[{"href":"https:\/\/alzira.es\/es\/wp-json\/wp\/v2\/posts"}],"about":[{"href":"https:\/\/alzira.es\/es\/wp-json\/wp\/v2\/types\/post"}],"author":[{"embeddable":true,"href":"https:\/\/alzira.es\/es\/wp-json\/wp\/v2\/users\/29"}],"replies":[{"embeddable":true,"href":"https:\/\/alzira.es\/es\/wp-json\/wp\/v2\/comments?post=90161"}],"version-history":[{"count":0,"href":"https:\/\/alzira.es\/es\/wp-json\/wp\/v2\/posts\/90161\/revisions"}],"wp:attachment":[{"href":"https:\/\/alzira.es\/es\/wp-json\/wp\/v2\/media?parent=90161"}],"wp:term":[{"taxonomy":"category","embeddable":true,"href":"https:\/\/alzira.es\/es\/wp-json\/wp\/v2\/categories?post=90161"},{"taxonomy":"post_tag","embeddable":true,"href":"https:\/\/alzira.es\/es\/wp-json\/wp\/v2\/tags?post=90161"}],"curies":[{"name":"wp","href":"https:\/\/api.w.org\/{rel}","templated":true}]}}