{"id":55637,"date":"2021-03-24T13:38:22","date_gmt":"2021-03-24T12:38:22","guid":{"rendered":"https:\/\/alzira.es\/convocatoria-08-2020-seleccio-en-propietat-duna-placa-de-tecnic-superior-dadministracio-general-pel-sistema-de-promocio-interna-placa-20201\/"},"modified":"2021-03-24T13:38:22","modified_gmt":"2021-03-24T12:38:22","slug":"convocatoria-08-2020-seleccio-en-propietat-duna-placa-de-tecnic-superior-dadministracio-general-pel-sistema-de-promocio-interna-placa-20201","status":"publish","type":"post","link":"https:\/\/alzira.es\/es\/convocatoria-08-2020-seleccio-en-propietat-duna-placa-de-tecnic-superior-dadministracio-general-pel-sistema-de-promocio-interna-placa-20201\/","title":{"rendered":"CONVOCAT\u00d2RIA 08\/2020.- Selecci\u00f3 en propietat d\u2019UNA pla\u00e7a de T\u00e8cnic Superior d\u2019Administraci\u00f3 General pel sistema de promoci\u00f3 interna, pla\u00e7a 20201."},"content":{"rendered":"<p><strong><span style=\"color: #000000;\">Termini de presentaci\u00f3 de sol\u00b7licituds: Vint dies h\u00e0bils a partir de l&#8217;endem\u00e0 de la publicaci\u00f3 en el Butllet\u00ed Oficial de l&#8217;Estat.<\/span><\/strong><\/p>\n<p><span style=\"color: #993300;\"><strong>DOCUMENTS DE L&#8217;EXPEDIENT:<\/strong><\/span><\/p>\n<p>{jd_file onlinelayout==Alzira_Perfil_Contratante_cast}{jd_file category==2605 count==0}<\/p>\n<p>&nbsp;<\/p>\n<p>&nbsp;<\/p>\n","protected":false},"excerpt":{"rendered":"<p>Termini de presentaci\u00f3 de sol\u00b7licituds: Vint dies h\u00e0bils a partir de l&#8217;endem\u00e0 de la publicaci\u00f3 en el Butllet\u00ed Oficial de l&#8217;Estat. DOCUMENTS DE L&#8217;EXPEDIENT: {jd_file onlinelayout==Alzira_Perfil_Contratante_cast}{jd_file category==2605 count==0} &nbsp; &nbsp;<\/p>\n","protected":false},"author":29,"featured_media":0,"comment_status":"","ping_status":"","sticky":false,"template":"","format":"standard","meta":{"_acf_changed":false,"footnotes":""},"categories":[],"tags":[],"class_list":["post-55637","post","type-post","status-publish","format-standard","hentry"],"acf":[],"_links":{"self":[{"href":"https:\/\/alzira.es\/es\/wp-json\/wp\/v2\/posts\/55637","targetHints":{"allow":["GET"]}}],"collection":[{"href":"https:\/\/alzira.es\/es\/wp-json\/wp\/v2\/posts"}],"about":[{"href":"https:\/\/alzira.es\/es\/wp-json\/wp\/v2\/types\/post"}],"author":[{"embeddable":true,"href":"https:\/\/alzira.es\/es\/wp-json\/wp\/v2\/users\/29"}],"replies":[{"embeddable":true,"href":"https:\/\/alzira.es\/es\/wp-json\/wp\/v2\/comments?post=55637"}],"version-history":[{"count":0,"href":"https:\/\/alzira.es\/es\/wp-json\/wp\/v2\/posts\/55637\/revisions"}],"wp:attachment":[{"href":"https:\/\/alzira.es\/es\/wp-json\/wp\/v2\/media?parent=55637"}],"wp:term":[{"taxonomy":"category","embeddable":true,"href":"https:\/\/alzira.es\/es\/wp-json\/wp\/v2\/categories?post=55637"},{"taxonomy":"post_tag","embeddable":true,"href":"https:\/\/alzira.es\/es\/wp-json\/wp\/v2\/tags?post=55637"}],"curies":[{"name":"wp","href":"https:\/\/api.w.org\/{rel}","templated":true}]}}