{"id":55632,"date":"2021-03-15T10:21:39","date_gmt":"2021-03-15T09:21:39","guid":{"rendered":"https:\/\/alzira.es\/convocatoria-11-2019-dos-plazas-de-educador-a\/"},"modified":"2021-03-15T10:21:39","modified_gmt":"2021-03-15T09:21:39","slug":"convocatoria-11-2019-dos-plazas-de-educador-a","status":"publish","type":"post","link":"https:\/\/alzira.es\/es\/convocatoria-11-2019-dos-plazas-de-educador-a\/","title":{"rendered":"CONVOCATORIA 11\/2019.- Selecci\u00f3n en propiedad de DOS plazas de Educador \/ a Social por el sistema de concurso oposici\u00f3n libre"},"content":{"rendered":"<p><strong>Plazo de presentaci\u00f3n de solicitudes:<\/strong> VEINTE D\u00cdAS H\u00c1BILES a partir del d\u00eda siguiente de la publicaci\u00f3n al BOE <span style=\"color: #ff0000; font-size: 18pt;\"><em><strong>(PENDIENTE DE PUBLICACI\u00d3N EN EL BOE)<\/strong><\/em><\/span>.<\/p>\n<p><span style=\"color: #993300;\"><strong>DOCUMENTOS DEL EXPEDIENTE:<\/strong><\/span><\/p>\n<p>{jd_file onlinelayout==Alzira_Perfil_Contratante_cast}{jd_file category==2603 count==0}<\/p>\n","protected":false},"excerpt":{"rendered":"<p>Plazo de presentaci\u00f3n de solicitudes: VEINTE D\u00cdAS H\u00c1BILES a partir del d\u00eda siguiente de la publicaci\u00f3n al BOE (PENDIENTE DE PUBLICACI\u00d3N EN EL BOE). DOCUMENTOS DEL EXPEDIENTE: {jd_file onlinelayout==Alzira_Perfil_Contratante_cast}{jd_file category==2603 count==0}<\/p>\n","protected":false},"author":29,"featured_media":0,"comment_status":"","ping_status":"","sticky":false,"template":"","format":"standard","meta":{"_acf_changed":false,"footnotes":""},"categories":[],"tags":[],"class_list":["post-55632","post","type-post","status-publish","format-standard","hentry"],"acf":[],"_links":{"self":[{"href":"https:\/\/alzira.es\/es\/wp-json\/wp\/v2\/posts\/55632","targetHints":{"allow":["GET"]}}],"collection":[{"href":"https:\/\/alzira.es\/es\/wp-json\/wp\/v2\/posts"}],"about":[{"href":"https:\/\/alzira.es\/es\/wp-json\/wp\/v2\/types\/post"}],"author":[{"embeddable":true,"href":"https:\/\/alzira.es\/es\/wp-json\/wp\/v2\/users\/29"}],"replies":[{"embeddable":true,"href":"https:\/\/alzira.es\/es\/wp-json\/wp\/v2\/comments?post=55632"}],"version-history":[{"count":0,"href":"https:\/\/alzira.es\/es\/wp-json\/wp\/v2\/posts\/55632\/revisions"}],"wp:attachment":[{"href":"https:\/\/alzira.es\/es\/wp-json\/wp\/v2\/media?parent=55632"}],"wp:term":[{"taxonomy":"category","embeddable":true,"href":"https:\/\/alzira.es\/es\/wp-json\/wp\/v2\/categories?post=55632"},{"taxonomy":"post_tag","embeddable":true,"href":"https:\/\/alzira.es\/es\/wp-json\/wp\/v2\/tags?post=55632"}],"curies":[{"name":"wp","href":"https:\/\/api.w.org\/{rel}","templated":true}]}}