{"id":55631,"date":"2020-11-18T12:49:41","date_gmt":"2020-11-18T11:49:41","guid":{"rendered":"https:\/\/alzira.es\/convocatoria-05-2020-provisio-definitiva-o-temporal-en-millora-ocupacio-o-adscripcio-provisional-diverses-places-concurs-de-merits\/"},"modified":"2020-11-18T12:49:41","modified_gmt":"2020-11-18T11:49:41","slug":"convocatoria-05-2020-provisio-definitiva-o-temporal-en-millora-ocupacio-o-adscripcio-provisional-diverses-places-concurs-de-merits","status":"publish","type":"post","link":"https:\/\/alzira.es\/es\/convocatoria-05-2020-provisio-definitiva-o-temporal-en-millora-ocupacio-o-adscripcio-provisional-diverses-places-concurs-de-merits\/","title":{"rendered":"Convocat\u00f2ria 05\/2020.- Provisi\u00f3 definitiva o temporal en millora ocupaci\u00f3 o adscripci\u00f3 provisional diverses places concurs de m\u00e8rits."},"content":{"rendered":"<p><span style=\"color: #993300;\"><strong style=\"color: #666666; font-size: 14.4px;\"><span style=\"color: #993300;\">Edicte de l&#8217;Ajuntament d&#8217;Alzira sobre nomenaments de funcionaris de carrera.<\/span><\/strong><\/span><\/p>\n<p><span style=\"color: #993300;\">Documents de l&#8217;expedient:<\/span><\/p>\n<p><span style=\"color: #800000; font-family: sans-serif; font-size: 12.0097px; background-color: #eeeeee;\">{jd_file onlinelayout==Alzira_Perfil_Contratante_cast}{jd_file category==2529 count==0}<\/span><\/p>\n","protected":false},"excerpt":{"rendered":"<p>Edicte de l&#8217;Ajuntament d&#8217;Alzira sobre nomenaments de funcionaris de carrera. Documents de l&#8217;expedient: {jd_file onlinelayout==Alzira_Perfil_Contratante_cast}{jd_file category==2529 count==0}<\/p>\n","protected":false},"author":29,"featured_media":0,"comment_status":"","ping_status":"","sticky":false,"template":"","format":"standard","meta":{"_acf_changed":false,"footnotes":""},"categories":[],"tags":[],"class_list":["post-55631","post","type-post","status-publish","format-standard","hentry"],"acf":[],"_links":{"self":[{"href":"https:\/\/alzira.es\/es\/wp-json\/wp\/v2\/posts\/55631","targetHints":{"allow":["GET"]}}],"collection":[{"href":"https:\/\/alzira.es\/es\/wp-json\/wp\/v2\/posts"}],"about":[{"href":"https:\/\/alzira.es\/es\/wp-json\/wp\/v2\/types\/post"}],"author":[{"embeddable":true,"href":"https:\/\/alzira.es\/es\/wp-json\/wp\/v2\/users\/29"}],"replies":[{"embeddable":true,"href":"https:\/\/alzira.es\/es\/wp-json\/wp\/v2\/comments?post=55631"}],"version-history":[{"count":0,"href":"https:\/\/alzira.es\/es\/wp-json\/wp\/v2\/posts\/55631\/revisions"}],"wp:attachment":[{"href":"https:\/\/alzira.es\/es\/wp-json\/wp\/v2\/media?parent=55631"}],"wp:term":[{"taxonomy":"category","embeddable":true,"href":"https:\/\/alzira.es\/es\/wp-json\/wp\/v2\/categories?post=55631"},{"taxonomy":"post_tag","embeddable":true,"href":"https:\/\/alzira.es\/es\/wp-json\/wp\/v2\/tags?post=55631"}],"curies":[{"name":"wp","href":"https:\/\/api.w.org\/{rel}","templated":true}]}}