{"id":55627,"date":"2020-07-27T07:29:20","date_gmt":"2020-07-27T05:29:20","guid":{"rendered":"https:\/\/alzira.es\/convocatoria-13-2019-seleccio-en-propietat-15-places-policia-local-5-per-mobilitat-y-10-torn-lliure\/"},"modified":"2020-07-27T07:29:20","modified_gmt":"2020-07-27T05:29:20","slug":"convocatoria-13-2019-seleccio-en-propietat-15-places-policia-local-5-per-mobilitat-y-10-torn-lliure","status":"publish","type":"post","link":"https:\/\/alzira.es\/es\/convocatoria-13-2019-seleccio-en-propietat-15-places-policia-local-5-per-mobilitat-y-10-torn-lliure\/","title":{"rendered":"Convocat\u00f2ria 13\/2019 Selecci\u00f3 en propietat 15 places policia local, 5 per mobilitat y 10 torn lliure"},"content":{"rendered":"<p><strong>Vista la situaci\u00f3 sanit\u00e0ria creada per la COVID19, l&#8217;anunci de la celebraci\u00f3 de la primera prova es publicar\u00e0 a la web amb CINC DIES H\u00c0BILS d&#8217;antelaci\u00f3 com a m\u00ednim a la data de realitzaci\u00f3 de la mateixa.<\/strong><\/p>\n<p><span style=\"color: #993300;\"><span style=\"font-family: arial, helvetica, sans-serif;\"><strong style=\"line-height: 1.6;\">DOCUMENTOS DEL EXPEDIENTE:<\/strong><\/span><\/span><\/p>\n<p><span style=\"color: #993300;\">{jd_file onlinelayout==Alzira_Perfil_Contratante_cast}{jd_file category==2528 count==0}<\/span><\/p>\n<p style=\"margin-top: 0px; margin-bottom: 15px; margin-left: 10px; padding: 0px; font-size: 12.0097px; color: #000000; font-family: Arial, Helvetica, sans-serif; background-color: #eeeeee;\"><span style=\"color: #993300;\"><span style=\"font-family: arial, helvetica, sans-serif;\"><strong style=\"line-height: 1.6;\">&nbsp;<\/strong><\/span><\/span><\/p>\n","protected":false},"excerpt":{"rendered":"<p>Vista la situaci\u00f3 sanit\u00e0ria creada per la COVID19, l&#8217;anunci de la celebraci\u00f3 de la primera prova es publicar\u00e0 a la web amb CINC DIES H\u00c0BILS d&#8217;antelaci\u00f3 com a m\u00ednim a la data de realitzaci\u00f3 de la mateixa. DOCUMENTOS DEL EXPEDIENTE: {jd_file onlinelayout==Alzira_Perfil_Contratante_cast}{jd_file category==2528 count==0} &nbsp;<\/p>\n","protected":false},"author":29,"featured_media":0,"comment_status":"","ping_status":"","sticky":false,"template":"","format":"standard","meta":{"_acf_changed":false,"footnotes":""},"categories":[],"tags":[],"class_list":["post-55627","post","type-post","status-publish","format-standard","hentry"],"acf":[],"_links":{"self":[{"href":"https:\/\/alzira.es\/es\/wp-json\/wp\/v2\/posts\/55627","targetHints":{"allow":["GET"]}}],"collection":[{"href":"https:\/\/alzira.es\/es\/wp-json\/wp\/v2\/posts"}],"about":[{"href":"https:\/\/alzira.es\/es\/wp-json\/wp\/v2\/types\/post"}],"author":[{"embeddable":true,"href":"https:\/\/alzira.es\/es\/wp-json\/wp\/v2\/users\/29"}],"replies":[{"embeddable":true,"href":"https:\/\/alzira.es\/es\/wp-json\/wp\/v2\/comments?post=55627"}],"version-history":[{"count":0,"href":"https:\/\/alzira.es\/es\/wp-json\/wp\/v2\/posts\/55627\/revisions"}],"wp:attachment":[{"href":"https:\/\/alzira.es\/es\/wp-json\/wp\/v2\/media?parent=55627"}],"wp:term":[{"taxonomy":"category","embeddable":true,"href":"https:\/\/alzira.es\/es\/wp-json\/wp\/v2\/categories?post=55627"},{"taxonomy":"post_tag","embeddable":true,"href":"https:\/\/alzira.es\/es\/wp-json\/wp\/v2\/tags?post=55627"}],"curies":[{"name":"wp","href":"https:\/\/api.w.org\/{rel}","templated":true}]}}