{"id":55599,"date":"2019-03-27T08:57:27","date_gmt":"2019-03-27T07:57:27","guid":{"rendered":"https:\/\/alzira.es\/convocatoria-2-19-seleccio-de-10-places-dagents-de-la-policia-local-en-propietat-procediment-de-consolidacio-docupacio-temporal\/"},"modified":"2019-03-27T08:57:27","modified_gmt":"2019-03-27T07:57:27","slug":"convocatoria-2-19-seleccio-de-10-places-dagents-de-la-policia-local-en-propietat-procediment-de-consolidacio-docupacio-temporal","status":"publish","type":"post","link":"https:\/\/alzira.es\/es\/convocatoria-2-19-seleccio-de-10-places-dagents-de-la-policia-local-en-propietat-procediment-de-consolidacio-docupacio-temporal\/","title":{"rendered":"Convocat\u00f2ria 2\/19.- Selecci\u00f3 de 10 places d&#8217;agents de la policia local en propietat, procediment de consolidaci\u00f3 d&#8217;ocupaci\u00f3 temporal."},"content":{"rendered":"<p><em style=\"color: #666666; font-family: sans-serif; font-size: 14.4px;\"><span style=\"color: #800000; font-size: 14.4px;\"><span style=\"font-size: 14.4px;\"><span style=\"font-size: 14.4px;\"><strong style=\"line-height: 1.6; font-size: 14.4px;\"><span style=\"line-height: 1.6; font-size: 14.4px;\">DOCUMENTS DE L&#8217;EXPEDIENT:<\/span><\/strong><\/span><\/span><\/span><\/em><\/p>\n<p>{jd_file onlinelayout==Alzira_Perfil_Contratante_cast}{jd_file category==2587 count==0}<\/p>\n<p>&nbsp;<\/p>\n","protected":false},"excerpt":{"rendered":"<p>DOCUMENTS DE L&#8217;EXPEDIENT: {jd_file onlinelayout==Alzira_Perfil_Contratante_cast}{jd_file category==2587 count==0} &nbsp;<\/p>\n","protected":false},"author":29,"featured_media":0,"comment_status":"","ping_status":"","sticky":false,"template":"","format":"standard","meta":{"_acf_changed":false,"footnotes":""},"categories":[],"tags":[],"class_list":["post-55599","post","type-post","status-publish","format-standard","hentry"],"acf":[],"_links":{"self":[{"href":"https:\/\/alzira.es\/es\/wp-json\/wp\/v2\/posts\/55599","targetHints":{"allow":["GET"]}}],"collection":[{"href":"https:\/\/alzira.es\/es\/wp-json\/wp\/v2\/posts"}],"about":[{"href":"https:\/\/alzira.es\/es\/wp-json\/wp\/v2\/types\/post"}],"author":[{"embeddable":true,"href":"https:\/\/alzira.es\/es\/wp-json\/wp\/v2\/users\/29"}],"replies":[{"embeddable":true,"href":"https:\/\/alzira.es\/es\/wp-json\/wp\/v2\/comments?post=55599"}],"version-history":[{"count":0,"href":"https:\/\/alzira.es\/es\/wp-json\/wp\/v2\/posts\/55599\/revisions"}],"wp:attachment":[{"href":"https:\/\/alzira.es\/es\/wp-json\/wp\/v2\/media?parent=55599"}],"wp:term":[{"taxonomy":"category","embeddable":true,"href":"https:\/\/alzira.es\/es\/wp-json\/wp\/v2\/categories?post=55599"},{"taxonomy":"post_tag","embeddable":true,"href":"https:\/\/alzira.es\/es\/wp-json\/wp\/v2\/tags?post=55599"}],"curies":[{"name":"wp","href":"https:\/\/api.w.org\/{rel}","templated":true}]}}