{"id":55598,"date":"2019-03-27T08:57:27","date_gmt":"2019-03-27T07:57:27","guid":{"rendered":"https:\/\/alzira.es\/convocatoria-2-19-seleccion-de-10-plazas-de-agentes-de-la-policia-local-en-propiedad-procedimento-de-consolidacion-de-empleo-temporal\/"},"modified":"2021-09-01T22:30:07","modified_gmt":"2021-09-01T20:30:07","slug":"convocatoria-2-19-seleccion-de-10-plazas-de-agentes-de-la-policia-local-en-propiedad-procedimento-de-consolidacion-de-empleo-temporal","status":"publish","type":"post","link":"https:\/\/alzira.es\/es\/convocatoria-2-19-seleccion-de-10-plazas-de-agentes-de-la-policia-local-en-propiedad-procedimento-de-consolidacion-de-empleo-temporal\/","title":{"rendered":"Convocatoria 2\/19.- Selecci\u00f3n de 10 plazas de agentes de la polic\u00eda local en propiedad, procedimento de consolidaci\u00f3n de empleo temporal."},"content":{"rendered":"<p><strong style=\"font-size: 14.4px;\"><span style=\"color: #000000;\"><span style=\"color: #993300; font-family: Calibri, sans-serif;\"><span style=\"font-size: 18.66px;\"><em style=\"font-size: 14.4px; line-height: 1.6;\"><em style=\"color: #666666; font-family: sans-serif; font-size: 14.4px;\"><span style=\"font-size: 14.4px; color: #800000;\"><span style=\"font-size: 14.4px;\"><span style=\"font-size: 14.4px;\"><strong style=\"font-size: 14.4px; line-height: 1.6;\"><span style=\"font-size: 14.4px; line-height: 1.6;\">DOCUMENTOS DEL EXPEDIENTE:<\/span><\/strong><\/span><\/span><\/span><\/em><\/em><\/span><\/span><\/span><\/strong><\/p>\n<p>{jd_file onlinelayout==Alzira_Perfil_Contratante_cast}{jd_file category==2587 count==0}<\/p>\n<p>&nbsp;<\/p>\n","protected":false},"excerpt":{"rendered":"<p>DOCUMENTOS DEL EXPEDIENTE: {jd_file onlinelayout==Alzira_Perfil_Contratante_cast}{jd_file category==2587 count==0} &nbsp;<\/p>\n","protected":false},"author":29,"featured_media":0,"comment_status":"closed","ping_status":"","sticky":false,"template":"","format":"standard","meta":{"_acf_changed":false,"footnotes":""},"categories":[],"tags":[],"class_list":["post-55598","post","type-post","status-publish","format-standard","hentry"],"acf":[],"_links":{"self":[{"href":"https:\/\/alzira.es\/es\/wp-json\/wp\/v2\/posts\/55598","targetHints":{"allow":["GET"]}}],"collection":[{"href":"https:\/\/alzira.es\/es\/wp-json\/wp\/v2\/posts"}],"about":[{"href":"https:\/\/alzira.es\/es\/wp-json\/wp\/v2\/types\/post"}],"author":[{"embeddable":true,"href":"https:\/\/alzira.es\/es\/wp-json\/wp\/v2\/users\/29"}],"replies":[{"embeddable":true,"href":"https:\/\/alzira.es\/es\/wp-json\/wp\/v2\/comments?post=55598"}],"version-history":[{"count":1,"href":"https:\/\/alzira.es\/es\/wp-json\/wp\/v2\/posts\/55598\/revisions"}],"predecessor-version":[{"id":88280,"href":"https:\/\/alzira.es\/es\/wp-json\/wp\/v2\/posts\/55598\/revisions\/88280"}],"wp:attachment":[{"href":"https:\/\/alzira.es\/es\/wp-json\/wp\/v2\/media?parent=55598"}],"wp:term":[{"taxonomy":"category","embeddable":true,"href":"https:\/\/alzira.es\/es\/wp-json\/wp\/v2\/categories?post=55598"},{"taxonomy":"post_tag","embeddable":true,"href":"https:\/\/alzira.es\/es\/wp-json\/wp\/v2\/tags?post=55598"}],"curies":[{"name":"wp","href":"https:\/\/api.w.org\/{rel}","templated":true}]}}