{"id":55585,"date":"2019-05-02T11:13:54","date_gmt":"2019-05-02T09:13:54","guid":{"rendered":"https:\/\/alzira.es\/convocatoria-9-18-gestors-es-administratius-ves-oficina-la-clau-oac-comissio-de-servicis-interna\/"},"modified":"2019-05-02T11:13:54","modified_gmt":"2019-05-02T09:13:54","slug":"convocatoria-9-18-gestors-es-administratius-ves-oficina-la-clau-oac-comissio-de-servicis-interna","status":"publish","type":"post","link":"https:\/\/alzira.es\/es\/convocatoria-9-18-gestors-es-administratius-ves-oficina-la-clau-oac-comissio-de-servicis-interna\/","title":{"rendered":"Convocat\u00f2ria 9\/18.- Gestors\/es Administratius\/ves Oficina LA CLAU- OAC (comissi\u00f3 de servicis interna)."},"content":{"rendered":"<p><strong style=\"font-size: 14.4px;\"><span style=\"color: #000000;\"><span style=\"color: #993300; font-family: Calibri, sans-serif;\"><span style=\"font-size: 18.6667px;\"><strong style=\"font-size: 14.4px;\"><span style=\"color: #000000;\"><span style=\"color: #993300; font-family: Calibri, sans-serif;\"><span style=\"font-size: 18.6667px;\">EDICTE resultats definitius&nbsp;resoltes al.legacions.<\/span><\/span><\/span><\/strong><\/span><\/span><\/span><\/strong><\/p>\n<p><strong style=\"font-size: 14.4px;\"><span style=\"color: #000000;\"><span style=\"color: #993300; font-family: Calibri, sans-serif;\"><span style=\"font-size: 18.6667px;\"><strong style=\"font-size: 14.4px;\"><span style=\"color: #000000;\"><span style=\"color: #993300; font-family: Calibri, sans-serif;\"><span style=\"font-size: 18.6667px;\"><span style=\"color: #000000;\"><span style=\"color: #993300; font-family: Calibri, sans-serif;\"><span style=\"font-size: 18.66px;\"><a href=\"https:\/\/alzira.es\/wp-content\/uploads\/2016\/12\/rhh_i_002_v.pdf\"><span style=\"font-size: 14.4px;\">&nbsp;<\/span><em style=\"font-size: 14.4px; line-height: 1.6;\"><span style=\"font-family: arial, helvetica, sans-serif; color: #800000;\"><span style=\"font-size: 14.4px; line-height: 1.6;\"><span style=\"font-size: 14.4px; line-height: 23.04px;\"><span style=\"font-size: 14.4px; line-height: 23.04px;\"><img decoding=\"async\" width=\"18\" height=\"15\" class=\"size-full wp-image-55580 lazyload\" title=\"Descargar\" data-src=\"https:\/\/alzira.es\/wp-content\/uploads\/2019\/05\/pdf_rojo.gif\" alt=\"pdf rojo\" src=\"data:image\/svg+xml;base64,PHN2ZyB3aWR0aD0iMSIgaGVpZ2h0PSIxIiB4bWxucz0iaHR0cDovL3d3dy53My5vcmcvMjAwMC9zdmciPjwvc3ZnPg==\" style=\"--smush-placeholder-width: 18px; --smush-placeholder-aspect-ratio: 18\/15;\" \/>&nbsp;Sol.licitud d&#8217;admissi\u00f3 a proves per a la selecci\u00f3 de personal.<\/span><\/span><\/span><\/span><\/em><span style=\"font-size: 14.4px;\">&nbsp;<\/span><\/a><\/span><\/span><\/span><\/span><\/span><\/span><\/strong><\/span><\/span><\/span><\/strong><\/p>\n<p><em style=\"color: #666666; font-family: sans-serif; font-size: 14.4px;\"><strong style=\"font-size: 14.4px; color: #800000;\">NOTA:<\/strong><span style=\"font-size: 14.4px; color: #800000;\">&nbsp;<span style=\"font-size: 14.4px;\">HORARI DE PRESENTACI\u00d3 DE SOL.LICITUDS EN LA CLAU:&nbsp; De dilluns a divendres<span style=\"font-size: 14.4px;\">&nbsp;de 9 a 14,00h; dimarts i dimecres de 9 a 18h ininterrompudament.<\/span><\/span><\/span><\/em><\/p>\n<p><strong style=\"font-size: 14.4px; line-height: 1.6;\"><span style=\"font-size: 14.4px; line-height: 1.6;\">DOCUMENTS DE L&#8217;EXPEDIENTE:<\/span><\/strong><\/p>\n<p>{jd_file onlinelayout==Alzira_Perfil_Contratante_cast}{jd_file category==2039 count==0}<\/p>\n<p>&nbsp;<\/p>\n","protected":false},"excerpt":{"rendered":"<p>EDICTE resultats definitius&nbsp;resoltes al.legacions. &nbsp;&nbsp;Sol.licitud d&#8217;admissi\u00f3 a proves per a la selecci\u00f3 de personal.&nbsp; NOTA:&nbsp;HORARI DE PRESENTACI\u00d3 DE SOL.LICITUDS EN LA CLAU:&nbsp; De dilluns a divendres&nbsp;de 9 a 14,00h; dimarts i dimecres de 9 a 18h ininterrompudament. DOCUMENTS DE L&#8217;EXPEDIENTE: {jd_file onlinelayout==Alzira_Perfil_Contratante_cast}{jd_file category==2039 count==0} &nbsp;<\/p>\n","protected":false},"author":29,"featured_media":88279,"comment_status":"","ping_status":"","sticky":false,"template":"","format":"standard","meta":{"_acf_changed":false,"footnotes":""},"categories":[],"tags":[],"class_list":["post-55585","post","type-post","status-publish","format-standard","has-post-thumbnail","hentry"],"acf":[],"_links":{"self":[{"href":"https:\/\/alzira.es\/es\/wp-json\/wp\/v2\/posts\/55585","targetHints":{"allow":["GET"]}}],"collection":[{"href":"https:\/\/alzira.es\/es\/wp-json\/wp\/v2\/posts"}],"about":[{"href":"https:\/\/alzira.es\/es\/wp-json\/wp\/v2\/types\/post"}],"author":[{"embeddable":true,"href":"https:\/\/alzira.es\/es\/wp-json\/wp\/v2\/users\/29"}],"replies":[{"embeddable":true,"href":"https:\/\/alzira.es\/es\/wp-json\/wp\/v2\/comments?post=55585"}],"version-history":[{"count":0,"href":"https:\/\/alzira.es\/es\/wp-json\/wp\/v2\/posts\/55585\/revisions"}],"wp:featuredmedia":[{"embeddable":true,"href":"https:\/\/alzira.es\/es\/wp-json\/wp\/v2\/media\/88279"}],"wp:attachment":[{"href":"https:\/\/alzira.es\/es\/wp-json\/wp\/v2\/media?parent=55585"}],"wp:term":[{"taxonomy":"category","embeddable":true,"href":"https:\/\/alzira.es\/es\/wp-json\/wp\/v2\/categories?post=55585"},{"taxonomy":"post_tag","embeddable":true,"href":"https:\/\/alzira.es\/es\/wp-json\/wp\/v2\/tags?post=55585"}],"curies":[{"name":"wp","href":"https:\/\/api.w.org\/{rel}","templated":true}]}}