{"id":54391,"date":"2021-04-14T14:33:38","date_gmt":"2021-04-14T12:33:38","guid":{"rendered":"https:\/\/alzira.es\/aviso-posibles-interferencias-al-tdt-en-alzira-2\/"},"modified":"2021-04-14T14:33:38","modified_gmt":"2021-04-14T12:33:38","slug":"aviso-posibles-interferencias-al-tdt-en-alzira-2","status":"publish","type":"post","link":"https:\/\/alzira.es\/es\/aviso-posibles-interferencias-al-tdt-en-alzira-2\/","title":{"rendered":"Av\u00eds possibles interfer\u00e8ncies al TDT a Alzira"},"content":{"rendered":"<h3><em>\u2022 Les operadores de telefonia m\u00f2bil <strong>continuen la implantaci\u00f3 a Alzira<\/strong> de <strong>serveis 4G en la banda de 800MHz<\/strong><\/em><br \/><em>\u2022 La nova tecnologia permetr\u00e0 gaudir als alzirenys i alzirenyes de <strong>serveis de dades m\u00f2bils d&#8217;alta velocitat<\/strong>,<strong> millor cobertura a l&#8217;interior d&#8217;edificis i major extensi\u00f3 geogr\u00e0fica<\/strong><\/em><br \/><em>\u2022 <strong>Llega800<\/strong> \u00e9s l&#8217;entitat encarregada de garantir la <strong>compatibilitat<\/strong> d&#8217;aquest servei <strong>4G<\/strong> amb la <strong>TDT<\/strong> en la banda de 800MHz<\/em><\/h3>\n<p>Les operadores de telefonia m\u00f2bil, <strong>Telef\u00f3nica<\/strong>,<strong> Vodafone i Orange<\/strong>, han anunciat que durant aquesta setmana continuen a Alzira amb el proc\u00e9s d&#8217;implantaci\u00f3 dels serveis 4G en la banda 800MHz per al que t\u00e9 previst l&#8217;encesa d&#8217;un nou node. La nova tecnologia, permet gaudir de <strong>connexions m\u00f2bils d&#8217;alta velocitat<\/strong> sobre <strong>tecnologia LTE (4G)<\/strong> amb una <strong>millor cobertura a l&#8217;interior dels edificis i major abast geogr\u00e0fic<\/strong>.<\/p>\n<p>Per a garantir la compatibilitat de la nova tecnologia amb la Televisi\u00f3 Digital Terrestre (TDT),<strong> Llega800<\/strong> <em>\u00e9s l&#8217;entitat posada en marxa pels operadors per a solucionar qualsevol afectaci\u00f3 en la recepci\u00f3 del senyal de televisi\u00f3<\/em>.<\/p>\n<p>Amb els <strong>nous nodes<\/strong> continua avan\u00e7ant la implantaci\u00f3 4G que, de manera progressiva, s&#8217;est\u00e0 estenent per tota la geografia nacional des de juliol de 2015. Per a comprovar les localitats on ja estan actius aquests serveis es pot consultar el seg\u00fcent enlla\u00e7: <span style=\"text-decoration: underline;\"><span style=\"color: #3366ff;\"><strong><a href=\"https:\/\/www.llega800.es\/listado-de-municipios-activos\/\" target=\"_blank\" rel=\"noopener\"><span style=\"color: #3366ff; text-decoration: underline;\">https:\/\/www.llega800.es\/listado-de-municipios-activos\/<\/span><\/a><\/strong><\/span><\/span>. El desplegament 4G s&#8217;emmarca en els establit en el Reial decret 805\/2014, de 19 de setembre, amb data 1 d&#8217;abril de 2015 en el qual es va procedir a l&#8217;alliberament de les freq\u00fc\u00e8ncies entre 790 i 862 MHz (canals 61 al 69 d&#8217;UHF) que fins llavors s&#8217;empraven per a la recepci\u00f3 de la Televisi\u00f3 Digital Terrestre, proc\u00e9s tamb\u00e9 conegut com a Dividend Digital. A partir de llavors, aquestes freq\u00fc\u00e8ncies van ser assignades a les operadores de telefonia m\u00f2bil per a prestar els seus serveis de telefonia m\u00f2bil 4G.<\/p>\n<p><strong>Principals avantatges: m\u00e9s i millor cobertura<\/strong><\/p>\n<p>Amb la <strong>xarxa 4G<\/strong> s&#8217;ha obert la porta a innovadors serveis i aplicacions, a m\u00e9s de proporcionar significatives millores tant en la <strong>velocitat de desc\u00e0rrega<\/strong>, com d&#8217;<strong>enviament de dades<\/strong> -fotos, m\u00fasica o continguts audiovisuals d&#8217;alta definici\u00f3- o permetre <strong>traure el m\u00e0xim partit a aplicacions online<\/strong>, com els <strong>videojocs<\/strong>.<\/p>\n<p>La xarxa 4G de telefonia m\u00f2bil introdueix dues<strong> millores fonamentals<\/strong>. La primera \u00e9s la <em>solv\u00e8ncia dels diversos problemes relacionats amb orografies complicades presents en la geografia espanyola on tradicionalment fallava la cobertura. La segona, \u00e9s la gran penetraci\u00f3 en zones interiors dels edificis<\/em>.<\/p>\n<p>La nova generaci\u00f3 de la tecnologia 4G tamb\u00e9 facilita la introducci\u00f3 de <strong>nous serveis<\/strong> en l&#8217;<em>\u00e0rea empresarial i de les administracions p\u00fabliques, com a aplicacions empresarials en mobilitat amb alt contingut multim\u00e8dia o l&#8217;\u00fas de la videotrucada<\/em>, entre altres.<\/p>\n<p>A m\u00e9s, la major cobertura que aconsegueix el 4G en la banda de 800MHz millorar\u00e0 el servei a l&#8217;interior d&#8217;edificis i ser\u00e0 la banda que permeta estendre geogr\u00e0ficament el servei de manera eficient.<\/p>\n<p><strong>Garantint la compatibilitat del 4G i la TDT<\/strong><\/p>\n<p><strong>LLega800<\/strong> \u00e9s l&#8217;entitat gestora encarregada d&#8217;oferir els serveis que garantiran la compatibilitat entre la posada en marxa de l&#8217;<strong>emissi\u00f3 del 4G en la banda 800 MHz <\/strong>i la<strong> recepci\u00f3 del servei de TDT<\/strong>.<\/p>\n<p>Aquesta entitat <strong>presta als ciutadans una s\u00e8rie de serveis gratu\u00efts<\/strong> que inclouen, d&#8217;una banda, una actuaci\u00f3 pr\u00e8via, gr\u00e0cies a la qual els ciutadans que residisquen en zones de major afectaci\u00f3 rebran una comunicaci\u00f3 en el seu domicili que els informar\u00e0 que a partir d&#8217;aqueix moment podran sol\u00b7licitar de manera gratu\u00efta l&#8217;adaptaci\u00f3 de l&#8217;antena del seu edifici per a evitar possibles incid\u00e8ncies.<\/p>\n<p>I, per un altre, un procediment correctiu, despr\u00e9s de l&#8217;encesa de les estacions, pel qual <strong>Llega800<\/strong> <em>s&#8217;encarregar\u00e0 d&#8217;atendre els usuaris afectats gestionant i resolent possibles afectacions tamb\u00e9 sense cap cost.<\/em><\/p>\n<p>Per a <strong>gestionar aquests serveis<\/strong>, s&#8217;ha posat a la disposici\u00f3 dels ciutadans un<strong> tel\u00e8fon d&#8217;atenci\u00f3 gratu\u00eft<em> (900 833 999)<\/em><\/strong> i una <strong>p\u00e0gina web<\/strong> <span style=\"text-decoration: underline;\"><strong><span style=\"color: #3366ff;\"><a href=\"https:\/\/www.llega800.es\/index.php\" target=\"_blank\" rel=\"noopener\"><span style=\"color: #3366ff; text-decoration: underline;\">www.llega800.es<\/span><\/a><\/span><\/strong><\/span>.<\/p>\n<p><strong>Beatriz Crespo \/ Marta Garcia<\/strong> <br \/><span style=\"text-decoration: underline;\"><span style=\"color: #9932cc;\"><a href=\"mailto:beatriz.crespo@omnicomprgroup.com\" target=\"_blank\" rel=\"noopener\"><span style=\"color: #9932cc; text-decoration: underline;\">beatriz.crespo@omnicomprgroup.com<\/span><\/a><\/span><\/span> \/ <span style=\"text-decoration: underline;\"><span style=\"color: #9932cc;\"><a href=\"mailto:marta.garcia@omnicomprgroup.com\" target=\"_blank\" rel=\"noopener\"><span style=\"color: #9932cc; text-decoration: underline;\">marta.garcia@omnicomprgroup.com<\/span><\/a><\/span><\/span><br \/><span style=\"text-decoration: underline; color: #9932cc;\"><a href=\"mailto:prensa@llega800.es\" target=\"_blank\" rel=\"noopener\"><span style=\"color: #9932cc; text-decoration: underline;\">prensa@llega800.es<\/span><\/a><\/span><br \/>@llega800<\/p>\n<p style=\"text-align: center;\"><img fetchpriority=\"high\" decoding=\"async\" class=\" size-full wp-image-53321\" src=\"https:\/\/alzira.es\/wp-content\/uploads\/2021\/01\/Llega800_para_ayuntamientos_2.jpeg\" alt=\"Llega800 para ayuntamientos 2\" width=\"1000\" height=\"706\" srcset=\"https:\/\/alzira.es\/wp-content\/uploads\/2021\/01\/Llega800_para_ayuntamientos_2.jpeg 1600w, https:\/\/alzira.es\/wp-content\/uploads\/2021\/01\/Llega800_para_ayuntamientos_2-680x480.jpeg 680w, https:\/\/alzira.es\/wp-content\/uploads\/2021\/01\/Llega800_para_ayuntamientos_2-1430x1010.jpeg 1430w, https:\/\/alzira.es\/wp-content\/uploads\/2021\/01\/Llega800_para_ayuntamientos_2-768x542.jpeg 768w, https:\/\/alzira.es\/wp-content\/uploads\/2021\/01\/Llega800_para_ayuntamientos_2-1536x1085.jpeg 1536w\" sizes=\"(max-width: 706px) 89vw, (max-width: 767px) 82vw, 740px\" \/><\/p>\n<p style=\"text-align: center;\"><img decoding=\"async\" class=\"size-full wp-image-53323 lazyload\" data-src=\"https:\/\/alzira.es\/wp-content\/uploads\/2021\/01\/Llega800_para_ayuntamientos_1.jpeg\" alt=\"Llega800 para ayuntamientos 1\" width=\"1000\" height=\"717\" data-srcset=\"https:\/\/alzira.es\/wp-content\/uploads\/2021\/01\/Llega800_para_ayuntamientos_1.jpeg 1600w, https:\/\/alzira.es\/wp-content\/uploads\/2021\/01\/Llega800_para_ayuntamientos_1-680x487.jpeg 680w, https:\/\/alzira.es\/wp-content\/uploads\/2021\/01\/Llega800_para_ayuntamientos_1-1430x1025.jpeg 1430w, https:\/\/alzira.es\/wp-content\/uploads\/2021\/01\/Llega800_para_ayuntamientos_1-768x551.jpeg 768w, https:\/\/alzira.es\/wp-content\/uploads\/2021\/01\/Llega800_para_ayuntamientos_1-1536x1101.jpeg 1536w\" data-sizes=\"(max-width: 706px) 89vw, (max-width: 767px) 82vw, 740px\" src=\"data:image\/svg+xml;base64,PHN2ZyB3aWR0aD0iMSIgaGVpZ2h0PSIxIiB4bWxucz0iaHR0cDovL3d3dy53My5vcmcvMjAwMC9zdmciPjwvc3ZnPg==\" style=\"--smush-placeholder-width: 1000px; --smush-placeholder-aspect-ratio: 1000\/717;\" \/><\/p>\n","protected":false},"excerpt":{"rendered":"<p>\u2022 Les operadores de telefonia m\u00f2bil continuen la implantaci\u00f3 a Alzira de serveis 4G en la banda de 800MHz\u2022 La nova tecnologia permetr\u00e0 gaudir als alzirenys i alzirenyes de serveis de dades m\u00f2bils d&#8217;alta velocitat, millor cobertura a l&#8217;interior d&#8217;edificis i major extensi\u00f3 geogr\u00e0fica\u2022 Llega800 \u00e9s l&#8217;entitat encarregada de garantir la compatibilitat d&#8217;aquest servei 4G &hellip; <\/p>\n<p class=\"link-more\"><a href=\"https:\/\/alzira.es\/es\/aviso-posibles-interferencias-al-tdt-en-alzira-2\/\" class=\"more-link\">Continuar leyendo<span class=\"screen-reader-text\"> \u00abAv\u00eds possibles interfer\u00e8ncies al TDT a Alzira\u00bb<\/span><\/a><\/p>\n","protected":false},"author":29,"featured_media":53321,"comment_status":"","ping_status":"","sticky":false,"template":"","format":"standard","meta":{"_acf_changed":false,"footnotes":""},"categories":[],"tags":[],"class_list":["post-54391","post","type-post","status-publish","format-standard","has-post-thumbnail","hentry"],"acf":[],"_links":{"self":[{"href":"https:\/\/alzira.es\/es\/wp-json\/wp\/v2\/posts\/54391","targetHints":{"allow":["GET"]}}],"collection":[{"href":"https:\/\/alzira.es\/es\/wp-json\/wp\/v2\/posts"}],"about":[{"href":"https:\/\/alzira.es\/es\/wp-json\/wp\/v2\/types\/post"}],"author":[{"embeddable":true,"href":"https:\/\/alzira.es\/es\/wp-json\/wp\/v2\/users\/29"}],"replies":[{"embeddable":true,"href":"https:\/\/alzira.es\/es\/wp-json\/wp\/v2\/comments?post=54391"}],"version-history":[{"count":0,"href":"https:\/\/alzira.es\/es\/wp-json\/wp\/v2\/posts\/54391\/revisions"}],"wp:featuredmedia":[{"embeddable":true,"href":"https:\/\/alzira.es\/es\/wp-json\/wp\/v2\/media\/53321"}],"wp:attachment":[{"href":"https:\/\/alzira.es\/es\/wp-json\/wp\/v2\/media?parent=54391"}],"wp:term":[{"taxonomy":"category","embeddable":true,"href":"https:\/\/alzira.es\/es\/wp-json\/wp\/v2\/categories?post=54391"},{"taxonomy":"post_tag","embeddable":true,"href":"https:\/\/alzira.es\/es\/wp-json\/wp\/v2\/tags?post=54391"}],"curies":[{"name":"wp","href":"https:\/\/api.w.org\/{rel}","templated":true}]}}