{"id":54379,"date":"2021-04-13T13:54:28","date_gmt":"2021-04-13T11:54:28","guid":{"rendered":"https:\/\/alzira.es\/l-antic-llavador-de-l-alquerieta-obri-les-portes-per-a-visites-2\/"},"modified":"2021-04-13T13:54:28","modified_gmt":"2021-04-13T11:54:28","slug":"l-antic-llavador-de-l-alquerieta-obri-les-portes-per-a-visites-2","status":"publish","type":"post","link":"https:\/\/alzira.es\/es\/l-antic-llavador-de-l-alquerieta-obri-les-portes-per-a-visites-2\/","title":{"rendered":"L\u2019antic llavador de l\u2019Alquerieta obri les portes per a visites"},"content":{"rendered":"<p><strong>L&#8217;antic llavador de l&#8217;Alquerieta<\/strong>, un dels edificis m\u00e9s singulars de la ciutat i, a m\u00e9s, <strong>declarat B\u00e9 de Rellev\u00e0ncia Local<\/strong>, <em><strong>obrir\u00e0 les seues portes per a poder ser visitat dimarts<\/strong>,<strong> dijous i divendres<\/strong>,<strong> d&#8217;11 a 13 hores<\/strong>,<strong> d&#8217;octubre a juny de manera permanent<\/strong><\/em>. Pel que respecta a les visites de juliol a setembre i altres horaris deuran ser concertats al MUMA.<\/p>\n<p><em>\u00abFem un pas m\u00e9s en oferir al p\u00fablic la possibilitat de con\u00e9ixer els llocs amb hist\u00f2ria de la nostra ciutat, els llocs emblem\u00e0tics que han aplegat fins a nosaltres com a testimoni del passat d&#8217;Alzira\u00bb<\/em>, segons la regidora encarregada de l&#8217;\u00e0rea de Patrimoni Cultural, <strong>Isabel Aguilar<\/strong>.<\/p>\n<p><span style=\"text-decoration: underline;\"><strong>EL LLAVADOR DE L&#8217;ALQUERIETA<\/strong><\/span><\/p>\n<p><strong>Es va construir en plena Guerra Civil<\/strong>, convertint-se en una millora social perqu\u00e8 les dones del barri tingueren un lloc digne on netejar la roba,<strong> inaugurant-se el 23 de mar\u00e7 de 1937<\/strong>.<\/p>\n<p>Els llavadors solucionaven el problema de les fam\u00edlies que no tenien aigua als seus domicilis, i havien de despla\u00e7ar-se al riu o safareig on hi havia, patint la incomoditat de les postures que danyaven l&#8217;esquena i els genolls, a m\u00e9s de suportar la inclem\u00e8ncia del temps.<\/p>\n<p>A la ciutat d&#8217;Alzira es van construir un total de quatre llavadors p\u00fablics, dos l&#8217;any 1932 i altres dos l&#8217;any 1937. Els primers a construir-se van ser al carrer Cid i a les proximitats de l&#8217;Hospital de Santa Ll\u00facia, seguit pels llavadors del raval de Santa Maria i del barri de l&#8217;Alquerieta. Malauradament, en arribar l&#8217;aigua corrent i les rentadores a les cases particulars, estes infraestructures caigueren en des\u00fas i foren suprimides l&#8217;1 de juliol de 1975, trenta-huit anys despr\u00e9s de la seua construcci\u00f3.<\/p>\n<p>Un d&#8217;estos llavadors el de l&#8217;Alquerieta ha perdurat, encara que va estar anys abandonat ha sigut recuperat per l&#8217;Ajuntament per a disfrute de la ciutadania com una mostra de l&#8217;arquitectura de l&#8217;\u00e8poca i del paper que va desenvolupar per a la higiene de la roba de la casa, i com no personal, ja que molts xiquets aprofitaven les basses per a llavar-se.<\/p>\n<p>El llavador p\u00fablic del barri de l&#8217;Alquerieta comen\u00e7\u00e0 a construir-se en setembre de 1936, en uns terrenys donats per <strong>Joaquim Lacasa<\/strong> propietari de l&#8217;Hort del \u00abPararayos\u00bb. El projecte va ser dissenyat per Joan Guardiola, arquitecte municipal i va ser portat a terme per la mateixa administraci\u00f3, ja que les subhastes van quedar desertes. Finalment, el llavador seria inaugurat el 23 de mar\u00e7 de 1937.<\/p>\n<p>La construcci\u00f3 s&#8217;al\u00e7a a partir d&#8217;una \u00fanica nau de planta rectangular de tretze metres d&#8217;ampl\u00e0ria per quasi vint-i-quatre de llarg\u00e0ria en una sola altura. La fa\u00e7ana principal, a manera d&#8217;arc de triomf, allotja la porta principal d&#8217;acc\u00e9s a l&#8217;interior del recinte, formada per un gran arc de mig punt de rajola cer\u00e0mica roja a vista. Apareix rematada per l&#8217;escut de la ciutat amb corona republicana. Al seu interior conserva les dos piques allargades o safareig entorn dels quals s&#8217;alineaven les dones convertint-se com un lloc de reuni\u00f3.<\/p>\n<p>El llavador de l&#8217;Alquerieta fou constru\u00eft baix un estil profundament racionalista, est\u00e8tica que distava molt de l&#8217;habitualment utilitzada per <strong>Joan Guardiola<\/strong>. Este canvi d&#8217;estil no fou casualitat, sin\u00f3 conseq\u00fc\u00e8ncia del context d&#8217;inestabilitat pol\u00edtica i social en qu\u00e8 es pretenia al\u00e7ar l&#8217;edifici. L&#8217;estil racionalista reflectia a la perfecci\u00f3 els ideals defensats per la Rep\u00fablica d&#8217;una societat en proc\u00e9s de modernitzaci\u00f3 i sense lluita de classes, mentre que l&#8217;estil Modernista emprat fins aleshores, era el reflex m\u00e9s immediat d&#8217;una burgesia adinerada i de posici\u00f3 elevada.<\/p>\n<p><em>\u00abLa instal\u00b7laci\u00f3 de quatre plafons explicatius acosta als visitants les caracter\u00edstiques i hist\u00f2ria d&#8217;este edifici, a m\u00e9s, es mostra una foto del moment de la inauguraci\u00f3, amb les autoritats de l&#8217;\u00e8poca i el p\u00fablic assistent a l&#8217;acte\u00bb<\/em>, segons la regidora, qui a m\u00e9s aprofita per a convidar als visitants a gaudir del soroll de l&#8217;aigua dels safarejos que ens trasllada diverses d\u00e8cades arrere i ens ajuda a entendre l&#8217;\u00fas que va tindre este edifici recuperat per als alzirenys.<\/p>\n<p><span style=\"text-decoration: underline;\"><strong>APLANADORA DE CAMINS RURALS<\/strong><\/span><\/p>\n<p>Per tal de dignificar l&#8217;entorn del llavador de l&#8217;Alquerieta, la Regidoria de Patrimoni Cultural, ha ubicat en la part exterior de l&#8217;edifici una aplanadora de camins rurals. Es tracta d&#8217;una pe\u00e7a d&#8217;arqueologia industrial, constru\u00efda en Bilbao i que depenia, com figura en un r\u00e8tol d&#8217;esta, del <em><strong>\u00abServicio de Policia Rural Alcira. Hermandad de labradores y ganaderos\u00bb<\/strong><\/em>.<\/p>\n<p><em>\u00abEsta aplanadora ha estat molts anys retirada en les instal\u00b7lacions d&#8217;Alzicoop, que amablement ha cedit l&#8217;espai per albergar-la durant el temps que ha estat fora d&#8217;\u00fas. A partir d&#8217;ara ser\u00e0 exhibida al p\u00fablic en un lloc que reunix les condicions adequades per a la seua conservaci\u00f3\u00bb<\/em>, ha declarat <strong>Isabel Aguilar<\/strong>.<\/p>\n<p>S&#8217;ha decidit instal\u00b7lar en este lloc l&#8217;aplanadora per tractar-se d&#8217;un espai protegit, ja que alberga l&#8217;antic Llavador de l&#8217;Alquerieta, un recinte tancat que permet la visualitzaci\u00f3 des de l&#8217;exterior del tancat.<\/p>\n<p style=\"text-align: center;\"><img fetchpriority=\"high\" decoding=\"async\" class=\" size-full wp-image-54374\" src=\"https:\/\/alzira.es\/wp-content\/uploads\/2021\/04\/llavador_alquerieta_1.jpg\" alt=\"llavador alquerieta 1\" width=\"1000\" height=\"450\" \/><\/p>\n<p style=\"text-align: center;\">&nbsp;&nbsp;<img decoding=\"async\" class=\"size-full wp-image-54376 lazyload\" data-src=\"https:\/\/alzira.es\/wp-content\/uploads\/2021\/04\/llavador_alquerieta_3.ok_.jpg\" alt=\"llavador alquerieta 3.ok\" width=\"996\" height=\"448\" data-srcset=\"https:\/\/alzira.es\/wp-content\/uploads\/2021\/04\/llavador_alquerieta_3.ok_.jpg 2032w, https:\/\/alzira.es\/wp-content\/uploads\/2021\/04\/llavador_alquerieta_3.ok_-680x306.jpg 680w, https:\/\/alzira.es\/wp-content\/uploads\/2021\/04\/llavador_alquerieta_3.ok_-1430x644.jpg 1430w, https:\/\/alzira.es\/wp-content\/uploads\/2021\/04\/llavador_alquerieta_3.ok_-768x346.jpg 768w, https:\/\/alzira.es\/wp-content\/uploads\/2021\/04\/llavador_alquerieta_3.ok_-1536x692.jpg 1536w\" data-sizes=\"(max-width: 706px) 89vw, (max-width: 767px) 82vw, 740px\" src=\"data:image\/svg+xml;base64,PHN2ZyB3aWR0aD0iMSIgaGVpZ2h0PSIxIiB4bWxucz0iaHR0cDovL3d3dy53My5vcmcvMjAwMC9zdmciPjwvc3ZnPg==\" style=\"--smush-placeholder-width: 996px; --smush-placeholder-aspect-ratio: 996\/448;\" \/><\/p>\n","protected":false},"excerpt":{"rendered":"<p>L&#8217;antic llavador de l&#8217;Alquerieta, un dels edificis m\u00e9s singulars de la ciutat i, a m\u00e9s, declarat B\u00e9 de Rellev\u00e0ncia Local, obrir\u00e0 les seues portes per a poder ser visitat dimarts, dijous i divendres, d&#8217;11 a 13 hores, d&#8217;octubre a juny de manera permanent. Pel que respecta a les visites de juliol a setembre i altres &hellip; <\/p>\n<p class=\"link-more\"><a href=\"https:\/\/alzira.es\/es\/l-antic-llavador-de-l-alquerieta-obri-les-portes-per-a-visites-2\/\" class=\"more-link\">Continuar leyendo<span class=\"screen-reader-text\"> \u00abL\u2019antic llavador de l\u2019Alquerieta obri les portes per a visites\u00bb<\/span><\/a><\/p>\n","protected":false},"author":29,"featured_media":54374,"comment_status":"","ping_status":"","sticky":false,"template":"","format":"standard","meta":{"_acf_changed":false,"footnotes":""},"categories":[],"tags":[],"class_list":["post-54379","post","type-post","status-publish","format-standard","has-post-thumbnail","hentry"],"acf":[],"_links":{"self":[{"href":"https:\/\/alzira.es\/es\/wp-json\/wp\/v2\/posts\/54379","targetHints":{"allow":["GET"]}}],"collection":[{"href":"https:\/\/alzira.es\/es\/wp-json\/wp\/v2\/posts"}],"about":[{"href":"https:\/\/alzira.es\/es\/wp-json\/wp\/v2\/types\/post"}],"author":[{"embeddable":true,"href":"https:\/\/alzira.es\/es\/wp-json\/wp\/v2\/users\/29"}],"replies":[{"embeddable":true,"href":"https:\/\/alzira.es\/es\/wp-json\/wp\/v2\/comments?post=54379"}],"version-history":[{"count":0,"href":"https:\/\/alzira.es\/es\/wp-json\/wp\/v2\/posts\/54379\/revisions"}],"wp:featuredmedia":[{"embeddable":true,"href":"https:\/\/alzira.es\/es\/wp-json\/wp\/v2\/media\/54374"}],"wp:attachment":[{"href":"https:\/\/alzira.es\/es\/wp-json\/wp\/v2\/media?parent=54379"}],"wp:term":[{"taxonomy":"category","embeddable":true,"href":"https:\/\/alzira.es\/es\/wp-json\/wp\/v2\/categories?post=54379"},{"taxonomy":"post_tag","embeddable":true,"href":"https:\/\/alzira.es\/es\/wp-json\/wp\/v2\/tags?post=54379"}],"curies":[{"name":"wp","href":"https:\/\/api.w.org\/{rel}","templated":true}]}}