{"id":54366,"date":"2021-04-09T10:27:21","date_gmt":"2021-04-09T08:27:21","guid":{"rendered":"https:\/\/alzira.es\/ximo-puig-anuncia-2\/"},"modified":"2021-04-09T10:27:21","modified_gmt":"2021-04-09T08:27:21","slug":"ximo-puig-anuncia-2","status":"publish","type":"post","link":"https:\/\/alzira.es\/es\/ximo-puig-anuncia-2\/","title":{"rendered":"Ximo Puig anuncia que podran realitzar-se reunions de dos nuclis de conviv\u00e8ncia a les cases i de fins a sis persones en espais p\u00fablics"},"content":{"rendered":"<p><em><span style=\"font-size: 12pt;\"><strong>&#8211;<\/strong> Es flexibilitzen tamb\u00e9 les condicions per a realitzar <strong>visites en les resid\u00e8ncies de persones majors immunitzades<\/strong><\/span><\/em><br \/><em><span style=\"font-size: 12pt;\"><strong>&#8211;<\/strong> Les taules de <strong>bars i restaurants<\/strong> tamb\u00e9 podran ser de fins a<strong> sis persones<\/strong> i la pr\u00e0ctica d&#8217;<strong>activitats esportives<\/strong> es podr\u00e0 realitzar en <strong>grups de fins a sis<\/strong><\/span><\/em><br \/><em><span style=\"font-size: 12pt;\"><strong>&#8211;<\/strong> Les noves mesures <strong>entraran en vigor<\/strong> este dilluns, <strong>12 d&#8217;abril<\/strong>, i estaran <strong>vigents fins<\/strong> al diumenge, <strong>25 d&#8217;abril<\/strong><\/span><\/em><br \/><em><span style=\"font-size: 12pt;\"><strong>&#8211;<\/strong> Es <strong>prorroga durant 15 dies m\u00e9s<\/strong> la resta de restriccions, entre elles el tancament perimetral de la Comunitat i la limitaci\u00f3 de la mobilitat nocturna entre les 22.00 i les 6.00 hores<\/span><\/em><br \/><em><span style=\"font-size: 12pt;\"><strong>&#8211;<\/strong> <strong>El president de la Generalitat<\/strong> ha presidit la reuni\u00f3 de la Mesa Interdepartamental per a la <strong>Prevenci\u00f3 i Actuaci\u00f3 davant la COVID-19<\/strong><\/span><\/em><\/p>\n<p>El president de la Generalitat, <strong>Ximo Puig<\/strong>, ha anunciat <strong>la pr\u00f2rroga<\/strong>, durant <strong>15 dies m\u00e9s<\/strong>, de la majoria de restriccions en vigor per a contindre la pand\u00e8mia de COVID-19, per\u00f2 ha avan\u00e7at que s&#8217;introduir\u00e0 una flexibilitzaci\u00f3 de les reunions socials i de les condicions per a visitar les resid\u00e8ncies de majors immunitzades.<\/p>\n<p>D&#8217;esta manera, en <span style=\"text-decoration: underline;\"><em>l&#8217;\u00e0mbit privat<\/em><\/span>, \u00e9s a dir, dins de les cases, <strong>es permetr\u00e0 la reuni\u00f3 de dos grups de convivents<\/strong>. A m\u00e9s, en <span style=\"text-decoration: underline;\"><em>l&#8217;\u00e0mbit p\u00fablic<\/em><\/span>, s&#8217;amplia de 4 a <strong>6 el nombre m\u00e0xim de persones que es podran reunir<\/strong>. Aix\u00f2 implica que les taules de <span style=\"text-decoration: underline;\"><em>bars i restaurants<\/em><\/span> tamb\u00e9 podran ser de fins a <strong>sis persones<\/strong> i que la pr\u00e0ctica d&#8217;<span style=\"text-decoration: underline;\"><em>activitats esportives<\/em><\/span> tamb\u00e9 es podr\u00e0 realitzar en <strong>grups de fins a sis<\/strong>.<\/p>\n<p>A m\u00e9s, s&#8217;introduiran <strong>noves mesures per a facilitar les visites<\/strong> a les <span style=\"text-decoration: underline;\"><em>resid\u00e8ncies de persones majors<\/em><\/span>, amb l&#8217;objectiu d&#8217;adaptar-se a la situaci\u00f3 actual, amb la immunitzaci\u00f3 del 100% de residents i de la pr\u00e0ctica totalitat de professionals sociosanitaris, i la vacunaci\u00f3 tamb\u00e9 d&#8217;al voltant del 95% de majors de 80 anys.<\/p>\n<p>Aix\u00ed ho ha indicat el president de la Generalitat en una compareixen\u00e7a davant els mitjans de comunicaci\u00f3, acompanyat de la consellera de Sanitat Universal i Salut P\u00fablica, Ana Barcel\u00f3, despr\u00e9s de la reuni\u00f3 de la Mesa Interdepartamental per a la Prevenci\u00f3 i Actuaci\u00f3 davant la COVID-19, en la qual s&#8217;han analitzat aquestes actuacions.<\/p>\n<p>Les <span style=\"text-decoration: underline;\"><em>noves mesures<\/em><\/span> <strong>entraran en vigor<\/strong> este dilluns, <em><strong>12 d&#8217;abril<\/strong><\/em>, i estaran <strong>vigents fins<\/strong> al diumenge, <em><strong>25 d&#8217;abril<\/strong><\/em>.<\/p>\n<p><span style=\"text-decoration: underline;\"><strong>Prud\u00e8ncia \u00abm\u00e0xima\u00bb<\/strong><\/span><\/p>\n<p>El president ha assenyalat que, des de la perspectiva de <em>\u00abprud\u00e8ncia m\u00e0xima\u00bb<\/em> i de consolidaci\u00f3 de l&#8217;estabilitat sanit\u00e0ria, s&#8217;ha acordat <em><span style=\"text-decoration: underline;\">prorrogar la resta de mesures en vigor durant altres 15 dies<\/span><\/em>, entre elles el <strong>tancament perimetral de la Comunitat i la limitaci\u00f3 de la mobilitat nocturna entre les 22.00 i les 6.00 hores<\/strong>.<\/p>\n<p><em>\u00abSi les dades actuals es consoliden, podrem avan\u00e7ar en la flexibilitzaci\u00f3\u00bb<\/em> de mesures actualment vigents, ha indicat Puig, que ha remarcat que <em>\u00abno hi haur\u00e0 cap restricci\u00f3 un dia m\u00e9s de l&#8217;estrictament necessari\u00bb.<\/em><\/p>\n<p>El president ha recordat, en aquest context, que el president del Govern, <strong>Pedro S\u00e1nchez<\/strong>, ha avan\u00e7at la intenci\u00f3 de no prorrogar l&#8217;estat d&#8217;alarma, que acaba el 9 de maig, i ha precisat que, si aix\u00ed es concreta, abans que decaiga l&#8217;estat d&#8217;alarma al\u00e7ar\u00e0 el perimetraje auton\u00f2mic de la Comunitat Valenciana.<\/p>\n<p>Tal com ha especificat <strong>Ximo Puig<\/strong>, el pr\u00f2xim 22 d&#8217;abril es tornar\u00e0 a reunir la Mesa Interdepartamental i, fins a eixe moment, la consellera de Sanitat anir\u00e0 mantenint reunions amb els diferents sectors afectats. A m\u00e9s, <span style=\"text-decoration: underline;\">ha concretat que el 4 de maig es mantindr\u00e0 una nova reuni\u00f3<\/span> d&#8217;aquest mateix \u00f2rgan, l&#8217;\u00faltima abans de la fi de l&#8217;estat d&#8217;alarma.<\/p>\n<p>El president ha assenyalat que la Generalitat va establir fa 25 dies <em>\u00abel marc normatiu m\u00e9s cautel\u00f3s\u00bb<\/em> de les 17 comunitats, i el resultat ha sigut un descens de la circulaci\u00f3 del virus a la meitat i la menor pres\u00e8ncia del SARS-CoV-2 de tota Espanya (5 vegades inferior a la mitjana estatal), unes dades que permeten afirmar que<em> \u00abno hi ha cap pa\u00eds d&#8217;Europa amb una incid\u00e8ncia menor que la Comunitat Valenciana\u00bb<\/em>.<\/p>\n<p>D&#8217;acord amb aquestes dades, esta millora sanit\u00e0ria ha propiciat que s&#8217;haja redu\u00eft a la meitat el nombre de persones hospitalitzades en tres setmanes i tamb\u00e9 s&#8217;ha manifestat en qu\u00e8, en els \u00faltims 23 dies haja mort, la tercera part de persones que en els 23 dies anteriors.<\/p>\n<p><em>\u00abEn nom\u00e9s dos dies de febrer perd\u00edem a m\u00e9s valencians que en aquestes 3 setmanes\u00bb<\/em>, ha assenyalat el president, que ha agregat que l&#8217;objectiu era <em>\u00absalvar vides\u00bb<\/em>, alguna cosa que s&#8217;est\u00e0 aconseguint <em>\u00abgr\u00e0cies a l&#8217;esfor\u00e7, la responsabilitat i el sacrifici\u00bb de la ciutadania i al \u00abtreball admirable\u00bb<\/em> de la plantilla de professionals de la Sanitat.<\/p>\n<p><span style=\"text-decoration: underline;\"><strong>Importants avan\u00e7os en vacunaci\u00f3<\/strong><\/span><\/p>\n<p><em>\u00abPer fi tenim una situaci\u00f3 de control de la pand\u00e8mia com no ten\u00edem des del principi del passat estiu, i nom\u00e9s puc donar les gr\u00e0cies a la ciutadania, perqu\u00e8 mai hav\u00edem fet res tan important tots junts\u00bb<\/em>, ha manifestat <strong>Puig<\/strong>, que ha destacat els <strong>importants avan\u00e7os en vacunaci\u00f3<\/strong>, at\u00e9s que en aquestes tres setmanes s&#8217;ha doblegat el n\u00famero de dosis administrades,<strong> fins a aconseguir aquesta setmana el mili\u00f3 de dosis ja posades a la ciutadania valenciana<\/strong>.<\/p>\n<p>Ha al\u00b7ludit a m\u00e9s al fet que, en l&#8217;actualitat, s&#8217;ha arribat a les <strong>18,4 dosis per cada 100 habitants<\/strong>, una posici\u00f3 <em>\u00abmillor\u00bb<\/em> que la de pa\u00efsos de l&#8217;entorn com Fran\u00e7a, Alemanya o el Canad\u00e0, i al fet que <em><strong>la Comunitat \u00e9s la quarta autonomia amb m\u00e9s proporci\u00f3 de vacunes administrades, el 81%<\/strong><\/em>.<\/p>\n<p>En aquest context, ha subratllat que, encara que la previsi\u00f3 sobre l&#8217;arribada de vacunes que ha anunciat el Govern \u00e9s <em>\u00abmolt esperan\u00e7adora\u00bb<\/em>, es necessiten m\u00e9s, <em>\u00abperqu\u00e8 nom\u00e9s la vacunaci\u00f3 universal far\u00e0 possible superar la pand\u00e8mia. \u00abI la Generalitat<\/em> -des de la m\u00e0xima lleialtat-<em>, defensar\u00e0 aquesta postura all\u00e0 on siga necessari\u00bb<\/em>, ha puntualitzat <strong>Ximo Puig<\/strong>, per a agregar que aix\u00ed ho ha fet en demanar a Brussel\u00b7les que les patents no retarden la vacunaci\u00f3.<\/p>\n<p><em>\u00abEste \u00e9s l&#8217;\u00fanic cam\u00ed: una vacunaci\u00f3 segura, eficient, universal i \u00e0gil\u00bb<\/em>, un objectiu, el de superar la pand\u00e8mia, que s&#8217;ha d&#8217;aconseguir a trav\u00e9s d&#8217;una <em>\u00abdoble via\u00bb<\/em>, que passa per<em> \u00abaccelerar\u00bb<\/em> el proc\u00e9s d&#8217;immunitzaci\u00f3 i per actuar amb<em> \u00abm\u00e0xima prud\u00e8ncia\u00bb<\/em> i amb <em>\u00abproporcionalitat\u00bb,<\/em> per\u00f2 sense <em>\u00abpresses\u00bb<\/em> ni <em>\u00abprecipitacions\u00bb<\/em>, at\u00e9s que es desconeix l&#8217;impacte de les festes de Setmana Santa, ha indicat.<\/p>\n<p><em>\u00abPer als valencians, el pitjor de la pand\u00e8mia ja ha passat, estem eixint del t\u00fanel, i veiem molt m\u00e9s que la llum\u00bb<\/em>, ha manifestat tamb\u00e9 el cap del Consell, qui ha assegurat que l&#8217;eixida a la crisi<em> \u00abdemana una gesti\u00f3 rigorosa, una unitat social i la m\u00e0xima sensibilitat amb treballadors, aut\u00f2noms i empreses afectades\u00bb.<\/em><\/p>\n<p>En aquest sentit, ha avan\u00e7at que, dins del <strong>Pla Resistir<\/strong> desplegat per la Generalitat, s&#8217;estan <span style=\"text-decoration: underline;\">tramitant els expedients de 68.000 sol\u00b7licitants i que s&#8217;estima que les ajudes previstes arriben a m\u00e9s del <strong>95%<\/strong>.<\/span> I tamb\u00e9 ha concretat que les ajudes a aut\u00f2noms i aut\u00f2nomes i a empreses gestionades directament per la Generalitat s&#8217;estima que es paguen entre aquest mes i el de maig.<\/p>\n<p>En la reuni\u00f3 de la comissi\u00f3 interdepartamental han participat la vicepresidenta i consellera d&#8217;Igualtat i Pol\u00edtiques Inclusives, <strong>M\u00f3nica Oltra<\/strong>; el vicepresident segon i conseller d&#8217;Habitatge i Arquitectura Bioclim\u00e0tica, <strong>Rub\u00e9n Mart\u00ednez Dalmau<\/strong>; la consellera de Just\u00edcia, Interior i Administraci\u00f3 P\u00fablica, <strong>Gabriela Bravo<\/strong>; el conseller d&#8217;Educaci\u00f3, Cultura i Esport, <strong>Vicent Marz\u00e0<\/strong>; la consellera de Sanitat Universal i Salut P\u00fablica, <strong>Ana Barcel\u00f3<\/strong>, i els consellers d&#8217;Economia Sostenible, Sectors Productius, Comer\u00e7 i Treball, <strong>Rafa Climent<\/strong>, i de Pol\u00edtica Territorial, Obres P\u00fabliques i Mobilitat, <strong>Arcadi Espa\u00f1a<\/strong>.<\/p>\n<p><span style=\"text-decoration: underline;\">Gabinet de Premsa Generalitat<\/span><\/p>\n<p style=\"text-align: center;\"><span style=\"text-decoration: underline;\"><img fetchpriority=\"high\" decoding=\"async\" class=\" size-full wp-image-54363\" src=\"https:\/\/alzira.es\/wp-content\/uploads\/2021\/04\/09042021_RUEDAPRENSA.jpg\" alt=\"09042021 RUEDAPRENSA\" width=\"1200\" height=\"733\" \/><\/span><\/p>\n","protected":false},"excerpt":{"rendered":"<p>&#8211; Es flexibilitzen tamb\u00e9 les condicions per a realitzar visites en les resid\u00e8ncies de persones majors immunitzades&#8211; Les taules de bars i restaurants tamb\u00e9 podran ser de fins a sis persones i la pr\u00e0ctica d&#8217;activitats esportives es podr\u00e0 realitzar en grups de fins a sis&#8211; Les noves mesures entraran en vigor este dilluns, 12 d&#8217;abril, &hellip; <\/p>\n<p class=\"link-more\"><a href=\"https:\/\/alzira.es\/es\/ximo-puig-anuncia-2\/\" class=\"more-link\">Continuar leyendo<span class=\"screen-reader-text\"> \u00abXimo Puig anuncia que podran realitzar-se reunions de dos nuclis de conviv\u00e8ncia a les cases i de fins a sis persones en espais p\u00fablics\u00bb<\/span><\/a><\/p>\n","protected":false},"author":29,"featured_media":54363,"comment_status":"","ping_status":"","sticky":false,"template":"","format":"standard","meta":{"_acf_changed":false,"footnotes":""},"categories":[],"tags":[],"class_list":["post-54366","post","type-post","status-publish","format-standard","has-post-thumbnail","hentry"],"acf":[],"_links":{"self":[{"href":"https:\/\/alzira.es\/es\/wp-json\/wp\/v2\/posts\/54366","targetHints":{"allow":["GET"]}}],"collection":[{"href":"https:\/\/alzira.es\/es\/wp-json\/wp\/v2\/posts"}],"about":[{"href":"https:\/\/alzira.es\/es\/wp-json\/wp\/v2\/types\/post"}],"author":[{"embeddable":true,"href":"https:\/\/alzira.es\/es\/wp-json\/wp\/v2\/users\/29"}],"replies":[{"embeddable":true,"href":"https:\/\/alzira.es\/es\/wp-json\/wp\/v2\/comments?post=54366"}],"version-history":[{"count":0,"href":"https:\/\/alzira.es\/es\/wp-json\/wp\/v2\/posts\/54366\/revisions"}],"wp:featuredmedia":[{"embeddable":true,"href":"https:\/\/alzira.es\/es\/wp-json\/wp\/v2\/media\/54363"}],"wp:attachment":[{"href":"https:\/\/alzira.es\/es\/wp-json\/wp\/v2\/media?parent=54366"}],"wp:term":[{"taxonomy":"category","embeddable":true,"href":"https:\/\/alzira.es\/es\/wp-json\/wp\/v2\/categories?post=54366"},{"taxonomy":"post_tag","embeddable":true,"href":"https:\/\/alzira.es\/es\/wp-json\/wp\/v2\/tags?post=54366"}],"curies":[{"name":"wp","href":"https:\/\/api.w.org\/{rel}","templated":true}]}}