{"id":54354,"date":"2021-04-08T12:04:13","date_gmt":"2021-04-08T10:04:13","guid":{"rendered":"https:\/\/alzira.es\/alzira-es-mante-per-baix-de-50-casos-cada-100-000-habitants-2\/"},"modified":"2021-04-08T12:04:13","modified_gmt":"2021-04-08T10:04:13","slug":"alzira-es-mante-per-baix-de-50-casos-cada-100-000-habitants-2","status":"publish","type":"post","link":"https:\/\/alzira.es\/es\/alzira-es-mante-per-baix-de-50-casos-cada-100-000-habitants-2\/","title":{"rendered":"Alzira es mant\u00e9 per baix de 50 casos cada 100.000 habitants"},"content":{"rendered":"<h3>Actualitzaci\u00f3 de dades COVID<\/h3>\n<p>Com cada dijous hui ha tingut lloc la reuni\u00f3 amb els representants dels diferents municipis que integren el <strong>Departament de Salut de la Ribera<\/strong>, per tal de con\u00e8ixer l&#8217;actualitat de casos de COVID i valorar les xifres aportades per Sanitat. Respecte al 31 de mar\u00e7, en Alzira ens hem mantes en <strong>35 casos per cada 100.000 habitants. En total tenim 16 casos actius. En els \u00faltims tres dies 1 cas nou<\/strong>.<\/p>\n<p>A la reuni\u00f3, ha assistit la regidora de Sanitat <strong>Gemma Al\u00f3s<\/strong>, qui ha explicat que <em>\u00abEns mantenim en xifres per baix dels 50 d&#8217;incid\u00e8ncia acumulada. Tenim per davant el cap de setmana de Sant Vicent, recordem que \u00e9s fonamental reduir al m\u00ednim la interacci\u00f3 social i seguir les recomanacions del Departament de Salut de la Ribera. Cal esfor\u00e7ar-se per a poder mantindre&#8217;ns en esta baixa incid\u00e8ncia\u00bb.<\/em><\/p>\n<p>Desitgem que totes les persones que patixen la malaltia es recuperen prompte i puguen tornar a la normalitat i agra\u00efm a tota la poblaci\u00f3 l&#8217;esfor\u00e7 pel compliment de les mesures vigents.<\/p>\n<p>En relaci\u00f3 a la vacunaci\u00f3, des del departament de Salut de la Ribera, <em><strong>s&#8217;est\u00e0 citant a les persones mitjan\u00e7ant el seu tel\u00e8fon de contacte<\/strong><\/em>, indicant la data i hora de vacunaci\u00f3. Per este motiu, <em><strong>\u00e9s molt important que eixes dades estiguin actualitzades al sistema SIP<\/strong><\/em>. Per a poder verificar que s\u00f3n correctes cal accedir <span style=\"text-decoration: underline;\"><strong><span style=\"color: #b22222;\"><a href=\"https:\/\/www.gva.es\/es\/inicio\/procedimientos?id_proc=21130&amp;version=amp&amp;fbclid=IwAR2TpuLReAXGW8f8uAh3gl-ONX036euXQiuo_Se1yV7AsiVETRET4wGwYh8\" target=\"_blank\" rel=\"noopener\"><span style=\"color: #b22222; text-decoration: underline;\">ac\u00ed<\/span><\/a><\/span><\/strong><\/span>.<\/p>\n<p style=\"text-align: center;\"><img fetchpriority=\"high\" decoding=\"async\" class=\" size-full wp-image-52497\" src=\"https:\/\/alzira.es\/wp-content\/uploads\/2020\/11\/reunio_sanitat_2.jpeg\" alt=\"reunio sanitat 2\" width=\"1015\" height=\"761\" srcset=\"https:\/\/alzira.es\/wp-content\/uploads\/2020\/11\/reunio_sanitat_2.jpeg 1024w, https:\/\/alzira.es\/wp-content\/uploads\/2020\/11\/reunio_sanitat_2-680x510.jpeg 680w, https:\/\/alzira.es\/wp-content\/uploads\/2020\/11\/reunio_sanitat_2-768x576.jpeg 768w\" sizes=\"(max-width: 706px) 89vw, (max-width: 767px) 82vw, 740px\" \/><\/p>\n","protected":false},"excerpt":{"rendered":"<p>Actualitzaci\u00f3 de dades COVID Com cada dijous hui ha tingut lloc la reuni\u00f3 amb els representants dels diferents municipis que integren el Departament de Salut de la Ribera, per tal de con\u00e8ixer l&#8217;actualitat de casos de COVID i valorar les xifres aportades per Sanitat. Respecte al 31 de mar\u00e7, en Alzira ens hem mantes en &hellip; <\/p>\n<p class=\"link-more\"><a href=\"https:\/\/alzira.es\/es\/alzira-es-mante-per-baix-de-50-casos-cada-100-000-habitants-2\/\" class=\"more-link\">Continuar leyendo<span class=\"screen-reader-text\"> \u00abAlzira es mant\u00e9 per baix de 50 casos cada 100.000 habitants\u00bb<\/span><\/a><\/p>\n","protected":false},"author":29,"featured_media":52497,"comment_status":"","ping_status":"","sticky":false,"template":"","format":"standard","meta":{"_acf_changed":false,"footnotes":""},"categories":[],"tags":[],"class_list":["post-54354","post","type-post","status-publish","format-standard","has-post-thumbnail","hentry"],"acf":[],"_links":{"self":[{"href":"https:\/\/alzira.es\/es\/wp-json\/wp\/v2\/posts\/54354","targetHints":{"allow":["GET"]}}],"collection":[{"href":"https:\/\/alzira.es\/es\/wp-json\/wp\/v2\/posts"}],"about":[{"href":"https:\/\/alzira.es\/es\/wp-json\/wp\/v2\/types\/post"}],"author":[{"embeddable":true,"href":"https:\/\/alzira.es\/es\/wp-json\/wp\/v2\/users\/29"}],"replies":[{"embeddable":true,"href":"https:\/\/alzira.es\/es\/wp-json\/wp\/v2\/comments?post=54354"}],"version-history":[{"count":0,"href":"https:\/\/alzira.es\/es\/wp-json\/wp\/v2\/posts\/54354\/revisions"}],"wp:featuredmedia":[{"embeddable":true,"href":"https:\/\/alzira.es\/es\/wp-json\/wp\/v2\/media\/52497"}],"wp:attachment":[{"href":"https:\/\/alzira.es\/es\/wp-json\/wp\/v2\/media?parent=54354"}],"wp:term":[{"taxonomy":"category","embeddable":true,"href":"https:\/\/alzira.es\/es\/wp-json\/wp\/v2\/categories?post=54354"},{"taxonomy":"post_tag","embeddable":true,"href":"https:\/\/alzira.es\/es\/wp-json\/wp\/v2\/tags?post=54354"}],"curies":[{"name":"wp","href":"https:\/\/api.w.org\/{rel}","templated":true}]}}