{"id":54352,"date":"2021-04-08T10:30:55","date_gmt":"2021-04-08T08:30:55","guid":{"rendered":"https:\/\/alzira.es\/la-substitucio-de-punts-de-llums-2\/"},"modified":"2021-04-08T10:30:55","modified_gmt":"2021-04-08T08:30:55","slug":"la-substitucio-de-punts-de-llums-2","status":"publish","type":"post","link":"https:\/\/alzira.es\/es\/la-substitucio-de-punts-de-llums-2\/","title":{"rendered":"La substituci\u00f3 de punts de llums en  depend\u00e8ncies municipals estalviaran 5.500 euros anuals"},"content":{"rendered":"<p>La <strong>millora en l&#8217;efici\u00e8ncia energ\u00e8tica en instal\u00b7lacions municipals<\/strong> \u00e9s una de les tasques que estan realitzant-se des de la Regidoria de Serveis Urbans. Per tal de condicionar els espais a la normativa <strong><em>s&#8217;han substitu\u00eft els tubs<\/em><\/strong><em>,<\/em><strong><em> bombetes i pantalles per altres de tecnologia led, amb una pot\u00e8ncia i temperatura del color adequades<\/em><\/strong> per a donar compliment a les necessitats lum\u00edniques en la Casa Consistorial, recaptaci\u00f3, casa Tena, Arxiu, IDEA i el taller de la Policia Local.<\/p>\n<p>Els treballs de canvi de llumin\u00e0ries suposen la substituci\u00f3 dels punts de llum en depend\u00e8ncies municipals que van a suposar un augment del confort visual, amb baix nivell de enlluernament amb distribuci\u00f3 uniforme del llum; reducci\u00f3 del consum d&#8217;energia i augment de l&#8217;efic\u00e0cia del sistema; major vida \u00fatil; reducci\u00f3 de la carrega t\u00e8rmica degut a la menor generaci\u00f3 de calor; i llum m\u00e9s agradable.<\/p>\n<p><em>\u00abAmb una <strong>subvenci\u00f3<\/strong> de m\u00e9s de <strong>60.000 euros<\/strong> a c\u00e0rrec del <strong>Pla Provincial de la Diputaci\u00f3 de Val\u00e8ncia<\/strong>, la qual cosa suposa cost zero per a les arques municipals, seguim condicionant la il\u00b7luminaci\u00f3 de les depend\u00e8ncies municipals, per tal de millorar l&#8217;entorn dels treballadors i contribuir a una disminuci\u00f3 del consum energ\u00e8tic que <strong>suposa un estalvi important en la factura de 5.500 euros anuals<\/strong>\u00bb<\/em>, segons <strong>Fernando Pascual<\/strong>.<\/p>\n<p style=\"text-align: center;\"><img fetchpriority=\"high\" decoding=\"async\" class=\" size-full wp-image-54349\" src=\"https:\/\/alzira.es\/wp-content\/uploads\/2021\/04\/il.luminacio_dependencies_municipals.jpg\" alt=\"il.luminaci\u00f3 depend\u00e8ncies municipals\" width=\"1084\" height=\"708\" \/><\/p>\n","protected":false},"excerpt":{"rendered":"<p>La millora en l&#8217;efici\u00e8ncia energ\u00e8tica en instal\u00b7lacions municipals \u00e9s una de les tasques que estan realitzant-se des de la Regidoria de Serveis Urbans. Per tal de condicionar els espais a la normativa s&#8217;han substitu\u00eft els tubs, bombetes i pantalles per altres de tecnologia led, amb una pot\u00e8ncia i temperatura del color adequades per a donar &hellip; <\/p>\n<p class=\"link-more\"><a href=\"https:\/\/alzira.es\/es\/la-substitucio-de-punts-de-llums-2\/\" class=\"more-link\">Continuar leyendo<span class=\"screen-reader-text\"> \u00abLa substituci\u00f3 de punts de llums en  depend\u00e8ncies municipals estalviaran 5.500 euros anuals\u00bb<\/span><\/a><\/p>\n","protected":false},"author":29,"featured_media":54349,"comment_status":"","ping_status":"","sticky":false,"template":"","format":"standard","meta":{"_acf_changed":false,"footnotes":""},"categories":[],"tags":[],"class_list":["post-54352","post","type-post","status-publish","format-standard","has-post-thumbnail","hentry"],"acf":[],"_links":{"self":[{"href":"https:\/\/alzira.es\/es\/wp-json\/wp\/v2\/posts\/54352","targetHints":{"allow":["GET"]}}],"collection":[{"href":"https:\/\/alzira.es\/es\/wp-json\/wp\/v2\/posts"}],"about":[{"href":"https:\/\/alzira.es\/es\/wp-json\/wp\/v2\/types\/post"}],"author":[{"embeddable":true,"href":"https:\/\/alzira.es\/es\/wp-json\/wp\/v2\/users\/29"}],"replies":[{"embeddable":true,"href":"https:\/\/alzira.es\/es\/wp-json\/wp\/v2\/comments?post=54352"}],"version-history":[{"count":0,"href":"https:\/\/alzira.es\/es\/wp-json\/wp\/v2\/posts\/54352\/revisions"}],"wp:featuredmedia":[{"embeddable":true,"href":"https:\/\/alzira.es\/es\/wp-json\/wp\/v2\/media\/54349"}],"wp:attachment":[{"href":"https:\/\/alzira.es\/es\/wp-json\/wp\/v2\/media?parent=54352"}],"wp:term":[{"taxonomy":"category","embeddable":true,"href":"https:\/\/alzira.es\/es\/wp-json\/wp\/v2\/categories?post=54352"},{"taxonomy":"post_tag","embeddable":true,"href":"https:\/\/alzira.es\/es\/wp-json\/wp\/v2\/tags?post=54352"}],"curies":[{"name":"wp","href":"https:\/\/api.w.org\/{rel}","templated":true}]}}