{"id":54348,"date":"2021-04-07T14:27:52","date_gmt":"2021-04-07T12:27:52","guid":{"rendered":"https:\/\/alzira.es\/jornades-d-exaltacio-del-tambor-i-el-bombo-des-de-casa-2\/"},"modified":"2021-04-07T14:27:52","modified_gmt":"2021-04-07T12:27:52","slug":"jornades-d-exaltacio-del-tambor-i-el-bombo-des-de-casa-2","status":"publish","type":"post","link":"https:\/\/alzira.es\/es\/jornades-d-exaltacio-del-tambor-i-el-bombo-des-de-casa-2\/","title":{"rendered":"Jornades d\u2019Exaltaci\u00f3 del Tambor i el Bombo des de casa"},"content":{"rendered":"<p><strong>El<\/strong> <strong>17 d&#8217;abril<\/strong> <strong>els carrers d&#8217;Alzira s&#8217;omplirien de tambors i bombos<\/strong> amb motiu de la celebraci\u00f3 de <strong>les<\/strong> <strong>XXIX Jornades d&#8217;Exaltaci\u00f3 del Tambor i el Bombo<\/strong>, Patrimoni Immaterial de la Humanitat per la <strong>UNESCO<\/strong>.<br \/>Malauradament <strong>enguany<\/strong>, com ja va passar en l&#8217;edici\u00f3 anterior, <strong>hem de reinventar-nos i realitzar <\/strong>esta important cita amb<strong> el so del tambor i el bombo des de casa<\/strong>, les mesures sanit\u00e0ries vigents per a fer front a la pand\u00e8mia de la Covid-19 ens impedixen la realitzaci\u00f3 d&#8217;actes massificats, aix\u00ed que des de la Regidoria de Patrimoni Cultural et proposem participar en les activitats programades i aix\u00ed des de les nostres llars recordar al m\u00f3n sencer que <strong>Som Patrimoni<\/strong>.<\/p>\n<p><span style=\"text-decoration: underline;\">Des de la Regidoria de <strong>Patrimoni Cultural<\/strong> llancem les seg\u00fcents <strong>propostes<\/strong> per a no deixar passar l&#8217;oportunitat de celebrar des de casa les Jornades<\/span>:<\/p>\n<p><em><strong>Del 12 al 17 d&#8217;abril<\/strong><\/em>, ambd\u00f3s inclosos, utilitza l&#8217;etiqueta <strong>#alzirasompatrimoni21<\/strong> per a pujar a les <em><strong>xarxes socials Facebook i Instagram<\/strong><\/em> v\u00eddeos amb un toc de tambor o bombo; tamb\u00e9 fotos originals amb el tambor i el bombo.<\/p>\n<p style=\"margin-left: 30px;\">&#8211; <em>Tant per a v\u00eddeos com per a fotos hi haur\u00e0 <strong>dos categories<\/strong>, infantil, fins a 14 anys, i adult.<\/em><br \/>&#8211; <em>En cada una de les modalitats, tant de v\u00eddeo com de fotografia, s&#8217;han establert <strong>quatre premis de 100 euros<\/strong> cada un, per al millor v\u00eddeo infantil i per al millor v\u00eddeo d&#8217;adult, aix\u00ed com la mateixa quantia per a la millor foto infantil i per a l&#8217;escollida com a millor en la categoria d&#8217;adult.<\/em><br \/>&#8211; <em>Tamb\u00e9 et proposem que engalanes el teu balc\u00f3 amb motius al\u00b7lusius a les Jornades d&#8217;Exaltaci\u00f3 del Tambor i el Bombo.<\/em><br \/><em>&#8211; Altra proposta \u00e9s per al<strong> divendres 16<\/strong>, a les <strong>20 hores<\/strong>, deu minuts de toc lliure de tambor i bombo des dels balcons.<\/em><br \/>&#8211; <em>El <strong>dissabte 17<\/strong>, a les <strong>12 del migdia<\/strong>, tindr\u00e0 lloc el toc de silenci, per a continuaci\u00f3 donar pas a deu minuts de toc lliure del tambor i el bombo des dels balcons.<\/em><\/p>\n<p><em>\u00abPer segon any no podem eixir al carrer i inundar del so del tambor i el bombo la ciutat, aix\u00ed que per tal de mantindre viu l&#8217;esperit de les Jornades d&#8217; Exaltaci\u00f3 hem d&#8217;involucrar-nos en les activitats que proposem realitzar des de casa, nom\u00e9s d&#8217;esta forma seguirem amb la il\u00b7lusi\u00f3 de que el nostre patrimoni no caiga en l&#8217;oblit, a m\u00e9s de seguir difonent esta tradici\u00f3, amb l&#8217;esperan\u00e7a de que l&#8217;any que ve, esperem, pugam eixir de nou al carrer a celebrar-ho\u00bb<\/em>, ha manifestat <strong>Isabel Aguilar<\/strong>, <em>regidora de Patrimoni Cultural<\/em>, qui a m\u00e9s ha recordat que les activitats impulsades des de la Regidoria conten amb la col\u00b7laboraci\u00f3 de la <strong>Junta de Germandats i Confraries de la ciutat d&#8217;Alzira<\/strong>, <em>presidida per<\/em> <strong>Vicent F\u00e1bregues<\/strong>, aix\u00ed com de la<strong> Banda del Tambor i del bombo<\/strong>, <em>presidida per<\/em><strong> Angela Alfonso<\/strong>.<\/p>\n<p style=\"text-align: center;\"><img fetchpriority=\"high\" decoding=\"async\" class=\" size-full wp-image-54345\" src=\"https:\/\/alzira.es\/wp-content\/uploads\/2021\/04\/tamborada_1.jpeg\" alt=\"tamborada 1\" width=\"866\" height=\"1214\" srcset=\"https:\/\/alzira.es\/wp-content\/uploads\/2021\/04\/tamborada_1.jpeg 1142w, https:\/\/alzira.es\/wp-content\/uploads\/2021\/04\/tamborada_1-680x953.jpeg 680w, https:\/\/alzira.es\/wp-content\/uploads\/2021\/04\/tamborada_1-765x1072.jpeg 765w, https:\/\/alzira.es\/wp-content\/uploads\/2021\/04\/tamborada_1-768x1076.jpeg 768w, https:\/\/alzira.es\/wp-content\/uploads\/2021\/04\/tamborada_1-1096x1536.jpeg 1096w\" sizes=\"(max-width: 706px) 89vw, (max-width: 767px) 82vw, 740px\" \/><\/p>\n","protected":false},"excerpt":{"rendered":"<p>El 17 d&#8217;abril els carrers d&#8217;Alzira s&#8217;omplirien de tambors i bombos amb motiu de la celebraci\u00f3 de les XXIX Jornades d&#8217;Exaltaci\u00f3 del Tambor i el Bombo, Patrimoni Immaterial de la Humanitat per la UNESCO.Malauradament enguany, com ja va passar en l&#8217;edici\u00f3 anterior, hem de reinventar-nos i realitzar esta important cita amb el so del tambor &hellip; <\/p>\n<p class=\"link-more\"><a href=\"https:\/\/alzira.es\/es\/jornades-d-exaltacio-del-tambor-i-el-bombo-des-de-casa-2\/\" class=\"more-link\">Continuar leyendo<span class=\"screen-reader-text\"> \u00abJornades d\u2019Exaltaci\u00f3 del Tambor i el Bombo des de casa\u00bb<\/span><\/a><\/p>\n","protected":false},"author":29,"featured_media":54345,"comment_status":"","ping_status":"","sticky":false,"template":"","format":"standard","meta":{"_acf_changed":false,"footnotes":""},"categories":[],"tags":[],"class_list":["post-54348","post","type-post","status-publish","format-standard","has-post-thumbnail","hentry"],"acf":[],"_links":{"self":[{"href":"https:\/\/alzira.es\/es\/wp-json\/wp\/v2\/posts\/54348","targetHints":{"allow":["GET"]}}],"collection":[{"href":"https:\/\/alzira.es\/es\/wp-json\/wp\/v2\/posts"}],"about":[{"href":"https:\/\/alzira.es\/es\/wp-json\/wp\/v2\/types\/post"}],"author":[{"embeddable":true,"href":"https:\/\/alzira.es\/es\/wp-json\/wp\/v2\/users\/29"}],"replies":[{"embeddable":true,"href":"https:\/\/alzira.es\/es\/wp-json\/wp\/v2\/comments?post=54348"}],"version-history":[{"count":0,"href":"https:\/\/alzira.es\/es\/wp-json\/wp\/v2\/posts\/54348\/revisions"}],"wp:featuredmedia":[{"embeddable":true,"href":"https:\/\/alzira.es\/es\/wp-json\/wp\/v2\/media\/54345"}],"wp:attachment":[{"href":"https:\/\/alzira.es\/es\/wp-json\/wp\/v2\/media?parent=54348"}],"wp:term":[{"taxonomy":"category","embeddable":true,"href":"https:\/\/alzira.es\/es\/wp-json\/wp\/v2\/categories?post=54348"},{"taxonomy":"post_tag","embeddable":true,"href":"https:\/\/alzira.es\/es\/wp-json\/wp\/v2\/tags?post=54348"}],"curies":[{"name":"wp","href":"https:\/\/api.w.org\/{rel}","templated":true}]}}