{"id":54344,"date":"2021-04-06T10:00:00","date_gmt":"2021-04-06T08:00:00","guid":{"rendered":"https:\/\/alzira.es\/comenca-oficialment-europan-16\/"},"modified":"2021-04-06T10:00:00","modified_gmt":"2021-04-06T08:00:00","slug":"comenca-oficialment-europan-16","status":"publish","type":"post","link":"https:\/\/alzira.es\/es\/comenca-oficialment-europan-16\/","title":{"rendered":"COMEN\u00c7A_OFICIALMENT_EUROPAN 16"},"content":{"rendered":"<p style=\"text-align: justify;\">&nbsp;<\/p>\n<table>\n<tbody>\n<tr style=\"background-color: #cccccc;\">\n<td>&nbsp; &nbsp; &nbsp; &nbsp; &nbsp; &nbsp; &nbsp; &nbsp; &nbsp;<\/td>\n<td>\n<p style=\"text-align: center;\" align=\"center\"><strong><span style=\"text-decoration: underline;\"><span style=\"font-size: 18pt;\">Comen\u00e7a Oficialment EUROPAN 16<br \/><\/span><\/span><\/strong><\/p>\n<\/td>\n<td><span style=\"font-size: 18pt;\">&nbsp; &nbsp; &nbsp; &nbsp; &nbsp; &nbsp;<\/span><\/td>\n<\/tr>\n<tr style=\"background-color: #f5f5f5;\">\n<td style=\"width: 50px;\">&nbsp;<\/td>\n<td style=\"width: 700px;\">\n<p>&nbsp;<\/p>\n<p><a class=\"jcepopup\" href=\"https:\/\/alzira.es\/wp-content\/uploads\/2021\/04\/imagen-1.jpg\" target=\"_blank\" rel=\"noopener\"><img fetchpriority=\"high\" decoding=\"async\" width=\"612\" height=\"320\" class=\" size-full wp-image-54339\" style=\"display: block; margin-left: auto; margin-right: auto; vertical-align: middle;\" src=\"https:\/\/alzira.es\/wp-content\/uploads\/2021\/04\/imagen-1.jpg\" alt=\"imagen-1\" \/><\/a><\/p>\n<p>&nbsp;<\/p>\n<\/td>\n<td style=\"width: 50px;\">&nbsp;<\/td>\n<\/tr>\n<tr style=\"background-color: #f5f5f5;\">\n<td>&nbsp;<\/td>\n<td>\n<p>&nbsp;&nbsp;<\/p>\n<p>&nbsp; &nbsp;Amb el lema \u00abCIUTATS VIVAS: METABOLISME &amp; INCLUSIVITAT\u00bb arranca oficialment la setzena edici\u00f3 del concurs biennal d&#8217;idees urbanes i arquitect\u00f2niques EUROPAN, que convoca a arquitectes\/as europeus\/as menors de 40 anys a participar en un certamen d&#8217;idees en diferents empla\u00e7aments en tot el continent. el lema \u00abCIUDADES VIVAS: METABOLISMO &amp; INCLUSIVIDAD\u00bb.&nbsp; &nbsp;<\/p>\n<p>&nbsp; &nbsp;Alzira&nbsp;participa triada com a ciutat representant de la Comunitat Valenciana en la convocat\u00f2ria del concurs europeu d&#8217;arquitectura Europan 16. Es tracta d&#8217;un concurs a nivell europeu amb 17 pa\u00efsos participants, l&#8217;objectiu del qual \u00e9s que joves estudis d&#8217;arquitectura de tot Europa presenten projectes d&#8217;actuacions urban\u00edstiques destinades a millorar els espais d&#8217;habitatge i urbanitzaci\u00f3 de la ciutat triada entre totes les candidates europees. Amb el projecte arquitect\u00f2nic guanyador, es proposa solucionar els reptes que planteja la ciutat triada, amb solucions innovadores que canvien el paradigma urban\u00edstic cap a models de construcci\u00f3 de futur, amb concepcions l\u00edders a Europa i amb l&#8217;aprofitament de recursos energ\u00e8tics com a eix central de les actuacions. ESPANYA PARTICIPA EN EUROPAN 16 AMB 7 EMPLA\u00c7AMENTS SITUATS A ALMENDRALEJO, BADAJOZ \/ ALZIRA, VAL\u00c8NCIA \/ BARCELONA-TORRENT DE L&#8217;ESTADELLA \/ BEIZAMA, GUIP\u00daSCOA \/ ESPARREGUERA, COL\u00d2NIA VA SEDAR \/ MADRID-BARRIS PRODUCTORS \/ ROQUETAS DE MAR, ALMERIA&nbsp;<\/p>\n<p>&nbsp; &nbsp; Els empla\u00e7aments de EUROPAN 16 estan classificats en 3\u00d73 subtemes: REVITALITZAR, RECUPERAR, CUIDAR: A \/ REVITALITZAR emplazamientos de EUROPAN 16 est\u00e1n clasificados en 3\u00d73 subtemas: REVITALIZAR, RECUPERAR, CUIDAR:&nbsp;A \/ REVITALIZAR<\/p>\n<p>&nbsp; &nbsp; &nbsp; &nbsp; 1 \u2014 Refor\u00e7ar la biodiversitat la biodiversidad: Madrid (ES), V\u00e4ster\u00e5s (SE), Namur (BE), Bitonto (IT)<br \/>&nbsp; &nbsp; &nbsp; &nbsp; 2 \u2014 Transformar&nbsp;a partir de les infraestructures: Porte du Hainaut (FR), Klagenfurt (AT), Varberg (SE), Ris\u00f8y (NO)<br \/>&nbsp; &nbsp; &nbsp; &nbsp; 3 \u2014 Territoris&nbsp;eficients: <strong>Alzira (ES)<\/strong>, Bassens\/Bordeaux (FR), Douaisis Agglo (FR), Wernigerode (DE), Fagerstrand (NO)<\/p>\n<p>&nbsp; &nbsp; L&#8217;Ajuntament d&#8217;Alzira, davant nous reptes i din\u00e0miques socials, pret\u00e9n ex-plorar noves vies cap a la sostenibilitat urbana i ambiental, mitjan\u00e7ant respostes innovadores que afavorisquen la seua resili\u00e8ncia, resolent els problemes inherents a les perif\u00e8ries disperses, l&#8217;a\u00efllament i desconnexi\u00f3, de barris existents com El Torretxo i l&#8217;Alquerieta, prioritzant la seua articulaci\u00f3 i contextualitzaci\u00f3 urbana des de la inclusi\u00f3, accessibilitat i equitat han de ser objectiu caracterizador de la intervenci\u00f3 proposada.<\/p>\n<\/td>\n<td>&nbsp;<\/td>\n<\/tr>\n<tr style=\"background-color: #f5f5f5;\">\n<td>&nbsp;<\/td>\n<td>\n<p style=\"text-align: center;\"><a class=\"jcepopup\" href=\"https:\/\/alzira.es\/wp-content\/uploads\/2021\/04\/E16-mapa.jpg\"><img decoding=\"async\" width=\"453\" height=\"491\" class=\"size-full wp-image-54341 lazyload\" data-src=\"https:\/\/alzira.es\/wp-content\/uploads\/2021\/04\/E16-mapa.jpg\" alt=\"E16-mapa\" src=\"data:image\/svg+xml;base64,PHN2ZyB3aWR0aD0iMSIgaGVpZ2h0PSIxIiB4bWxucz0iaHR0cDovL3d3dy53My5vcmcvMjAwMC9zdmciPjwvc3ZnPg==\" style=\"--smush-placeholder-width: 453px; --smush-placeholder-aspect-ratio: 453\/491;\" \/><\/a><\/p>\n<\/td>\n<td>&nbsp;<\/td>\n<\/tr>\n<tr style=\"background-color: #f5f5f5;\">\n<td>&nbsp;<\/td>\n<td>\n<p style=\"margin-left: 30px;\"><span style=\"text-decoration: underline;\"><strong>Dades convocat\u00f2ria del premi&nbsp;EUROPAN 16:&nbsp;convocat pel Ministeri de Transports, Mobilitat i Agenda Urbana:<br \/><\/strong><\/span><\/p>\n<p style=\"margin-left: 30px;\"><strong>PREMIS<br \/>&nbsp; &nbsp;<\/strong>&nbsp;* 7 PRIMERS PREMIS DE 12.000 \u20ac<br \/>&nbsp; &nbsp; * 7 SEGONS PREMIS DE 6.000 \u20ac<br \/>&nbsp; &nbsp; * ESMENTS ESPECIALS QUE S\u00d3N PUBLICADES I EXPOSADES&nbsp;<\/p>\n<p>&nbsp; &nbsp; &nbsp; &nbsp;<strong> INSCRIPCI\u00d3<\/strong><br \/>&nbsp; &nbsp; &nbsp; &nbsp; &nbsp; &nbsp; Quota d&#8217;inscripci\u00f3: 100 \u20ac PER A UN PRIMER EMPLA\u00c7AMENT, 50 \u20ac PER Als SEG\u00dcENTS&nbsp;<br \/>&nbsp; &nbsp; &nbsp; &nbsp; &nbsp; &nbsp; Un mateix equip pot inscriure&#8217;s en diversos empla\u00e7aments sempre que corresponguen a pa\u00efsos diferents<\/p>\n<p>&nbsp; &nbsp; &nbsp; <strong>&nbsp; CALENDARI<\/strong><br \/>&nbsp; &nbsp; &nbsp; &nbsp; &nbsp; &nbsp;* TERMINI D&#8217;INSCRIPCI\u00d3: 05.04.2021 \/ 17.09.2021<br \/>&nbsp; &nbsp; &nbsp; &nbsp; &nbsp; &nbsp;* LLIURAMENT DE LES PROPOSTES: 17.09.2021<br \/>&nbsp; &nbsp; &nbsp; &nbsp; &nbsp; &nbsp;* RESULTAT: 20.12.2021<\/p>\n<p>&nbsp; &nbsp; &nbsp; &nbsp; <strong>EUROPAN 16 A ESPA\u00d1A<\/strong><br \/>&nbsp; &nbsp; &nbsp; &nbsp; &nbsp; Con el fin de facilitar la contrataci\u00f3n de los equipos que premie el Jurado de EUROPAN Espa\u00f1a, EUROPAN 16, convocado por el Ministerio de Transportes, Movilidad y Agenda Urbana, establece sus Bases mediante un pliego que se ajusta al procedimiento del Concurso de Proyectos con Intervenci\u00f3n de Jurado definido en los art\u00edculos 183 y siguientes de la LCSP. Se garantiza tanto el cumplimiento de las condiciones fijadas en el Reglamento de EUROPAN 16 como en la citada ley.<\/p>\n<p>&nbsp; &nbsp; &nbsp; &nbsp; &nbsp;<span style=\"text-decoration: underline;\">JURAT EUROPAN 16 ESPA\u00d1A<\/span><\/p>\n<p style=\"margin-left: 30px;\"><strong>&nbsp;\u2013 I\u00f1aqui Carnicero, arquitecto, presidente de EUROPAN Espa\u00f1a. Director General de Agenda Urbana y Arquitectura. Ministerio de Transportes, Movilidad y Agenda Urbana.<br \/>\u2013 Mariona Benedito, arquitecta, docente. Barcelona. www.mim-a.com<br \/>\u2013 Eduard Bru, arquitecto, urbanista, docente. Barcelona<br \/>\u2013 Tina Gregoric, arquitecta, docente. Eslovenia\/Viena. https:\/\/www.dekleva-gregoric.com<br \/>\u2013 Niek Hazendonk. Paisajista. Pa\u00edses Bajos<br \/>\u2013 Enrique Krahe, arquitecto. Delft\/Madrid. www.enriquekrahe.com<br \/>\u2013 Eva Luque, arquitecta, docente. Almer\u00eda. www.elap.es<br \/>\u2013 Roc\u00edo Pe\u00f1a Azpilicueta, arquitecta, Donostia-San Sebasti\u00e1n. www.ganchegui.com<br \/>\u2013 Socrates Stratis, arquitecto, urbanista, docente. Miembro del Comit\u00e9 Cient\u00edfico EUROPAN Europe. Chipre. www.socratesstratis.com<br \/>&nbsp; &nbsp; Suplente: Arantza Ozaeta, arquitecta, docente. Madrid. www.tallerde2.com<\/strong><\/p>\n<\/td>\n<td>&nbsp;<\/td>\n<\/tr>\n<tr style=\"background-color: #f5f5f5;\">\n<td>&nbsp;<\/td>\n<td>\n<p style=\"margin-left: 30px;\">&nbsp;<\/p>\n<p style=\"margin-left: 30px;\"><a href=\"http:\/\/www.europan-esp.es\/blog\/?p=5416\" target=\"_blank\" rel=\"noopener\"><span style=\"color: #800000;\"><span style=\"color: #800000;\"><strong>* Mes Informaci\u00f3 Europan16 a Espa\u00f1a&nbsp;<\/strong><\/span><\/span><\/a><\/p>\n<p style=\"margin-left: 30px;\"><span style=\"color: #800000;\"><strong><a href=\"http:\/\/www.europan-europe.eu\/\" target=\"_blank\" rel=\"noopener\"><span style=\"color: #800000;\">* Mes Informaci\u00f3 Europan16 a Europa<\/span><\/a><\/strong><\/span><\/p>\n<p style=\"margin-left: 30px;\">&nbsp;<\/p>\n<\/td>\n<td>&nbsp;<\/td>\n<\/tr>\n<tr style=\"background-color: #f5f5f5;\">\n<td>&nbsp;<\/td>\n<td>\n<p style=\"margin-left: 30px;\">&nbsp;<\/p>\n<\/td>\n<td>&nbsp;<\/td>\n<\/tr>\n<\/tbody>\n<\/table>\n<p style=\"text-align: justify;\">&nbsp;<\/p>\n<p style=\"text-align: justify;\">&nbsp;<\/p>\n<p>&nbsp;<\/p>\n","protected":false},"excerpt":{"rendered":"<p>&nbsp; &nbsp; &nbsp; &nbsp; &nbsp; &nbsp; &nbsp; &nbsp; &nbsp; &nbsp; Comen\u00e7a Oficialment EUROPAN 16 &nbsp; &nbsp; &nbsp; &nbsp; &nbsp; &nbsp; &nbsp; &nbsp; &nbsp; &nbsp; &nbsp; &nbsp;&nbsp; &nbsp; &nbsp;Amb el lema \u00abCIUTATS VIVAS: METABOLISME &amp; INCLUSIVITAT\u00bb arranca oficialment la setzena edici\u00f3 del concurs biennal d&#8217;idees urbanes i arquitect\u00f2niques EUROPAN, que convoca a arquitectes\/as europeus\/as menors de &hellip; <\/p>\n<p class=\"link-more\"><a href=\"https:\/\/alzira.es\/es\/comenca-oficialment-europan-16\/\" class=\"more-link\">Continuar leyendo<span class=\"screen-reader-text\"> \u00abCOMEN\u00c7A_OFICIALMENT_EUROPAN 16\u00bb<\/span><\/a><\/p>\n","protected":false},"author":16,"featured_media":54339,"comment_status":"","ping_status":"","sticky":false,"template":"","format":"standard","meta":{"_acf_changed":false,"footnotes":""},"categories":[],"tags":[],"class_list":["post-54344","post","type-post","status-publish","format-standard","has-post-thumbnail","hentry"],"acf":[],"_links":{"self":[{"href":"https:\/\/alzira.es\/es\/wp-json\/wp\/v2\/posts\/54344","targetHints":{"allow":["GET"]}}],"collection":[{"href":"https:\/\/alzira.es\/es\/wp-json\/wp\/v2\/posts"}],"about":[{"href":"https:\/\/alzira.es\/es\/wp-json\/wp\/v2\/types\/post"}],"author":[{"embeddable":true,"href":"https:\/\/alzira.es\/es\/wp-json\/wp\/v2\/users\/16"}],"replies":[{"embeddable":true,"href":"https:\/\/alzira.es\/es\/wp-json\/wp\/v2\/comments?post=54344"}],"version-history":[{"count":0,"href":"https:\/\/alzira.es\/es\/wp-json\/wp\/v2\/posts\/54344\/revisions"}],"wp:featuredmedia":[{"embeddable":true,"href":"https:\/\/alzira.es\/es\/wp-json\/wp\/v2\/media\/54339"}],"wp:attachment":[{"href":"https:\/\/alzira.es\/es\/wp-json\/wp\/v2\/media?parent=54344"}],"wp:term":[{"taxonomy":"category","embeddable":true,"href":"https:\/\/alzira.es\/es\/wp-json\/wp\/v2\/categories?post=54344"},{"taxonomy":"post_tag","embeddable":true,"href":"https:\/\/alzira.es\/es\/wp-json\/wp\/v2\/tags?post=54344"}],"curies":[{"name":"wp","href":"https:\/\/api.w.org\/{rel}","templated":true}]}}