{"id":54338,"date":"2021-04-07T13:59:50","date_gmt":"2021-04-07T11:59:50","guid":{"rendered":"https:\/\/alzira.es\/nova-edicio-de-formaempren-alzira-2\/"},"modified":"2021-04-07T13:59:50","modified_gmt":"2021-04-07T11:59:50","slug":"nova-edicio-de-formaempren-alzira-2","status":"publish","type":"post","link":"https:\/\/alzira.es\/es\/nova-edicio-de-formaempren-alzira-2\/","title":{"rendered":"Nova edici\u00f3 de Formaempr\u00e9n Alzira"},"content":{"rendered":"<p><strong>L&#8217;Ajuntament d&#8217;Alzira<\/strong> mitjan\u00e7ant el departament d&#8217;Idea llan\u00e7a una nova edici\u00f3 de <strong>FORMAEMPREN<\/strong>, el programa de capacitaci\u00f3 per a emprenedors.<\/p>\n<p>Es tracta d&#8217;un programa formatiu orientat a persones que van a encetar o estan plantejant-se un projecte empresarial. De la m\u00e0 de t\u00e8cnics experts del CEEI Valencia (Centro Europeo de Empresas Innovadoras de Valencia) es dona l&#8217;oportunitat de formar-se en els pilars b\u00e0sics per a poder constituir una empresa.<\/p>\n<p><em>\u00abSeguim amb este programa que ha demostrat al llarg dels anys que \u00e9s una formaci\u00f3 de qualitat i que resulta molt interessant per als nous emprenedors, per afrontar el seu projecte empresarial amb les majors garanties d&#8217;\u00e8xit\u00bb<\/em> ha explicat l&#8217;alcalde i responsable de l&#8217;\u00e0rea, <strong>Diego G\u00f3mez.<\/strong><\/p>\n<p>A m\u00e9s com en les altres edicions, en acabar la formaci\u00f3 es far\u00e0 un reconeixement al <strong>millor projecte empresarial<\/strong> participants, que rebr\u00e0 <strong><em>un premi<\/em> <\/strong>de<strong> 300 euros<\/strong> mitjan\u00e7ant la <strong>Targeta Alzira<\/strong>, per a comprar en els establiments locals adherits a la mateixa.<\/p>\n<p><strong>DATES:<\/strong>&nbsp;Del 20 d&#8217;abril al 11 de maig, en horari de 10 h a 14 h. Es realitza esta formaci\u00f3 de manera presencial.<br \/><strong>PLASES:<\/strong> Les places s\u00f3n limitades a 15 persones per estricte ordre d&#8217;inscripci\u00f3.<br \/><strong>TERMINI<\/strong> d&#8217;inscripci\u00f3, fins el 19 d&#8217;abril de 2021.<br \/><strong>INSCRIU-TE ARA<\/strong>&nbsp;en el seg\u00fcent <span style=\"text-decoration: underline; color: #ff8c00;\"><strong><a href=\"https:\/\/docs.google.com\/forms\/d\/e\/1FAIpQLSfuGvPGuOfVGTCN_6HeGm4hB15uS2unnEf5Mr0Y6LPa43fFoA\/viewform\" target=\"_blank\" rel=\"noopener\"><span style=\"color: #ff8c00; text-decoration: underline;\">formulari<\/span><\/a><\/strong><\/span><br \/><strong>LLOC:<\/strong> El curs s&#8217;impartir\u00e0 en el MUMA (Museu Municipal d&#8217;Alzira \u2013 C\/Sant Roc, 26) per l&#8217;aforament.<\/p>\n<p><span style=\"text-decoration: underline; color: #ff8c00;\"><strong><a href=\"https:\/\/www.idea-alzira.com\/formaempren\" target=\"_blank\" rel=\"noopener\"><span style=\"color: #ff8c00; text-decoration: underline;\">M\u00e9s informaci\u00f3<\/span><\/a><\/strong><\/span><\/p>\n<p style=\"text-align: center;\"><span style=\"text-decoration: underline;\"><span style=\"color: #b22222;\"><strong><span style=\"color: #b22222; text-decoration: underline;\"><img fetchpriority=\"high\" decoding=\"async\" class=\" size-full wp-image-54335\" src=\"https:\/\/alzira.es\/wp-content\/uploads\/2021\/04\/formaempren.png\" alt=\"formaempren\" width=\"1114\" height=\"799\" srcset=\"https:\/\/alzira.es\/wp-content\/uploads\/2021\/04\/formaempren.png 2048w, https:\/\/alzira.es\/wp-content\/uploads\/2021\/04\/formaempren-680x487.png 680w, https:\/\/alzira.es\/wp-content\/uploads\/2021\/04\/formaempren-1430x1024.png 1430w, https:\/\/alzira.es\/wp-content\/uploads\/2021\/04\/formaempren-768x550.png 768w, https:\/\/alzira.es\/wp-content\/uploads\/2021\/04\/formaempren-1536x1100.png 1536w\" sizes=\"(max-width: 706px) 89vw, (max-width: 767px) 82vw, 740px\" \/><\/span><\/strong><\/span><\/span><\/p>\n","protected":false},"excerpt":{"rendered":"<p>L&#8217;Ajuntament d&#8217;Alzira mitjan\u00e7ant el departament d&#8217;Idea llan\u00e7a una nova edici\u00f3 de FORMAEMPREN, el programa de capacitaci\u00f3 per a emprenedors. Es tracta d&#8217;un programa formatiu orientat a persones que van a encetar o estan plantejant-se un projecte empresarial. De la m\u00e0 de t\u00e8cnics experts del CEEI Valencia (Centro Europeo de Empresas Innovadoras de Valencia) es dona &hellip; <\/p>\n<p class=\"link-more\"><a href=\"https:\/\/alzira.es\/es\/nova-edicio-de-formaempren-alzira-2\/\" class=\"more-link\">Continuar leyendo<span class=\"screen-reader-text\"> \u00abNova edici\u00f3 de Formaempr\u00e9n Alzira\u00bb<\/span><\/a><\/p>\n","protected":false},"author":29,"featured_media":54335,"comment_status":"","ping_status":"","sticky":false,"template":"","format":"standard","meta":{"_acf_changed":false,"footnotes":""},"categories":[],"tags":[],"class_list":["post-54338","post","type-post","status-publish","format-standard","has-post-thumbnail","hentry"],"acf":[],"_links":{"self":[{"href":"https:\/\/alzira.es\/es\/wp-json\/wp\/v2\/posts\/54338","targetHints":{"allow":["GET"]}}],"collection":[{"href":"https:\/\/alzira.es\/es\/wp-json\/wp\/v2\/posts"}],"about":[{"href":"https:\/\/alzira.es\/es\/wp-json\/wp\/v2\/types\/post"}],"author":[{"embeddable":true,"href":"https:\/\/alzira.es\/es\/wp-json\/wp\/v2\/users\/29"}],"replies":[{"embeddable":true,"href":"https:\/\/alzira.es\/es\/wp-json\/wp\/v2\/comments?post=54338"}],"version-history":[{"count":0,"href":"https:\/\/alzira.es\/es\/wp-json\/wp\/v2\/posts\/54338\/revisions"}],"wp:featuredmedia":[{"embeddable":true,"href":"https:\/\/alzira.es\/es\/wp-json\/wp\/v2\/media\/54335"}],"wp:attachment":[{"href":"https:\/\/alzira.es\/es\/wp-json\/wp\/v2\/media?parent=54338"}],"wp:term":[{"taxonomy":"category","embeddable":true,"href":"https:\/\/alzira.es\/es\/wp-json\/wp\/v2\/categories?post=54338"},{"taxonomy":"post_tag","embeddable":true,"href":"https:\/\/alzira.es\/es\/wp-json\/wp\/v2\/tags?post=54338"}],"curies":[{"name":"wp","href":"https:\/\/api.w.org\/{rel}","templated":true}]}}