{"id":54332,"date":"2021-04-06T14:34:25","date_gmt":"2021-04-06T12:34:25","guid":{"rendered":"https:\/\/alzira.es\/alzira-instal-la-un-minipunt-net-a-la-placa-major-2\/"},"modified":"2021-04-06T14:34:25","modified_gmt":"2021-04-06T12:34:25","slug":"alzira-instal-la-un-minipunt-net-a-la-placa-major-2","status":"publish","type":"post","link":"https:\/\/alzira.es\/es\/alzira-instal-la-un-minipunt-net-a-la-placa-major-2\/","title":{"rendered":"Alzira instal\u00b7la un minipunt net a la pla\u00e7a Major"},"content":{"rendered":"<p><strong>L&#8217;Ajuntament d&#8217;Alzira<\/strong>, des de la <strong>Regidoria de Serveis Urbans<\/strong>, continua apostant pel reciclatge i <strong>instal\u00b7la un minipunt net a la pla\u00e7a Major<\/strong> que permetr\u00e0 la <em><strong>recollida de c\u00e0psules de caf\u00e9<\/strong><\/em>; <em><strong>taps de suro<\/strong><\/em>; <em><strong>aparell el\u00e8ctrics i electr\u00f2nics<\/strong><\/em>; <em><strong>carregadors<\/strong><\/em>; <em><strong>piles<\/strong><\/em>, <em><strong>bateries i acumuladors<\/strong><\/em>; <em><strong>bombetes led<\/strong><\/em>;<em><strong> i bombetes de baix consum<\/strong><\/em>.<\/p>\n<p><em>\u00abAmb esta acci\u00f3 fem un pas m\u00e9s en la gesti\u00f3 dels residus en la nostra ciutat, amb una major implicaci\u00f3 de les ve\u00efnes i ve\u00efns, i facilita que es sumen a les iniciatives de reciclatge, aix\u00ed com a la conscienciaci\u00f3 de mantindre el medi ambient al municipi\u00bb<\/em>, segons el regidor encarregat de l&#8217;\u00e0rea,<strong> Fernando Pascual<\/strong>.<\/p>\n<p>Alzira s&#8217;avan\u00e7a amb esta iniciativa a l&#8217;establit per la Directiva Europea sobre els residus, que obligar\u00e0 a tots els estats membres a recollir de forma segura les fraccions de residus perillosos d&#8217;origen dom\u00e8stic abans de l&#8217;1 de gener de 2025, garantint d&#8217;esta manera el reciclatge d&#8217;estos residus.<\/p>\n<p><em>El regidor espera la col\u00b7laboraci\u00f3 de totes i tots en esta nova proposta que ens <strong>facilita la tasca de reciclar<\/strong> <strong>i<\/strong> avan\u00e7a que en els pr\u00f2xims mesos <strong>esta prevista la instal\u00b7laci\u00f3 de m\u00e9s mini ecopunts<\/strong> en altres llocs de la ciutat d&#8217;Alzira<\/em>.<\/p>\n<p style=\"text-align: center;\"><img fetchpriority=\"high\" decoding=\"async\" class=\" size-full wp-image-54329\" src=\"https:\/\/alzira.es\/wp-content\/uploads\/2021\/04\/miniecopunt.jpg\" alt=\"miniecopunt\" width=\"953\" height=\"1138\" srcset=\"https:\/\/alzira.es\/wp-content\/uploads\/2021\/04\/miniecopunt.jpg 1309w, https:\/\/alzira.es\/wp-content\/uploads\/2021\/04\/miniecopunt-680x812.jpg 680w, https:\/\/alzira.es\/wp-content\/uploads\/2021\/04\/miniecopunt-897x1072.jpg 897w, https:\/\/alzira.es\/wp-content\/uploads\/2021\/04\/miniecopunt-768x918.jpg 768w, https:\/\/alzira.es\/wp-content\/uploads\/2021\/04\/miniecopunt-1286x1536.jpg 1286w\" sizes=\"(max-width: 706px) 89vw, (max-width: 767px) 82vw, 740px\" \/><\/p>\n","protected":false},"excerpt":{"rendered":"<p>L&#8217;Ajuntament d&#8217;Alzira, des de la Regidoria de Serveis Urbans, continua apostant pel reciclatge i instal\u00b7la un minipunt net a la pla\u00e7a Major que permetr\u00e0 la recollida de c\u00e0psules de caf\u00e9; taps de suro; aparell el\u00e8ctrics i electr\u00f2nics; carregadors; piles, bateries i acumuladors; bombetes led; i bombetes de baix consum. \u00abAmb esta acci\u00f3 fem un pas &hellip; <\/p>\n<p class=\"link-more\"><a href=\"https:\/\/alzira.es\/es\/alzira-instal-la-un-minipunt-net-a-la-placa-major-2\/\" class=\"more-link\">Continuar leyendo<span class=\"screen-reader-text\"> \u00abAlzira instal\u00b7la un minipunt net a la pla\u00e7a Major\u00bb<\/span><\/a><\/p>\n","protected":false},"author":29,"featured_media":54329,"comment_status":"","ping_status":"","sticky":false,"template":"","format":"standard","meta":{"_acf_changed":false,"footnotes":""},"categories":[],"tags":[],"class_list":["post-54332","post","type-post","status-publish","format-standard","has-post-thumbnail","hentry"],"acf":[],"_links":{"self":[{"href":"https:\/\/alzira.es\/es\/wp-json\/wp\/v2\/posts\/54332","targetHints":{"allow":["GET"]}}],"collection":[{"href":"https:\/\/alzira.es\/es\/wp-json\/wp\/v2\/posts"}],"about":[{"href":"https:\/\/alzira.es\/es\/wp-json\/wp\/v2\/types\/post"}],"author":[{"embeddable":true,"href":"https:\/\/alzira.es\/es\/wp-json\/wp\/v2\/users\/29"}],"replies":[{"embeddable":true,"href":"https:\/\/alzira.es\/es\/wp-json\/wp\/v2\/comments?post=54332"}],"version-history":[{"count":0,"href":"https:\/\/alzira.es\/es\/wp-json\/wp\/v2\/posts\/54332\/revisions"}],"wp:featuredmedia":[{"embeddable":true,"href":"https:\/\/alzira.es\/es\/wp-json\/wp\/v2\/media\/54329"}],"wp:attachment":[{"href":"https:\/\/alzira.es\/es\/wp-json\/wp\/v2\/media?parent=54332"}],"wp:term":[{"taxonomy":"category","embeddable":true,"href":"https:\/\/alzira.es\/es\/wp-json\/wp\/v2\/categories?post=54332"},{"taxonomy":"post_tag","embeddable":true,"href":"https:\/\/alzira.es\/es\/wp-json\/wp\/v2\/tags?post=54332"}],"curies":[{"name":"wp","href":"https:\/\/api.w.org\/{rel}","templated":true}]}}