{"id":54328,"date":"2021-04-06T14:04:28","date_gmt":"2021-04-06T12:04:28","guid":{"rendered":"https:\/\/alzira.es\/44-casos-cada-100-000-habitants-a-alzira-2\/"},"modified":"2021-04-06T14:04:28","modified_gmt":"2021-04-06T12:04:28","slug":"44-casos-cada-100-000-habitants-a-alzira-2","status":"publish","type":"post","link":"https:\/\/alzira.es\/es\/44-casos-cada-100-000-habitants-a-alzira-2\/","title":{"rendered":"44 casos cada 100.000 habitants a Alzira"},"content":{"rendered":"<h3><em>Actualitzaci\u00f3 de dades COVID<\/em><\/h3>\n<p><strong>La pand\u00e8mia continua deixant nous contagis a Alzira<\/strong> i la incid\u00e8ncia acumulada ja se situa en els <strong>44 casos per cada 100.000 habitants<\/strong>. Segons les dades facilitades hui per Salut P\u00fablica, actualment hi ha 20 casos actius a la nostra ciutat, mentre que en els \u00faltims 3 dies nom\u00e9s s&#8217;ha produ\u00eft un contagi.<\/p>\n<p>Segons ha explicat l&#8217;alcalde de la ciutat,<strong> Diego G\u00f3mez<\/strong>, estes dades indiquen un lleuger increment de la incid\u00e8ncia que arriba despr\u00e9s de les festes de Falles i que, a partir de la pr\u00f2xima setmana, podrem saber com ha evolucionat la situaci\u00f3 arrel a les vacances de Pasqua i Setmana Santa. Tot i que encara no s&#8217;ha arribat als 50 casos per cada 100.000 habitants,<em> l&#8217;alcalde recorda que la mobilitat s&#8217;ha disparat i, per tant, cal tindre cura per no arribar als nivells que ja vam patir al llarg dels mesos de gener i febrer.<\/em><\/p>\n<p>Els pr\u00f2xims dies s\u00f3n decisius, <em><strong>del nostre comportament i de com passem la pasqua dependr\u00e0 l&#8217;evoluci\u00f3<\/strong><\/em>. No \u00e9s el moment de relaxar-se, recordem que \u00e9s fonamental reduir al m\u00ednim la interacci\u00f3 social i seguir les recomanacions del Departament de Salut de la Ribera que insistix en la import\u00e0ncia de ser responsables de cara als dies festius dels pr\u00f2xims dies festius de Pasqua.<\/p>\n<p>Desitgem que totes les persones que patixen la malaltia es recuperen prompte i puguen tornar a la normalitat i agra\u00efm a tota la poblaci\u00f3 l&#8217;esfor\u00e7 pel compliment de les mesures vigents.<\/p>\n<p><strong>En relaci\u00f3 a la vacunaci\u00f3<\/strong>, hui comen\u00e7a el proc\u00e9s d&#8217;immunitzaci\u00f3 de 5.400 persones nascudes en 1956 i 1957 naturals dels municipis que integren el Departament de Salut de la Ribera En este sentit, <strong>Diego G\u00f3mez<\/strong> <em>ha volgut agra\u00efr al l&#8217;\u00e0rea de Salut la gran tasca que est\u00e0 fent<\/em>.<\/p>\n<p style=\"text-align: center;\"><img fetchpriority=\"high\" decoding=\"async\" class=\" size-full wp-image-51235\" src=\"https:\/\/alzira.es\/wp-content\/uploads\/2020\/08\/PANTALLA_RRSS.jpg\" alt=\"PANTALLA RRSS\" width=\"872\" height=\"872\" \/><\/p>\n","protected":false},"excerpt":{"rendered":"<p>Actualitzaci\u00f3 de dades COVID La pand\u00e8mia continua deixant nous contagis a Alzira i la incid\u00e8ncia acumulada ja se situa en els 44 casos per cada 100.000 habitants. Segons les dades facilitades hui per Salut P\u00fablica, actualment hi ha 20 casos actius a la nostra ciutat, mentre que en els \u00faltims 3 dies nom\u00e9s s&#8217;ha produ\u00eft &hellip; <\/p>\n<p class=\"link-more\"><a href=\"https:\/\/alzira.es\/es\/44-casos-cada-100-000-habitants-a-alzira-2\/\" class=\"more-link\">Continuar leyendo<span class=\"screen-reader-text\"> \u00ab44 casos cada 100.000 habitants a Alzira\u00bb<\/span><\/a><\/p>\n","protected":false},"author":29,"featured_media":51235,"comment_status":"","ping_status":"","sticky":false,"template":"","format":"standard","meta":{"_acf_changed":false,"footnotes":""},"categories":[],"tags":[],"class_list":["post-54328","post","type-post","status-publish","format-standard","has-post-thumbnail","hentry"],"acf":[],"_links":{"self":[{"href":"https:\/\/alzira.es\/es\/wp-json\/wp\/v2\/posts\/54328","targetHints":{"allow":["GET"]}}],"collection":[{"href":"https:\/\/alzira.es\/es\/wp-json\/wp\/v2\/posts"}],"about":[{"href":"https:\/\/alzira.es\/es\/wp-json\/wp\/v2\/types\/post"}],"author":[{"embeddable":true,"href":"https:\/\/alzira.es\/es\/wp-json\/wp\/v2\/users\/29"}],"replies":[{"embeddable":true,"href":"https:\/\/alzira.es\/es\/wp-json\/wp\/v2\/comments?post=54328"}],"version-history":[{"count":0,"href":"https:\/\/alzira.es\/es\/wp-json\/wp\/v2\/posts\/54328\/revisions"}],"wp:featuredmedia":[{"embeddable":true,"href":"https:\/\/alzira.es\/es\/wp-json\/wp\/v2\/media\/51235"}],"wp:attachment":[{"href":"https:\/\/alzira.es\/es\/wp-json\/wp\/v2\/media?parent=54328"}],"wp:term":[{"taxonomy":"category","embeddable":true,"href":"https:\/\/alzira.es\/es\/wp-json\/wp\/v2\/categories?post=54328"},{"taxonomy":"post_tag","embeddable":true,"href":"https:\/\/alzira.es\/es\/wp-json\/wp\/v2\/tags?post=54328"}],"curies":[{"name":"wp","href":"https:\/\/api.w.org\/{rel}","templated":true}]}}