{"id":54326,"date":"2021-04-06T13:45:00","date_gmt":"2021-04-06T11:45:00","guid":{"rendered":"https:\/\/alzira.es\/aiguees-de-valencia-donara-a-som-alzira-un-euro-per-cada-llar-local-o-comerc-alzireny-que-es-passe-a-la-factura-electronica-de-l-aigua-2\/"},"modified":"2021-04-06T13:45:00","modified_gmt":"2021-04-06T11:45:00","slug":"aiguees-de-valencia-donara-a-som-alzira-un-euro-per-cada-llar-local-o-comerc-alzireny-que-es-passe-a-la-factura-electronica-de-l-aigua-2","status":"publish","type":"post","link":"https:\/\/alzira.es\/es\/aiguees-de-valencia-donara-a-som-alzira-un-euro-per-cada-llar-local-o-comerc-alzireny-que-es-passe-a-la-factura-electronica-de-l-aigua-2\/","title":{"rendered":"Aig\u00fces de Val\u00e8ncia donar\u00e0 a Som Alzira un euro per cada llar, local o comer\u00e7 alzireny que es passe a la factura electr\u00f2nica de l\u2019aigua"},"content":{"rendered":"<p><strong>L&#8217;Ajuntament de Alzira i Aig\u00fces de Val\u00e8ncia<\/strong>, <em>han presentat hui un<strong> protocol<\/strong><\/em>, <em>per a la <strong>donaci\u00f3 d&#8217;1 \u20ac<\/strong> al Fons solidari <strong>\u00abSOM ALZIRA\u00bb<\/strong> per cada usuari o usu\u00e0ria que es passe a la <strong>factura electr\u00f2nica<\/strong> de l&#8217;aigua.<\/em><\/p>\n<p>Aquesta campanya t\u00e9 com a objectiu mediambiental l&#8217;abandonament de la factura de paper, per a reduir el consum de mat\u00e8ries primeres, energia, residus i emissions de CO2 i al mateix temps fer aportacions pels m\u00e9s vulnerables que tenen m\u00e9s dificultats per la pand\u00e8mia que estem patint.<\/p>\n<p>L&#8217;alcalde d&#8217;Alzira,<strong> Diego G\u00f3mez<\/strong>, ha indicat que <em>\u00abes tracta d&#8217;un acord que fomenta el nostre respecte pel medi ambient i al mateix temps t\u00e9 una visi\u00f3 social social. Tant el consistori com Aig\u00fces de Valencia difondrem aquest projecte per a reduir la contaminaci\u00f3 passant a la factura digital i al mateix temps contribuir a millorar la qualitat ecol\u00f2gica del nostre municipi\u00bb<\/em>.<\/p>\n<p><strong>La intenci\u00f3<\/strong> d&#8217;Aig\u00fces de Valencia<strong> \u00e9s que gran part de la seua clientela a Alzira<\/strong>, unes<strong> 17.500 llars<\/strong>, <strong>es passen a la factura electr\u00f2nica<\/strong>. Una campanya de la qual es far\u00e0 difusi\u00f3 massiva per a informar les i els clients mitjan\u00e7ant l&#8217;enviament de cartes, similars a les que reben actualment.<\/p>\n<p>El 13% dels clients i les clientes d&#8217;Alzira ja reben aquest tipus de factura als seus dispositius m\u00f2bils o mitjan\u00e7ant adre\u00e7a electr\u00f2nica. El repte \u00e9s arribar al 50% de la clientela, el que suposaria que m\u00e9s de 8.000 ve\u00efns i ve\u00efnes de la ciutat es passaren a aquest tipus de rebut. Una mesura que es prorrogar\u00e0 durant tot aquest any 2021.<\/p>\n<p style=\"text-align: center;\"><img fetchpriority=\"high\" decoding=\"async\" class=\" size-full wp-image-54323\" src=\"https:\/\/alzira.es\/wp-content\/uploads\/2021\/04\/002.jpg\" alt=\"002\" width=\"983\" height=\"995\" \/><\/p>\n<p>&nbsp;<\/p>\n","protected":false},"excerpt":{"rendered":"<p>L&#8217;Ajuntament de Alzira i Aig\u00fces de Val\u00e8ncia, han presentat hui un protocol, per a la donaci\u00f3 d&#8217;1 \u20ac al Fons solidari \u00abSOM ALZIRA\u00bb per cada usuari o usu\u00e0ria que es passe a la factura electr\u00f2nica de l&#8217;aigua. Aquesta campanya t\u00e9 com a objectiu mediambiental l&#8217;abandonament de la factura de paper, per a reduir el consum &hellip; <\/p>\n<p class=\"link-more\"><a href=\"https:\/\/alzira.es\/es\/aiguees-de-valencia-donara-a-som-alzira-un-euro-per-cada-llar-local-o-comerc-alzireny-que-es-passe-a-la-factura-electronica-de-l-aigua-2\/\" class=\"more-link\">Continuar leyendo<span class=\"screen-reader-text\"> \u00abAig\u00fces de Val\u00e8ncia donar\u00e0 a Som Alzira un euro per cada llar, local o comer\u00e7 alzireny que es passe a la factura electr\u00f2nica de l\u2019aigua\u00bb<\/span><\/a><\/p>\n","protected":false},"author":29,"featured_media":54323,"comment_status":"","ping_status":"","sticky":false,"template":"","format":"standard","meta":{"_acf_changed":false,"footnotes":""},"categories":[],"tags":[],"class_list":["post-54326","post","type-post","status-publish","format-standard","has-post-thumbnail","hentry"],"acf":[],"_links":{"self":[{"href":"https:\/\/alzira.es\/es\/wp-json\/wp\/v2\/posts\/54326","targetHints":{"allow":["GET"]}}],"collection":[{"href":"https:\/\/alzira.es\/es\/wp-json\/wp\/v2\/posts"}],"about":[{"href":"https:\/\/alzira.es\/es\/wp-json\/wp\/v2\/types\/post"}],"author":[{"embeddable":true,"href":"https:\/\/alzira.es\/es\/wp-json\/wp\/v2\/users\/29"}],"replies":[{"embeddable":true,"href":"https:\/\/alzira.es\/es\/wp-json\/wp\/v2\/comments?post=54326"}],"version-history":[{"count":0,"href":"https:\/\/alzira.es\/es\/wp-json\/wp\/v2\/posts\/54326\/revisions"}],"wp:featuredmedia":[{"embeddable":true,"href":"https:\/\/alzira.es\/es\/wp-json\/wp\/v2\/media\/54323"}],"wp:attachment":[{"href":"https:\/\/alzira.es\/es\/wp-json\/wp\/v2\/media?parent=54326"}],"wp:term":[{"taxonomy":"category","embeddable":true,"href":"https:\/\/alzira.es\/es\/wp-json\/wp\/v2\/categories?post=54326"},{"taxonomy":"post_tag","embeddable":true,"href":"https:\/\/alzira.es\/es\/wp-json\/wp\/v2\/tags?post=54326"}],"curies":[{"name":"wp","href":"https:\/\/api.w.org\/{rel}","templated":true}]}}