{"id":54312,"date":"2021-04-01T13:48:56","date_gmt":"2021-04-01T11:48:56","guid":{"rendered":"https:\/\/alzira.es\/alzira-s-unix-al-dia-mundial-de-conscienciacio-sobre-l-autisme-2\/"},"modified":"2021-04-01T13:48:56","modified_gmt":"2021-04-01T11:48:56","slug":"alzira-s-unix-al-dia-mundial-de-conscienciacio-sobre-l-autisme-2","status":"publish","type":"post","link":"https:\/\/alzira.es\/es\/alzira-s-unix-al-dia-mundial-de-conscienciacio-sobre-l-autisme-2\/","title":{"rendered":"Alzira s\u2019unix al Dia Mundial de Conscienciaci\u00f3 sobre l\u2019Autisme"},"content":{"rendered":"<h3><em>\u2022 Les fonts de la pla\u00e7a Major, la del Regne i la del parc de l&#8217;Alquen\u00e8ncia s&#8217;il\u00b7luminaran de<span style=\"color: #3366ff;\"> <strong>blau<\/strong> <\/span>en senyal de suport<\/em><\/h3>\n<p>El<strong> 2 d&#8217;abril<\/strong> se celebra el <strong>Dia Mundial de Conscienciaci\u00f3 sobre l&#8217;Autisme<\/strong>, i a Alzira, Idinea, l&#8217;Institut de Diagn\u00f2stic i Intervenci\u00f3 de Xiquets amb Espectre Autista de la Nostra Veu, ens anima a participar per a donar visibilitat i millorar la qualitat de vida de les persones amb autisme.<\/p>\n<p><strong>L&#8217;Ajuntament<\/strong>, des de la Regidoria de <strong>Serveis Urbans<\/strong>, s&#8217;uneix al <span style=\"color: #3366ff;\"><em><strong>Dia Internacional de Conscienciaci\u00f3 sobre l&#8217;Autisme<\/strong><\/em><\/span>, il\u00b7luminant de blau, s\u00edmbol de l&#8217;autisme, les fonts de la pla\u00e7a Major, la del Regne i la del parc de l&#8217;Alquen\u00e8ncia.<\/p>\n<p>Des de l&#8217;Ajuntament som conscients de la necessitat d&#8217;organitzar activitats per tal d&#8217;augmentar la conscienciaci\u00f3 social sobre l&#8217;autisme perqu\u00e8 entre totes i tots contribu\u00efm a la inclusi\u00f3 de les persones amb TEA (Trastorn de l&#8217;Espectre Autista).<\/p>\n<p style=\"text-align: center;\"><img fetchpriority=\"high\" decoding=\"async\" class=\" size-full wp-image-54305\" src=\"https:\/\/alzira.es\/wp-content\/uploads\/2021\/04\/font_1.jpg\" alt=\"font 1\" width=\"1090\" height=\"613\" srcset=\"https:\/\/alzira.es\/wp-content\/uploads\/2021\/04\/font_1.jpg 2048w, https:\/\/alzira.es\/wp-content\/uploads\/2021\/04\/font_1-680x383.jpg 680w, https:\/\/alzira.es\/wp-content\/uploads\/2021\/04\/font_1-1430x804.jpg 1430w, https:\/\/alzira.es\/wp-content\/uploads\/2021\/04\/font_1-768x432.jpg 768w, https:\/\/alzira.es\/wp-content\/uploads\/2021\/04\/font_1-1536x864.jpg 1536w\" sizes=\"(max-width: 706px) 89vw, (max-width: 767px) 82vw, 740px\" \/><\/p>\n<p style=\"text-align: center;\"><img decoding=\"async\" class=\"size-full wp-image-54307 lazyload\" data-src=\"https:\/\/alzira.es\/wp-content\/uploads\/2021\/04\/font_2.jpg\" alt=\"font 2\" width=\"620\" height=\"465\" data-srcset=\"https:\/\/alzira.es\/wp-content\/uploads\/2021\/04\/font_2.jpg 1024w, https:\/\/alzira.es\/wp-content\/uploads\/2021\/04\/font_2-680x510.jpg 680w, https:\/\/alzira.es\/wp-content\/uploads\/2021\/04\/font_2-768x576.jpg 768w\" data-sizes=\"(max-width: 620px) 100vw, 620px\" src=\"data:image\/svg+xml;base64,PHN2ZyB3aWR0aD0iMSIgaGVpZ2h0PSIxIiB4bWxucz0iaHR0cDovL3d3dy53My5vcmcvMjAwMC9zdmciPjwvc3ZnPg==\" style=\"--smush-placeholder-width: 620px; --smush-placeholder-aspect-ratio: 620\/465;\" \/>&nbsp;<img decoding=\"async\" class=\"size-full wp-image-54309 lazyload\" data-src=\"https:\/\/alzira.es\/wp-content\/uploads\/2021\/04\/font_3.jpg\" alt=\"font 3\" width=\"621\" height=\"466\" data-srcset=\"https:\/\/alzira.es\/wp-content\/uploads\/2021\/04\/font_3.jpg 1024w, https:\/\/alzira.es\/wp-content\/uploads\/2021\/04\/font_3-680x510.jpg 680w, https:\/\/alzira.es\/wp-content\/uploads\/2021\/04\/font_3-768x576.jpg 768w\" data-sizes=\"(max-width: 621px) 100vw, 621px\" src=\"data:image\/svg+xml;base64,PHN2ZyB3aWR0aD0iMSIgaGVpZ2h0PSIxIiB4bWxucz0iaHR0cDovL3d3dy53My5vcmcvMjAwMC9zdmciPjwvc3ZnPg==\" style=\"--smush-placeholder-width: 621px; --smush-placeholder-aspect-ratio: 621\/466;\" \/><\/p>\n","protected":false},"excerpt":{"rendered":"<p>\u2022 Les fonts de la pla\u00e7a Major, la del Regne i la del parc de l&#8217;Alquen\u00e8ncia s&#8217;il\u00b7luminaran de blau en senyal de suport El 2 d&#8217;abril se celebra el Dia Mundial de Conscienciaci\u00f3 sobre l&#8217;Autisme, i a Alzira, Idinea, l&#8217;Institut de Diagn\u00f2stic i Intervenci\u00f3 de Xiquets amb Espectre Autista de la Nostra Veu, ens anima &hellip; <\/p>\n<p class=\"link-more\"><a href=\"https:\/\/alzira.es\/es\/alzira-s-unix-al-dia-mundial-de-conscienciacio-sobre-l-autisme-2\/\" class=\"more-link\">Continuar leyendo<span class=\"screen-reader-text\"> \u00abAlzira s\u2019unix al Dia Mundial de Conscienciaci\u00f3 sobre l\u2019Autisme\u00bb<\/span><\/a><\/p>\n","protected":false},"author":29,"featured_media":54305,"comment_status":"","ping_status":"","sticky":false,"template":"","format":"standard","meta":{"_acf_changed":false,"footnotes":""},"categories":[],"tags":[],"class_list":["post-54312","post","type-post","status-publish","format-standard","has-post-thumbnail","hentry"],"acf":[],"_links":{"self":[{"href":"https:\/\/alzira.es\/es\/wp-json\/wp\/v2\/posts\/54312","targetHints":{"allow":["GET"]}}],"collection":[{"href":"https:\/\/alzira.es\/es\/wp-json\/wp\/v2\/posts"}],"about":[{"href":"https:\/\/alzira.es\/es\/wp-json\/wp\/v2\/types\/post"}],"author":[{"embeddable":true,"href":"https:\/\/alzira.es\/es\/wp-json\/wp\/v2\/users\/29"}],"replies":[{"embeddable":true,"href":"https:\/\/alzira.es\/es\/wp-json\/wp\/v2\/comments?post=54312"}],"version-history":[{"count":0,"href":"https:\/\/alzira.es\/es\/wp-json\/wp\/v2\/posts\/54312\/revisions"}],"wp:featuredmedia":[{"embeddable":true,"href":"https:\/\/alzira.es\/es\/wp-json\/wp\/v2\/media\/54305"}],"wp:attachment":[{"href":"https:\/\/alzira.es\/es\/wp-json\/wp\/v2\/media?parent=54312"}],"wp:term":[{"taxonomy":"category","embeddable":true,"href":"https:\/\/alzira.es\/es\/wp-json\/wp\/v2\/categories?post=54312"},{"taxonomy":"post_tag","embeddable":true,"href":"https:\/\/alzira.es\/es\/wp-json\/wp\/v2\/tags?post=54312"}],"curies":[{"name":"wp","href":"https:\/\/api.w.org\/{rel}","templated":true}]}}