{"id":54304,"date":"2021-04-01T12:44:08","date_gmt":"2021-04-01T10:44:08","guid":{"rendered":"https:\/\/alzira.es\/mes-de-7-500-usuaris-utilitzen-les-instal-lacions-esportives-del-22-al-28-de-marc-2\/"},"modified":"2021-04-01T12:44:08","modified_gmt":"2021-04-01T10:44:08","slug":"mes-de-7-500-usuaris-utilitzen-les-instal-lacions-esportives-del-22-al-28-de-marc-2","status":"publish","type":"post","link":"https:\/\/alzira.es\/es\/mes-de-7-500-usuaris-utilitzen-les-instal-lacions-esportives-del-22-al-28-de-marc-2\/","title":{"rendered":"M\u00e9s de 7.500 usuaris utilitzen les instal\u00b7lacions esportives del 22 al 28 de mar\u00e7"},"content":{"rendered":"<p>La flexibilitzaci\u00f3 de les mesures sanit\u00e0ries a perm\u00e9s l&#8217;\u00fas de les instal\u00b7lacions esportives, amb aforament limitat i els protocols marcats pel Ministeri de Sanitat.<\/p>\n<p><strong>En la setmana del 22 al 28 de mar\u00e7 7.505 persones<\/strong> han passat per la Ciutat Esportiva de Tulell, Camp d&#8217;Esports de Ven\u00e8cia, pavell\u00f3 Fontana Mogort, Palau d&#8217;Esports, pavell\u00f3 P\u00e9rez Puig, Estadi Luis Su\u00f1er, Trinquet Municipal, i Piscina Coberta.<\/p>\n<p><em>\u00abEsta elevada xifra en nom\u00e9s set dies constata l&#8217;elevada pr\u00e0ctica de les diverses modalitats esportives en la ciutat d&#8217;Alzira, per aix\u00f2 des de la Regidoria d&#8217;Esports som conscients de la necessitat de tindre obertes les instal\u00b7lacions, amb els protocols per-tinents, a m\u00e9s, tenim m\u00e9s que agrair el bon comportament de totes i tots els usuaris en estos moments complicats derivats de la pand\u00e8mia de la Covid-19\u00bb<\/em>, segons ha remarcat el regidor encarregat de l&#8217;\u00e0rea; <strong>Fernando Pascual<\/strong>.<\/p>\n<p style=\"text-align: center;\"><img fetchpriority=\"high\" decoding=\"async\" class=\" size-full wp-image-54297\" src=\"https:\/\/alzira.es\/wp-content\/uploads\/2021\/04\/esport_3.jpg\" alt=\"esport 3\" width=\"800\" height=\"600\" srcset=\"https:\/\/alzira.es\/wp-content\/uploads\/2021\/04\/esport_3.jpg 2048w, https:\/\/alzira.es\/wp-content\/uploads\/2021\/04\/esport_3-680x510.jpg 680w, https:\/\/alzira.es\/wp-content\/uploads\/2021\/04\/esport_3-1430x1072.jpg 1430w, https:\/\/alzira.es\/wp-content\/uploads\/2021\/04\/esport_3-768x576.jpg 768w, https:\/\/alzira.es\/wp-content\/uploads\/2021\/04\/esport_3-1536x1152.jpg 1536w\" sizes=\"(max-width: 706px) 89vw, (max-width: 767px) 82vw, 740px\" \/><\/p>\n<p style=\"text-align: center;\"><img decoding=\"async\" class=\"size-full wp-image-54299 lazyload\" data-src=\"https:\/\/alzira.es\/wp-content\/uploads\/2021\/04\/esport_1.jpg\" alt=\"esport 1\" width=\"600\" height=\"450\" data-srcset=\"https:\/\/alzira.es\/wp-content\/uploads\/2021\/04\/esport_1.jpg 2048w, https:\/\/alzira.es\/wp-content\/uploads\/2021\/04\/esport_1-680x510.jpg 680w, https:\/\/alzira.es\/wp-content\/uploads\/2021\/04\/esport_1-1430x1072.jpg 1430w, https:\/\/alzira.es\/wp-content\/uploads\/2021\/04\/esport_1-768x576.jpg 768w, https:\/\/alzira.es\/wp-content\/uploads\/2021\/04\/esport_1-1536x1152.jpg 1536w\" data-sizes=\"(max-width: 600px) 100vw, 600px\" src=\"data:image\/svg+xml;base64,PHN2ZyB3aWR0aD0iMSIgaGVpZ2h0PSIxIiB4bWxucz0iaHR0cDovL3d3dy53My5vcmcvMjAwMC9zdmciPjwvc3ZnPg==\" style=\"--smush-placeholder-width: 600px; --smush-placeholder-aspect-ratio: 600\/450;\" \/>&nbsp;<img decoding=\"async\" class=\"size-full wp-image-54301 lazyload\" data-src=\"https:\/\/alzira.es\/wp-content\/uploads\/2021\/04\/esport_2.jpg\" alt=\"esport 2\" width=\"599\" height=\"449\" data-srcset=\"https:\/\/alzira.es\/wp-content\/uploads\/2021\/04\/esport_2.jpg 2048w, https:\/\/alzira.es\/wp-content\/uploads\/2021\/04\/esport_2-680x510.jpg 680w, https:\/\/alzira.es\/wp-content\/uploads\/2021\/04\/esport_2-1430x1072.jpg 1430w, https:\/\/alzira.es\/wp-content\/uploads\/2021\/04\/esport_2-768x576.jpg 768w, https:\/\/alzira.es\/wp-content\/uploads\/2021\/04\/esport_2-1536x1152.jpg 1536w\" data-sizes=\"(max-width: 599px) 100vw, 599px\" src=\"data:image\/svg+xml;base64,PHN2ZyB3aWR0aD0iMSIgaGVpZ2h0PSIxIiB4bWxucz0iaHR0cDovL3d3dy53My5vcmcvMjAwMC9zdmciPjwvc3ZnPg==\" style=\"--smush-placeholder-width: 599px; --smush-placeholder-aspect-ratio: 599\/449;\" \/><\/p>\n","protected":false},"excerpt":{"rendered":"<p>La flexibilitzaci\u00f3 de les mesures sanit\u00e0ries a perm\u00e9s l&#8217;\u00fas de les instal\u00b7lacions esportives, amb aforament limitat i els protocols marcats pel Ministeri de Sanitat. En la setmana del 22 al 28 de mar\u00e7 7.505 persones han passat per la Ciutat Esportiva de Tulell, Camp d&#8217;Esports de Ven\u00e8cia, pavell\u00f3 Fontana Mogort, Palau d&#8217;Esports, pavell\u00f3 P\u00e9rez Puig, &hellip; <\/p>\n<p class=\"link-more\"><a href=\"https:\/\/alzira.es\/es\/mes-de-7-500-usuaris-utilitzen-les-instal-lacions-esportives-del-22-al-28-de-marc-2\/\" class=\"more-link\">Continuar leyendo<span class=\"screen-reader-text\"> \u00abM\u00e9s de 7.500 usuaris utilitzen les instal\u00b7lacions esportives del 22 al 28 de mar\u00e7\u00bb<\/span><\/a><\/p>\n","protected":false},"author":29,"featured_media":54297,"comment_status":"","ping_status":"","sticky":false,"template":"","format":"standard","meta":{"_acf_changed":false,"footnotes":""},"categories":[],"tags":[],"class_list":["post-54304","post","type-post","status-publish","format-standard","has-post-thumbnail","hentry"],"acf":[],"_links":{"self":[{"href":"https:\/\/alzira.es\/es\/wp-json\/wp\/v2\/posts\/54304","targetHints":{"allow":["GET"]}}],"collection":[{"href":"https:\/\/alzira.es\/es\/wp-json\/wp\/v2\/posts"}],"about":[{"href":"https:\/\/alzira.es\/es\/wp-json\/wp\/v2\/types\/post"}],"author":[{"embeddable":true,"href":"https:\/\/alzira.es\/es\/wp-json\/wp\/v2\/users\/29"}],"replies":[{"embeddable":true,"href":"https:\/\/alzira.es\/es\/wp-json\/wp\/v2\/comments?post=54304"}],"version-history":[{"count":0,"href":"https:\/\/alzira.es\/es\/wp-json\/wp\/v2\/posts\/54304\/revisions"}],"wp:featuredmedia":[{"embeddable":true,"href":"https:\/\/alzira.es\/es\/wp-json\/wp\/v2\/media\/54297"}],"wp:attachment":[{"href":"https:\/\/alzira.es\/es\/wp-json\/wp\/v2\/media?parent=54304"}],"wp:term":[{"taxonomy":"category","embeddable":true,"href":"https:\/\/alzira.es\/es\/wp-json\/wp\/v2\/categories?post=54304"},{"taxonomy":"post_tag","embeddable":true,"href":"https:\/\/alzira.es\/es\/wp-json\/wp\/v2\/tags?post=54304"}],"curies":[{"name":"wp","href":"https:\/\/api.w.org\/{rel}","templated":true}]}}