{"id":54283,"date":"2021-03-31T14:30:31","date_gmt":"2021-03-31T12:30:31","guid":{"rendered":"https:\/\/alzira.es\/celebracio-dia-internacional-llibre-2\/"},"modified":"2021-03-31T14:30:31","modified_gmt":"2021-03-31T12:30:31","slug":"celebracio-dia-internacional-llibre-2","status":"publish","type":"post","link":"https:\/\/alzira.es\/es\/celebracio-dia-internacional-llibre-2\/","title":{"rendered":"Celebraci\u00f3 Dia Internacional Llibre Infantil i Juvenil, 2 d\u2019Abril  Taller de Poesia en Veu Alta, \u201cJocs Po\u00e8tics\u201d"},"content":{"rendered":"<p>Amb motiu del <strong>2 d&#8217;abril Dia Internacional<\/strong> del <em><strong>\u00abLLIBRE INFANTIL I JUVENIL\u00bb<\/strong><\/em> hem preparat el Taller de Poesia en veu alta, <strong><span style=\"color: #b22222;\">\u00abJOCS PO\u00c8TICS\u00bb<\/span><\/strong><\/p>\n<p>Des del Departament d&#8217;Educaci\u00f3 i Inf\u00e0ncia hem preparat este taller <strong>per a l&#8217;alumnat de 3r de Prim\u00e0ria dels centres p\u00fablics i concertats d&#8217;Alzira<\/strong>, que hem desenvolupat <strong>del 22 al 31 de mar\u00e7<\/strong>.<\/p>\n<p>Amb esta activitat potenciem el control d&#8217;all\u00f2 que expressem davant d&#8217;un auditori. Els exercicis s\u00f3n din\u00e0miques de grup participatives en els quals s\u00f3n necess\u00e0ries la implicaci\u00f3 de tot l&#8217;alumnat. Es treballa amb exercicis d&#8217;entrenament de t\u00e8cniques b\u00e0siques d&#8217;oralitzaci\u00f3, exercicis de recitaci\u00f3, de dramatitzaci\u00f3 i expressi\u00f3 per treballar l&#8217;ajust corporal, jocs i din\u00e0miques grupals que afavoreixen l&#8217;expressi\u00f3 oral, la vocalitzaci\u00f3, gesticulaci\u00f3, projecci\u00f3 de la veu&#8230;<\/p>\n<p>Per la situaci\u00f3 sanit\u00e0ria que vivim a conseq\u00fc\u00e8ncia de la pand\u00e8mia per la Covid-19, les sessions es feren per videoconfer\u00e8ncia, en directe, en cadascuna de les aules de 3r de Prim\u00e0ria del municipi.<\/p>\n<p style=\"text-align: center;\"><img fetchpriority=\"high\" decoding=\"async\" class=\" size-full wp-image-54280\" src=\"https:\/\/alzira.es\/wp-content\/uploads\/2021\/03\/CARTELL_JOCS_POETICS.jpg\" alt=\"CARTELL JOCS PO\u00c8TICS\" width=\"800\" height=\"566\" srcset=\"https:\/\/alzira.es\/wp-content\/uploads\/2021\/03\/CARTELL_JOCS_POETICS.jpg 2398w, https:\/\/alzira.es\/wp-content\/uploads\/2021\/03\/CARTELL_JOCS_POETICS-680x481.jpg 680w, https:\/\/alzira.es\/wp-content\/uploads\/2021\/03\/CARTELL_JOCS_POETICS-1430x1011.jpg 1430w, https:\/\/alzira.es\/wp-content\/uploads\/2021\/03\/CARTELL_JOCS_POETICS-768x543.jpg 768w, https:\/\/alzira.es\/wp-content\/uploads\/2021\/03\/CARTELL_JOCS_POETICS-1536x1086.jpg 1536w, https:\/\/alzira.es\/wp-content\/uploads\/2021\/03\/CARTELL_JOCS_POETICS-2048x1448.jpg 2048w\" sizes=\"(max-width: 706px) 89vw, (max-width: 767px) 82vw, 740px\" \/><\/p>\n<p>&nbsp;<\/p>\n","protected":false},"excerpt":{"rendered":"<p>Amb motiu del 2 d&#8217;abril Dia Internacional del \u00abLLIBRE INFANTIL I JUVENIL\u00bb hem preparat el Taller de Poesia en veu alta, \u00abJOCS PO\u00c8TICS\u00bb Des del Departament d&#8217;Educaci\u00f3 i Inf\u00e0ncia hem preparat este taller per a l&#8217;alumnat de 3r de Prim\u00e0ria dels centres p\u00fablics i concertats d&#8217;Alzira, que hem desenvolupat del 22 al 31 de mar\u00e7. &hellip; <\/p>\n<p class=\"link-more\"><a href=\"https:\/\/alzira.es\/es\/celebracio-dia-internacional-llibre-2\/\" class=\"more-link\">Continuar leyendo<span class=\"screen-reader-text\"> \u00abCelebraci\u00f3 Dia Internacional Llibre Infantil i Juvenil, 2 d\u2019Abril  Taller de Poesia en Veu Alta, \u201cJocs Po\u00e8tics\u201d\u00bb<\/span><\/a><\/p>\n","protected":false},"author":29,"featured_media":54280,"comment_status":"","ping_status":"","sticky":false,"template":"","format":"standard","meta":{"_acf_changed":false,"footnotes":""},"categories":[],"tags":[],"class_list":["post-54283","post","type-post","status-publish","format-standard","has-post-thumbnail","hentry"],"acf":[],"_links":{"self":[{"href":"https:\/\/alzira.es\/es\/wp-json\/wp\/v2\/posts\/54283","targetHints":{"allow":["GET"]}}],"collection":[{"href":"https:\/\/alzira.es\/es\/wp-json\/wp\/v2\/posts"}],"about":[{"href":"https:\/\/alzira.es\/es\/wp-json\/wp\/v2\/types\/post"}],"author":[{"embeddable":true,"href":"https:\/\/alzira.es\/es\/wp-json\/wp\/v2\/users\/29"}],"replies":[{"embeddable":true,"href":"https:\/\/alzira.es\/es\/wp-json\/wp\/v2\/comments?post=54283"}],"version-history":[{"count":0,"href":"https:\/\/alzira.es\/es\/wp-json\/wp\/v2\/posts\/54283\/revisions"}],"wp:featuredmedia":[{"embeddable":true,"href":"https:\/\/alzira.es\/es\/wp-json\/wp\/v2\/media\/54280"}],"wp:attachment":[{"href":"https:\/\/alzira.es\/es\/wp-json\/wp\/v2\/media?parent=54283"}],"wp:term":[{"taxonomy":"category","embeddable":true,"href":"https:\/\/alzira.es\/es\/wp-json\/wp\/v2\/categories?post=54283"},{"taxonomy":"post_tag","embeddable":true,"href":"https:\/\/alzira.es\/es\/wp-json\/wp\/v2\/tags?post=54283"}],"curies":[{"name":"wp","href":"https:\/\/api.w.org\/{rel}","templated":true}]}}