{"id":54279,"date":"2021-03-31T12:58:49","date_gmt":"2021-03-31T10:58:49","guid":{"rendered":"https:\/\/alzira.es\/tornen-a-augmentar-els-casos-fins-als-35-per-cada-100-000-habitants-2\/"},"modified":"2021-03-31T12:58:49","modified_gmt":"2021-03-31T10:58:49","slug":"tornen-a-augmentar-els-casos-fins-als-35-per-cada-100-000-habitants-2","status":"publish","type":"post","link":"https:\/\/alzira.es\/es\/tornen-a-augmentar-els-casos-fins-als-35-per-cada-100-000-habitants-2\/","title":{"rendered":"Tornen a augmentar els casos, fins als 35 per cada 100.000 habitants"},"content":{"rendered":"<p><strong>Actualitzaci\u00f3 de dades COVID<\/strong><\/p>\n<h3><em>&#8211; <strong>Tornen a augmentar els casos<\/strong>, fins als 35 per cada 100.000 habitants<\/em><\/h3>\n<p>Es confirma la tend\u00e8ncia de pujada de casos respecte a la setmana passada. El Departament de Salut ha informat que dem\u00e0 dijous no s&#8217;actualitzaran les dades ja que coincidix amb l&#8217;\u00faltima jornada de vacunaci\u00f3 del personal docent i de serveis dels centres educatius.<\/p>\n<p>L&#8217;actualitat de casos de COVID a Alzira a data de hui suposa que en els \u00faltims 7 dies, en Alzira hem passat de 19.7 casos cada 100.000 habitants <strong>a una incid\u00e8ncia de 35<\/strong> cada 100.000 habitants. En total tenim <strong>16 casos actius<\/strong>, <strong>en els \u00faltims tres dies 4 casos nous<\/strong>.<\/p>\n<p><em>La regidora de Sanitat<\/em>,<strong> Gemma Al\u00f3s<\/strong>, ha explicat que <em>\u00abLa tend\u00e8ncia ha canviat, portem dos setmanes de pujada, per aix\u00f2 els pr\u00f2xims dies s\u00f3n decisius, del nostre comportament i de com passem la pasqua dependr\u00e0 l&#8217;evoluci\u00f3. Sabem que portem molts mesos d&#8217;esfor\u00e7 i agra\u00efm a la ciutadania el compliment estricte de les mesures que va afavorir que baixaren les xifres fa unes setmanes. No \u00e9s el moment de relaxar-se, recordem que \u00e9s fonamental reduir al m\u00ednim la interacci\u00f3 social i seguir les recomanacions del Departament de Salut de la Ribera que insistix en la import\u00e0ncia de ser responsables de cara als pr\u00f2xims dies festius de Setmana Santa i Pasqua\u00bb<\/em><\/p>\n<p>Des del departament de Salut s&#8217;ha llan\u00e7at una campanya informativa de cara als dies festius de setmana Santa <em>\u00abPer Pasqua no faces la mona, menja-te-la!. Evitar la quarta onada est\u00e0 a les nostres mans&#8230; Tamb\u00e9 a les teues\u00bb<\/em><\/p>\n<p>Per la seua banda, cal recordar que ahir es publicava al BOE la nova llei de <span style=\"text-decoration: underline; color: #b22222;\"><a href=\"https:\/\/www.boe.es\/boe\/dias\/2021\/03\/30\/pdfs\/BOE-A-2021-4908.pdf\" target=\"_blank\" rel=\"noopener\"><span style=\"color: #b22222;\"><strong>Mesures urgents de prevenci\u00f3, contenci\u00f3 i coordinaci\u00f3 per a fer front a la crisi sanit\u00e0ria ocasionada per la COVID 19<\/strong><\/span><\/a><\/span>&nbsp;en la qual s&#8217;indica l&#8217;\u00fas obligatori de mascaretes en la via p\u00fablica, en espais a l&#8217;aire llibre i en qualsevol espai tancat d&#8217;\u00fas p\u00fablic o que es trobe obert al p\u00fablic.<\/p>\n<p style=\"text-align: center;\"><img fetchpriority=\"high\" decoding=\"async\" class=\" size-full wp-image-54276\" src=\"https:\/\/alzira.es\/wp-content\/uploads\/2021\/03\/31032021_dades_covid_pascua.jpeg\" alt=\"31032021 dades covid pascua\" width=\"719\" height=\"1017\" srcset=\"https:\/\/alzira.es\/wp-content\/uploads\/2021\/03\/31032021_dades_covid_pascua.jpeg 1448w, https:\/\/alzira.es\/wp-content\/uploads\/2021\/03\/31032021_dades_covid_pascua-680x962.jpeg 680w, https:\/\/alzira.es\/wp-content\/uploads\/2021\/03\/31032021_dades_covid_pascua-758x1072.jpeg 758w, https:\/\/alzira.es\/wp-content\/uploads\/2021\/03\/31032021_dades_covid_pascua-768x1086.jpeg 768w, https:\/\/alzira.es\/wp-content\/uploads\/2021\/03\/31032021_dades_covid_pascua-1086x1536.jpeg 1086w\" sizes=\"(max-width: 719px) 100vw, 719px\" \/><\/p>\n","protected":false},"excerpt":{"rendered":"<p>Actualitzaci\u00f3 de dades COVID &#8211; Tornen a augmentar els casos, fins als 35 per cada 100.000 habitants Es confirma la tend\u00e8ncia de pujada de casos respecte a la setmana passada. El Departament de Salut ha informat que dem\u00e0 dijous no s&#8217;actualitzaran les dades ja que coincidix amb l&#8217;\u00faltima jornada de vacunaci\u00f3 del personal docent i &hellip; <\/p>\n<p class=\"link-more\"><a href=\"https:\/\/alzira.es\/es\/tornen-a-augmentar-els-casos-fins-als-35-per-cada-100-000-habitants-2\/\" class=\"more-link\">Continuar leyendo<span class=\"screen-reader-text\"> \u00abTornen a augmentar els casos, fins als 35 per cada 100.000 habitants\u00bb<\/span><\/a><\/p>\n","protected":false},"author":29,"featured_media":54276,"comment_status":"","ping_status":"","sticky":false,"template":"","format":"standard","meta":{"_acf_changed":false,"footnotes":""},"categories":[],"tags":[],"class_list":["post-54279","post","type-post","status-publish","format-standard","has-post-thumbnail","hentry"],"acf":[],"_links":{"self":[{"href":"https:\/\/alzira.es\/es\/wp-json\/wp\/v2\/posts\/54279","targetHints":{"allow":["GET"]}}],"collection":[{"href":"https:\/\/alzira.es\/es\/wp-json\/wp\/v2\/posts"}],"about":[{"href":"https:\/\/alzira.es\/es\/wp-json\/wp\/v2\/types\/post"}],"author":[{"embeddable":true,"href":"https:\/\/alzira.es\/es\/wp-json\/wp\/v2\/users\/29"}],"replies":[{"embeddable":true,"href":"https:\/\/alzira.es\/es\/wp-json\/wp\/v2\/comments?post=54279"}],"version-history":[{"count":0,"href":"https:\/\/alzira.es\/es\/wp-json\/wp\/v2\/posts\/54279\/revisions"}],"wp:featuredmedia":[{"embeddable":true,"href":"https:\/\/alzira.es\/es\/wp-json\/wp\/v2\/media\/54276"}],"wp:attachment":[{"href":"https:\/\/alzira.es\/es\/wp-json\/wp\/v2\/media?parent=54279"}],"wp:term":[{"taxonomy":"category","embeddable":true,"href":"https:\/\/alzira.es\/es\/wp-json\/wp\/v2\/categories?post=54279"},{"taxonomy":"post_tag","embeddable":true,"href":"https:\/\/alzira.es\/es\/wp-json\/wp\/v2\/tags?post=54279"}],"curies":[{"name":"wp","href":"https:\/\/api.w.org\/{rel}","templated":true}]}}