{"id":54241,"date":"2021-03-30T14:21:08","date_gmt":"2021-03-30T12:21:08","guid":{"rendered":"https:\/\/alzira.es\/publicades-les-bases-de-la-segona-convocatoria-d-ajudes-del-pla-resistir-dirigides-als-sectors-de-la-festa-i-oci-2\/"},"modified":"2021-03-30T14:21:08","modified_gmt":"2021-03-30T12:21:08","slug":"publicades-les-bases-de-la-segona-convocatoria-d-ajudes-del-pla-resistir-dirigides-als-sectors-de-la-festa-i-oci-2","status":"publish","type":"post","link":"https:\/\/alzira.es\/es\/publicades-les-bases-de-la-segona-convocatoria-d-ajudes-del-pla-resistir-dirigides-als-sectors-de-la-festa-i-oci-2\/","title":{"rendered":"Publicades les bases de la segona convocat\u00f2ria d\u2019ajudes del Pla Resistir dirigides als sectors de la Festa i Oci"},"content":{"rendered":"<h3><em>\u2022 Es podran demanar de l&#8217;1 al 20 d&#8217;abril<\/em><\/h3>\n<p><strong>La Junta de Govern Local ha aprovat hui les bases de la segona convocat\u00f2ria d&#8217;ajudes del Pla Resistir a l&#8217;\u00e0mbit municipal<\/strong>. Esta nova convocat\u00f2ria, que <strong>comptar\u00e0 amb vora<\/strong> <strong>400.000 euros de pressupost<\/strong>, est\u00e0 orientada al sectors de la festa i l&#8217;oci.<\/p>\n<p>En concret els<strong> sectors<\/strong> de la <strong>indument\u00e0ria<\/strong>, <strong>pirot\u00e8cnia<\/strong>,<strong> artistes fallers<\/strong>, <strong>tintoreries<\/strong>,<strong> atraccions<\/strong> <strong>i parades de fira ambulant<\/strong>,<strong> floristeries<\/strong>, <strong>taxistes i fot\u00f2grafs<\/strong>, podran sol\u00b7licitar les ajudes a la seu electr\u00f2nica municipal a partir del dia 1 d&#8217;abril i fins al 20 d&#8217;abril de 2021.<\/p>\n<p>Tot i que estos sectors, inicialment, no estaven reconeguts per a rebre les ajudes de la primera fase, el mateix decret, aprovat per la Generalitat, contemplava la possibilitat de destinar el romanent a una nova convocat\u00f2ria, per tal d&#8217;ajudar a altres sectors que tamb\u00e9 s&#8217;han vist afectats per la pand\u00e8mia. En este sentit, l&#8217;alcalde de la ciutat, <strong>Diego G\u00f3mez<\/strong>, ha assegurat que des de l&#8217;Ajuntament d&#8217;Alzira es continua treballant, per tal de minimitzar els efectes econ\u00f2mics negatius que la crisi sanit\u00e0ria provocada per la COVID-19.<\/p>\n<p><em>\u00abHem treballat en estes bases per a poder ampliar les ajudes a altres sectors afectats i continuem amb el comprom\u00eds i la promesa de donar una r\u00e0pida resposta a les sol\u00b7licituds. Recordem que en nom\u00e9s un mes ja s&#8217;ha fet efectiu el pagament de la primera fase, per tal de que els nostres negocis puguen rebre esta ajuda tan prompte com siga possible\u00bb<\/em>.<\/p>\n<p>Com en la primera convocat\u00f2ria, recordem que <strong>estes subvencions impliquen una quantitat fixa de 2.000 euros per a cada persona aut\u00f2noma i 200 euros per treballador o treballadora en el cas de les microempreses<\/strong>.<\/p>\n<p style=\"text-align: justify;\"><strong>Els interessats poden consultar les bases completes<\/strong> <span style=\"text-decoration: underline; color: #b22222;\"><strong><span style=\"text-decoration: underline;\"><a href=\"https:\/\/alzira.es\/wp-content\/uploads\/2021\/03\/Bases_ajudes_segona_convocatoria_Plan_Resistir.pdf\" target=\"_blank\" rel=\"noopener\"><span style=\"color: #b22222; text-decoration: underline;\">ac\u00ed<\/span><\/a><\/span><\/strong><\/span><\/p>\n<p><img fetchpriority=\"high\" decoding=\"async\" class=\" size-full wp-image-54238\" style=\"display: block; margin-left: auto; margin-right: auto;\" src=\"https:\/\/alzira.es\/wp-content\/uploads\/2021\/03\/004.jpg\" alt=\"004\" width=\"1231\" height=\"923\" \/><\/p>\n","protected":false},"excerpt":{"rendered":"<p>\u2022 Es podran demanar de l&#8217;1 al 20 d&#8217;abril La Junta de Govern Local ha aprovat hui les bases de la segona convocat\u00f2ria d&#8217;ajudes del Pla Resistir a l&#8217;\u00e0mbit municipal. Esta nova convocat\u00f2ria, que comptar\u00e0 amb vora 400.000 euros de pressupost, est\u00e0 orientada al sectors de la festa i l&#8217;oci. En concret els sectors de &hellip; <\/p>\n<p class=\"link-more\"><a href=\"https:\/\/alzira.es\/es\/publicades-les-bases-de-la-segona-convocatoria-d-ajudes-del-pla-resistir-dirigides-als-sectors-de-la-festa-i-oci-2\/\" class=\"more-link\">Continuar leyendo<span class=\"screen-reader-text\"> \u00abPublicades les bases de la segona convocat\u00f2ria d\u2019ajudes del Pla Resistir dirigides als sectors de la Festa i Oci\u00bb<\/span><\/a><\/p>\n","protected":false},"author":29,"featured_media":0,"comment_status":"","ping_status":"","sticky":false,"template":"","format":"standard","meta":{"_acf_changed":false,"footnotes":""},"categories":[],"tags":[],"class_list":["post-54241","post","type-post","status-publish","format-standard","hentry"],"acf":[],"_links":{"self":[{"href":"https:\/\/alzira.es\/es\/wp-json\/wp\/v2\/posts\/54241","targetHints":{"allow":["GET"]}}],"collection":[{"href":"https:\/\/alzira.es\/es\/wp-json\/wp\/v2\/posts"}],"about":[{"href":"https:\/\/alzira.es\/es\/wp-json\/wp\/v2\/types\/post"}],"author":[{"embeddable":true,"href":"https:\/\/alzira.es\/es\/wp-json\/wp\/v2\/users\/29"}],"replies":[{"embeddable":true,"href":"https:\/\/alzira.es\/es\/wp-json\/wp\/v2\/comments?post=54241"}],"version-history":[{"count":0,"href":"https:\/\/alzira.es\/es\/wp-json\/wp\/v2\/posts\/54241\/revisions"}],"wp:attachment":[{"href":"https:\/\/alzira.es\/es\/wp-json\/wp\/v2\/media?parent=54241"}],"wp:term":[{"taxonomy":"category","embeddable":true,"href":"https:\/\/alzira.es\/es\/wp-json\/wp\/v2\/categories?post=54241"},{"taxonomy":"post_tag","embeddable":true,"href":"https:\/\/alzira.es\/es\/wp-json\/wp\/v2\/tags?post=54241"}],"curies":[{"name":"wp","href":"https:\/\/api.w.org\/{rel}","templated":true}]}}