{"id":54237,"date":"2021-03-30T13:24:13","date_gmt":"2021-03-30T11:24:13","guid":{"rendered":"https:\/\/alzira.es\/alzira-sera-seu-de-la-propera-trobada-de-xarxasalut-la-xarxa-de-municipis-per-la-salut-de-la-comunitat-valenciana-2\/"},"modified":"2021-03-30T13:24:13","modified_gmt":"2021-03-30T11:24:13","slug":"alzira-sera-seu-de-la-propera-trobada-de-xarxasalut-la-xarxa-de-municipis-per-la-salut-de-la-comunitat-valenciana-2","status":"publish","type":"post","link":"https:\/\/alzira.es\/es\/alzira-sera-seu-de-la-propera-trobada-de-xarxasalut-la-xarxa-de-municipis-per-la-salut-de-la-comunitat-valenciana-2\/","title":{"rendered":"Alzira ser\u00e0 seu de la propera trobada de XarxaSalut, la xarxa de municipis per la salut de la Comunitat Valenciana."},"content":{"rendered":"<h3><em>\u2022 Se celebrar\u00e0 de manera telem\u00e0tica per a garantir esta reuni\u00f3 anual<\/em><\/h3>\n<p>Ahir va tindre lloc la primera reuni\u00f3 per a la preparaci\u00f3 de la trobada anual de<strong> XarxaSalut<\/strong>, que t\u00e9 la finalitat de desenvolupar accions de promoci\u00f3 de la salut local emmarcades en el IV Pla de Salut de la Comunitat.<\/p>\n<p>Enguany el municipi que acull la quarta trobada \u00e9s Alzira i com a tal formar\u00e0 part del comit\u00e8 organitzador de la mateixa junt als representants la subdirecci\u00f3 General de Promoci\u00f3 de la Salut i Prevenci\u00f3, promotors de Xarxa salut, representants de Salut P\u00fablica d&#8217;Alzira, l&#8217;Oficina Valenciana d&#8217;Acci\u00f3 Comunit\u00e0ria per a la Salut (OVACS) i la Regidoria de Salut d&#8217;Onda, l&#8217;\u00faltim municipi que va acollir la trobada.<\/p>\n<p>Recordem que l&#8217;any passat no es va poder celebrar esta reuni\u00f3 anual a causa de la pand\u00e8mia i per tal d&#8217;assegurar la celebraci\u00f3 enguany s&#8217;ha optat per un format telem\u00e0tic. La primera quinzena de juny, en sessions curtes que se celebraran tres dies consecutius, tindr\u00e0 lloc l&#8217;edici\u00f3 de 2021, en la que s&#8217;espera la participaci\u00f3 de m\u00e9s d&#8217;un centenar de pobles.<\/p>\n<p>La propera setmana es convocar\u00e0 la primera reuni\u00f3 de treball, per tal de decidir i treballar els aspectes concrets de la jornada que giraran al voltant del tema<strong><em> \u00abEl paper dels ajuntaments en la pand\u00e8mia<\/em>\u00ab<\/strong>.<\/p>\n<p><em>\u00abDes de l&#8217;Ajuntament d&#8217;Alzira, acceptem este repte amb molta il\u00b7lusi\u00f3 per poder intercanviar experi\u00e8ncies de promoci\u00f3 de la salut amb altres companys i t\u00e8cnics de municipis de tota la Comunitat. Es tracta de contribuir per a millorar la salut i la qualitat de vida de la ciutadania, en un any en que hem sigut molt m\u00e9s conscients de que la salut est\u00e0 en primer lloc\u00bb<\/em>, ha explicat la regidora de Sanitat,<strong> Gemma Al\u00f3s<\/strong><\/p>\n<p style=\"text-align: center;\"><strong><img fetchpriority=\"high\" decoding=\"async\" class=\" size-full wp-image-54234\" src=\"https:\/\/alzira.es\/wp-content\/uploads\/2021\/03\/reunio_xarxa_salut.jpg\" alt=\"reunio xarxa salut\" width=\"1244\" height=\"933\" srcset=\"https:\/\/alzira.es\/wp-content\/uploads\/2021\/03\/reunio_xarxa_salut.jpg 1024w, https:\/\/alzira.es\/wp-content\/uploads\/2021\/03\/reunio_xarxa_salut-680x510.jpg 680w, https:\/\/alzira.es\/wp-content\/uploads\/2021\/03\/reunio_xarxa_salut-768x576.jpg 768w\" sizes=\"(max-width: 706px) 89vw, (max-width: 767px) 82vw, 740px\" \/><\/strong><\/p>\n","protected":false},"excerpt":{"rendered":"<p>\u2022 Se celebrar\u00e0 de manera telem\u00e0tica per a garantir esta reuni\u00f3 anual Ahir va tindre lloc la primera reuni\u00f3 per a la preparaci\u00f3 de la trobada anual de XarxaSalut, que t\u00e9 la finalitat de desenvolupar accions de promoci\u00f3 de la salut local emmarcades en el IV Pla de Salut de la Comunitat. Enguany el municipi &hellip; <\/p>\n<p class=\"link-more\"><a href=\"https:\/\/alzira.es\/es\/alzira-sera-seu-de-la-propera-trobada-de-xarxasalut-la-xarxa-de-municipis-per-la-salut-de-la-comunitat-valenciana-2\/\" class=\"more-link\">Continuar leyendo<span class=\"screen-reader-text\"> \u00abAlzira ser\u00e0 seu de la propera trobada de XarxaSalut, la xarxa de municipis per la salut de la Comunitat Valenciana.\u00bb<\/span><\/a><\/p>\n","protected":false},"author":29,"featured_media":54234,"comment_status":"","ping_status":"","sticky":false,"template":"","format":"standard","meta":{"_acf_changed":false,"footnotes":""},"categories":[],"tags":[],"class_list":["post-54237","post","type-post","status-publish","format-standard","has-post-thumbnail","hentry"],"acf":[],"_links":{"self":[{"href":"https:\/\/alzira.es\/es\/wp-json\/wp\/v2\/posts\/54237","targetHints":{"allow":["GET"]}}],"collection":[{"href":"https:\/\/alzira.es\/es\/wp-json\/wp\/v2\/posts"}],"about":[{"href":"https:\/\/alzira.es\/es\/wp-json\/wp\/v2\/types\/post"}],"author":[{"embeddable":true,"href":"https:\/\/alzira.es\/es\/wp-json\/wp\/v2\/users\/29"}],"replies":[{"embeddable":true,"href":"https:\/\/alzira.es\/es\/wp-json\/wp\/v2\/comments?post=54237"}],"version-history":[{"count":0,"href":"https:\/\/alzira.es\/es\/wp-json\/wp\/v2\/posts\/54237\/revisions"}],"wp:featuredmedia":[{"embeddable":true,"href":"https:\/\/alzira.es\/es\/wp-json\/wp\/v2\/media\/54234"}],"wp:attachment":[{"href":"https:\/\/alzira.es\/es\/wp-json\/wp\/v2\/media?parent=54237"}],"wp:term":[{"taxonomy":"category","embeddable":true,"href":"https:\/\/alzira.es\/es\/wp-json\/wp\/v2\/categories?post=54237"},{"taxonomy":"post_tag","embeddable":true,"href":"https:\/\/alzira.es\/es\/wp-json\/wp\/v2\/tags?post=54237"}],"curies":[{"name":"wp","href":"https:\/\/api.w.org\/{rel}","templated":true}]}}