{"id":54227,"date":"2021-03-30T12:11:49","date_gmt":"2021-03-30T10:11:49","guid":{"rendered":"https:\/\/alzira.es\/alzira-recorda-la-prohibicio-de-cremes-agricoles-en-pasqua-i-recomana-gaudir-dels-espais-naturals-amb-precaucio-2\/"},"modified":"2021-03-30T12:11:49","modified_gmt":"2021-03-30T10:11:49","slug":"alzira-recorda-la-prohibicio-de-cremes-agricoles-en-pasqua-i-recomana-gaudir-dels-espais-naturals-amb-precaucio-2","status":"publish","type":"post","link":"https:\/\/alzira.es\/es\/alzira-recorda-la-prohibicio-de-cremes-agricoles-en-pasqua-i-recomana-gaudir-dels-espais-naturals-amb-precaucio-2\/","title":{"rendered":"Alzira recorda la prohibici\u00f3 de  cremes agr\u00edcoles en pasqua i recomana gaudir dels espais naturals amb precauci\u00f3"},"content":{"rendered":"<p>La regidoria de Medi Ambient, Agricultura i Transici\u00f3 ecol\u00f2gica recorda que segons marca l&#8217;Ordre de 2 de Mar\u00e7 de 2005, de la Conselleria de Territori i Habitatge, en la que es regulen mesures extraordin\u00e0ries per a la prevenci\u00f3 d&#8217;incendis forestals durant el per\u00edode de <strong>Setmana Santa i Pasqua<\/strong>, <strong>des del Dijous Sant<\/strong>, dia <strong>1 d&#8217;abril<\/strong>,<strong> i fins al Dilluns de Sant Vicent<\/strong>, dia <strong>12 d&#8217;abril<\/strong>, <strong>est\u00e0 prohibida la realitzaci\u00f3 de cremes d&#8217;agr\u00edcoles en el terme municipal d&#8217;Alzira<\/strong>.<\/p>\n<p>Tamb\u00e9 des de la Regidoria s&#8217;aconsella evitar l&#8217;\u00fas de material pirot\u00e8cnic de qualsevol tipus prop de les zones forestals, per tal de no provocar un incendi.<\/p>\n<p>Respecte a les visites als espais naturals d&#8217;Alzira, l&#8217;Ajuntament recomana evitar les possibles aglomeracions en els llocs habituals com la Murta o la Casella, i disfrutar ordenadament d&#8217;altres espais menys freq\u00fcentats i m\u00e9s pr\u00f2xims com poden ser les zones verdes de l&#8217;Anell Verd, l&#8217;entorn del Riu X\u00faquer, la via Verda o la Muntanyeta de Sant Salvador.<\/p>\n<p>Es recorda que <strong>segons la normativa actual<\/strong>, <strong>no es poden volar avions no tripulats o drons en l&#8217;espai natural de la Murta i la Casella<\/strong>. El regidor de Medi Ambient, <strong>Pep Carreres<\/strong>, <em>demana als alzirenys i alzirenyes que gaudisquen de les festes amb precauci\u00f3 seguint estes pautes i que<\/em><strong><em> comuniquen qualsevol incid\u00e8ncia detectada al Centre d&#8217;Emerg\u00e8ncies a trav\u00e9s del tel\u00e8fon<\/em> <em>112<\/em><\/strong>.<\/p>\n<p style=\"text-align: center;\"><img fetchpriority=\"high\" decoding=\"async\" class=\" size-full wp-image-54224\" src=\"https:\/\/alzira.es\/wp-content\/uploads\/2021\/03\/incendis_pasqua-01.ok_.ok_.jpg\" alt=\"incendis pasqua-01.ok.ok\" width=\"1346\" height=\"873\" srcset=\"https:\/\/alzira.es\/wp-content\/uploads\/2021\/03\/incendis_pasqua-01.ok_.ok_.jpg 1388w, https:\/\/alzira.es\/wp-content\/uploads\/2021\/03\/incendis_pasqua-01.ok_.ok_-680x441.jpg 680w, https:\/\/alzira.es\/wp-content\/uploads\/2021\/03\/incendis_pasqua-01.ok_.ok_-768x498.jpg 768w\" sizes=\"(max-width: 706px) 89vw, (max-width: 767px) 82vw, 740px\" \/><\/p>\n","protected":false},"excerpt":{"rendered":"<p>La regidoria de Medi Ambient, Agricultura i Transici\u00f3 ecol\u00f2gica recorda que segons marca l&#8217;Ordre de 2 de Mar\u00e7 de 2005, de la Conselleria de Territori i Habitatge, en la que es regulen mesures extraordin\u00e0ries per a la prevenci\u00f3 d&#8217;incendis forestals durant el per\u00edode de Setmana Santa i Pasqua, des del Dijous Sant, dia 1 d&#8217;abril, &hellip; <\/p>\n<p class=\"link-more\"><a href=\"https:\/\/alzira.es\/es\/alzira-recorda-la-prohibicio-de-cremes-agricoles-en-pasqua-i-recomana-gaudir-dels-espais-naturals-amb-precaucio-2\/\" class=\"more-link\">Continuar leyendo<span class=\"screen-reader-text\"> \u00abAlzira recorda la prohibici\u00f3 de  cremes agr\u00edcoles en pasqua i recomana gaudir dels espais naturals amb precauci\u00f3\u00bb<\/span><\/a><\/p>\n","protected":false},"author":29,"featured_media":54224,"comment_status":"","ping_status":"","sticky":false,"template":"","format":"standard","meta":{"_acf_changed":false,"footnotes":""},"categories":[],"tags":[],"class_list":["post-54227","post","type-post","status-publish","format-standard","has-post-thumbnail","hentry"],"acf":[],"_links":{"self":[{"href":"https:\/\/alzira.es\/es\/wp-json\/wp\/v2\/posts\/54227","targetHints":{"allow":["GET"]}}],"collection":[{"href":"https:\/\/alzira.es\/es\/wp-json\/wp\/v2\/posts"}],"about":[{"href":"https:\/\/alzira.es\/es\/wp-json\/wp\/v2\/types\/post"}],"author":[{"embeddable":true,"href":"https:\/\/alzira.es\/es\/wp-json\/wp\/v2\/users\/29"}],"replies":[{"embeddable":true,"href":"https:\/\/alzira.es\/es\/wp-json\/wp\/v2\/comments?post=54227"}],"version-history":[{"count":0,"href":"https:\/\/alzira.es\/es\/wp-json\/wp\/v2\/posts\/54227\/revisions"}],"wp:featuredmedia":[{"embeddable":true,"href":"https:\/\/alzira.es\/es\/wp-json\/wp\/v2\/media\/54224"}],"wp:attachment":[{"href":"https:\/\/alzira.es\/es\/wp-json\/wp\/v2\/media?parent=54227"}],"wp:term":[{"taxonomy":"category","embeddable":true,"href":"https:\/\/alzira.es\/es\/wp-json\/wp\/v2\/categories?post=54227"},{"taxonomy":"post_tag","embeddable":true,"href":"https:\/\/alzira.es\/es\/wp-json\/wp\/v2\/tags?post=54227"}],"curies":[{"name":"wp","href":"https:\/\/api.w.org\/{rel}","templated":true}]}}