{"id":54223,"date":"2021-04-06T14:54:00","date_gmt":"2021-04-06T12:54:00","guid":{"rendered":"https:\/\/alzira.es\/38-persones-han-participat-al-sorteig-de-3-parcel-les-a-l-hort-de-ros-2\/"},"modified":"2021-04-06T14:54:00","modified_gmt":"2021-04-06T12:54:00","slug":"38-persones-han-participat-al-sorteig-de-3-parcel-les-a-l-hort-de-ros-2","status":"publish","type":"post","link":"https:\/\/alzira.es\/es\/38-persones-han-participat-al-sorteig-de-3-parcel-les-a-l-hort-de-ros-2\/","title":{"rendered":"Acta del sorteig p\u00fablic de 3 parcel\u00b7les (n\u00fameros 3, 7 i 9 ) situades en els horts comunitaris \u201chort de ros\u201d realitzat en data 29 de mar\u00e7 de 2021"},"content":{"rendered":"<h3><em><img decoding=\"async\" class=\"size-full wp-image-54214 lazyload\" style=\"--smush-placeholder-width: 1px; --smush-placeholder-aspect-ratio: 1\/1;font-size: 14.4px; text-align: center;\" data-src=\"https:\/\/alzira.es\/wp-content\/uploads\/2021\/04\/hort_de_ros_10.jpeg\" alt=\"hort de ros 10\" width=\"1\" height=\"1\" data-srcset=\"https:\/\/alzira.es\/wp-content\/uploads\/2021\/04\/hort_de_ros_10.jpeg 1600w, https:\/\/alzira.es\/wp-content\/uploads\/2021\/04\/hort_de_ros_10-680x510.jpeg 680w, https:\/\/alzira.es\/wp-content\/uploads\/2021\/04\/hort_de_ros_10-1430x1072.jpeg 1430w, https:\/\/alzira.es\/wp-content\/uploads\/2021\/04\/hort_de_ros_10-350x350.jpeg 350w, https:\/\/alzira.es\/wp-content\/uploads\/2021\/04\/hort_de_ros_10-768x576.jpeg 768w, https:\/\/alzira.es\/wp-content\/uploads\/2021\/04\/hort_de_ros_10-300x400.jpeg 300w, https:\/\/alzira.es\/wp-content\/uploads\/2021\/04\/hort_de_ros_10-474x324.jpeg 474w, https:\/\/alzira.es\/wp-content\/uploads\/2021\/04\/hort_de_ros_10-391x260.jpeg 391w, https:\/\/alzira.es\/wp-content\/uploads\/2021\/04\/hort_de_ros_10-1536x1152.jpeg 1536w, https:\/\/alzira.es\/wp-content\/uploads\/2021\/04\/hort_de_ros_10-100x100.jpeg 100w\" data-sizes=\"(max-width: 1px) 100vw, 1px\" src=\"data:image\/svg+xml;base64,PHN2ZyB3aWR0aD0iMSIgaGVpZ2h0PSIxIiB4bWxucz0iaHR0cDovL3d3dy53My5vcmcvMjAwMC9zdmciPjwvc3ZnPg==\" \/>\u2022 El dia 29 de mar\u00e7 va tindre&nbsp;lloc el sorteig a l&#8217;Hort de Ros<\/em><\/h3>\n<p><strong>Es va dur a terme el&nbsp;sorteig de 3 parcel\u00b7les dels Horts Comunitaris de l&#8217;Hort de Ros<\/strong>. Un total de 38 persones s&#8217;han inscrit al sorteig de les parcel\u00b7les.<\/p>\n<p><em>\u00abLa participaci\u00f3 ha estat excel\u00b7lent, i vora 40 persones s&#8217;han interessat per accedir a este tipo de zona de cultiu comunit\u00e0ria. Des de l&#8217;Ajuntament estem treballant en ampliar els espais destintats a l&#8217;Agricultura i ja tenim pactades dos fanecades m\u00e9s a l&#8217;Hort de Redal. Totes les persones inscrites en esta convocat\u00f2ria es tindran en compte quan s&#8217;\u00f2briguen noves parcel\u00b7les d&#8217;Hort comunitari\u00bb<\/em>. Ha explicat el regidor d&#8217;Agricultura <strong>Pep Carreres<\/strong>.<\/p>\n<p>Este mat\u00ed a les 12 estaven empla\u00e7ats tots els participants a acudir presencialment al sorteig, a la mateixa seu dels Horts a l&#8217;Hort de Ros, a peus de la Muntanyeta de Sant Salvador d&#8217;Alzira.<\/p>\n<p>Recordem que el passat 1 de mar\u00e7 s&#8217;obria el termini per a sol\u00b7licitar la participaci\u00f3 en el sorteig de 3 parcel\u00b7les a l&#8217;Hort de Ros, a la Muntanyeta, amb destinaci\u00f3 a l&#8217;activitat agr\u00edcola dels ciutadans d&#8217;Alzira per a \u00fas propi, principalment.<\/p>\n<p><strong>Amb este projecte es d\u00f3na continu\u00eftat a la iniciativa de l&#8217;Hort de Redal<\/strong>, i a m\u00e9s es recupera i posa en valor este espai, actualment sense \u00fas, es fomenta l&#8217;agricultura, recuperen activitats i cultius aut\u00f2ctons i tradicionals i s&#8217;afavoreix la sociabilitat intergeneracional i entre diferents col\u00b7lectius. Per a esta convocat\u00f2ria, de les 17 parcel\u00b7les existents <strong>es plantejava la cessi\u00f3 temporal de 3 parcel\u00b7les<\/strong> (n\u00ba 3, 7 i 9) a ve\u00efns i ve\u00efnes d&#8217;Alzira en general, sent que tots els interessats que s&#8217;inscriguen hauran de complir tots i cada un dels requisits en la data en qu\u00e8 s&#8217;han aprovat les bases.<\/p>\n<p style=\"text-align: center;\"><strong><img decoding=\"async\" width=\"30\" height=\"25\" class=\"size-full wp-image-54216 lazyload\" data-src=\"https:\/\/alzira.es\/wp-content\/uploads\/2021\/04\/pdf_rojo.jpg\" alt=\"pdf rojo\" src=\"data:image\/svg+xml;base64,PHN2ZyB3aWR0aD0iMSIgaGVpZ2h0PSIxIiB4bWxucz0iaHR0cDovL3d3dy53My5vcmcvMjAwMC9zdmciPjwvc3ZnPg==\" style=\"--smush-placeholder-width: 30px; --smush-placeholder-aspect-ratio: 30\/25;\" \/>&nbsp;<a title=\"ACTA DEL SORTEO P\u00daBLICO\" href=\"https:\/\/alzira.es\/wp-content\/uploads\/2021\/04\/Acta_sorteig_Hort_de_Ros.pdf\" target=\"_blank\" rel=\"noopener\">ACTA DEL SORTEIG P\u00daBLIC<\/a><\/strong><\/p>\n<p style=\"text-align: center;\">&nbsp;<img fetchpriority=\"high\" decoding=\"async\" class=\" size-full wp-image-54214\" src=\"https:\/\/alzira.es\/wp-content\/uploads\/2021\/04\/hort_de_ros_10.jpeg\" alt=\"hort de ros 10\" width=\"656\" height=\"492\" srcset=\"https:\/\/alzira.es\/wp-content\/uploads\/2021\/04\/hort_de_ros_10.jpeg 1600w, https:\/\/alzira.es\/wp-content\/uploads\/2021\/04\/hort_de_ros_10-680x510.jpeg 680w, https:\/\/alzira.es\/wp-content\/uploads\/2021\/04\/hort_de_ros_10-1430x1072.jpeg 1430w, https:\/\/alzira.es\/wp-content\/uploads\/2021\/04\/hort_de_ros_10-768x576.jpeg 768w, https:\/\/alzira.es\/wp-content\/uploads\/2021\/04\/hort_de_ros_10-1536x1152.jpeg 1536w\" sizes=\"(max-width: 656px) 100vw, 656px\" \/>&nbsp;<img decoding=\"async\" class=\"size-full wp-image-54220 lazyload\" data-src=\"https:\/\/alzira.es\/wp-content\/uploads\/2021\/04\/hort_de_ros_7.jpeg\" alt=\"hort de ros 7\" width=\"655\" height=\"491\" data-srcset=\"https:\/\/alzira.es\/wp-content\/uploads\/2021\/04\/hort_de_ros_7.jpeg 1600w, https:\/\/alzira.es\/wp-content\/uploads\/2021\/04\/hort_de_ros_7-680x510.jpeg 680w, https:\/\/alzira.es\/wp-content\/uploads\/2021\/04\/hort_de_ros_7-1430x1072.jpeg 1430w, https:\/\/alzira.es\/wp-content\/uploads\/2021\/04\/hort_de_ros_7-768x576.jpeg 768w, https:\/\/alzira.es\/wp-content\/uploads\/2021\/04\/hort_de_ros_7-1536x1152.jpeg 1536w\" data-sizes=\"(max-width: 655px) 100vw, 655px\" src=\"data:image\/svg+xml;base64,PHN2ZyB3aWR0aD0iMSIgaGVpZ2h0PSIxIiB4bWxucz0iaHR0cDovL3d3dy53My5vcmcvMjAwMC9zdmciPjwvc3ZnPg==\" style=\"--smush-placeholder-width: 655px; --smush-placeholder-aspect-ratio: 655\/491;\" \/><\/p>\n","protected":false},"excerpt":{"rendered":"<p>\u2022 El dia 29 de mar\u00e7 va tindre&nbsp;lloc el sorteig a l&#8217;Hort de Ros Es va dur a terme el&nbsp;sorteig de 3 parcel\u00b7les dels Horts Comunitaris de l&#8217;Hort de Ros. Un total de 38 persones s&#8217;han inscrit al sorteig de les parcel\u00b7les. \u00abLa participaci\u00f3 ha estat excel\u00b7lent, i vora 40 persones s&#8217;han interessat per accedir &hellip; <\/p>\n<p class=\"link-more\"><a href=\"https:\/\/alzira.es\/es\/38-persones-han-participat-al-sorteig-de-3-parcel-les-a-l-hort-de-ros-2\/\" class=\"more-link\">Continuar leyendo<span class=\"screen-reader-text\"> \u00abActa del sorteig p\u00fablic de 3 parcel\u00b7les (n\u00fameros 3, 7 i 9 ) situades en els horts comunitaris \u201chort de ros\u201d realitzat en data 29 de mar\u00e7 de 2021\u00bb<\/span><\/a><\/p>\n","protected":false},"author":29,"featured_media":54214,"comment_status":"","ping_status":"","sticky":false,"template":"","format":"standard","meta":{"_acf_changed":false,"footnotes":""},"categories":[],"tags":[],"class_list":["post-54223","post","type-post","status-publish","format-standard","has-post-thumbnail","hentry"],"acf":[],"_links":{"self":[{"href":"https:\/\/alzira.es\/es\/wp-json\/wp\/v2\/posts\/54223","targetHints":{"allow":["GET"]}}],"collection":[{"href":"https:\/\/alzira.es\/es\/wp-json\/wp\/v2\/posts"}],"about":[{"href":"https:\/\/alzira.es\/es\/wp-json\/wp\/v2\/types\/post"}],"author":[{"embeddable":true,"href":"https:\/\/alzira.es\/es\/wp-json\/wp\/v2\/users\/29"}],"replies":[{"embeddable":true,"href":"https:\/\/alzira.es\/es\/wp-json\/wp\/v2\/comments?post=54223"}],"version-history":[{"count":0,"href":"https:\/\/alzira.es\/es\/wp-json\/wp\/v2\/posts\/54223\/revisions"}],"wp:featuredmedia":[{"embeddable":true,"href":"https:\/\/alzira.es\/es\/wp-json\/wp\/v2\/media\/54214"}],"wp:attachment":[{"href":"https:\/\/alzira.es\/es\/wp-json\/wp\/v2\/media?parent=54223"}],"wp:term":[{"taxonomy":"category","embeddable":true,"href":"https:\/\/alzira.es\/es\/wp-json\/wp\/v2\/categories?post=54223"},{"taxonomy":"post_tag","embeddable":true,"href":"https:\/\/alzira.es\/es\/wp-json\/wp\/v2\/tags?post=54223"}],"curies":[{"name":"wp","href":"https:\/\/api.w.org\/{rel}","templated":true}]}}