{"id":54205,"date":"2021-03-22T10:00:00","date_gmt":"2021-03-22T09:00:00","guid":{"rendered":"https:\/\/alzira.es\/alzira-estudia-la-millora-i-modernitzacio-de-els-seus-poligons\/"},"modified":"2021-03-22T10:00:00","modified_gmt":"2021-03-22T09:00:00","slug":"alzira-estudia-la-millora-i-modernitzacio-de-els-seus-poligons","status":"publish","type":"post","link":"https:\/\/alzira.es\/es\/alzira-estudia-la-millora-i-modernitzacio-de-els-seus-poligons\/","title":{"rendered":"ALZIRA ESTUDIA LA MILLORA I MODERNITZACI\u00d3 DELS SEUS POL\u00cdGONS"},"content":{"rendered":"<p style=\"text-align: justify;\">&nbsp;<\/p>\n<table>\n<tbody>\n<tr style=\"background-color: #cccccc;\">\n<td>&nbsp; &nbsp; &nbsp; &nbsp; &nbsp; &nbsp; &nbsp; &nbsp; &nbsp;<\/td>\n<td>\n<p style=\"text-align: center;\" align=\"center\"><strong><span style=\"text-decoration: underline;\"><span style=\"font-size: 18pt;\">Alzira Estudia la Millora i Modernitzaci\u00f3 dels seus Pol\u00edgons Industrials&nbsp;<\/span><\/span><\/strong><\/p>\n<\/td>\n<td><span style=\"font-size: 18pt;\">&nbsp; &nbsp; &nbsp; &nbsp; &nbsp; &nbsp;<\/span><\/td>\n<\/tr>\n<tr style=\"background-color: #f5f5f5;\">\n<td style=\"width: 50px;\">&nbsp;<\/td>\n<td style=\"width: 700px;\">\n<p>&nbsp;<\/p>\n<p><a class=\"jcepopup\" href=\"https:\/\/alzira.es\/wp-content\/uploads\/2021\/03\/E16-SSF-ES-Alzira.esp_.pdf\" target=\"_blank\" rel=\"noopener\"><img fetchpriority=\"high\" decoding=\"async\" class=\" size-full wp-image-54188\" style=\"display: block; margin-left: auto; margin-right: auto; vertical-align: middle;\" src=\"https:\/\/alzira.es\/wp-content\/uploads\/2021\/03\/Alzira_con_sus_industrias.jpg\" alt=\"Alzira con sus industrias\" width=\"500\" height=\"417\" \/><\/a><\/p>\n<p>&nbsp;<\/p>\n<\/td>\n<td style=\"width: 50px;\">&nbsp;<\/td>\n<\/tr>\n<tr style=\"background-color: #f5f5f5;\">\n<td>&nbsp;<\/td>\n<td>\n<p>&nbsp;&nbsp;<\/p>\n<p>&nbsp; &nbsp;Nous Desafiaments i Perspectives davant la COVID 19:<\/p>\n<p>&nbsp; &nbsp; &nbsp; &nbsp; &nbsp; &nbsp; &nbsp; &nbsp; &nbsp; &nbsp; &nbsp; &nbsp; &nbsp; * L&#8217;Ajuntament d&#8217;Alzira aposta per la millora energ\u00e8tica i de mobilitat dels seus pol\u00edgons industrials.<\/p>\n<p>&nbsp; &nbsp; &nbsp; &nbsp; &nbsp; &nbsp; &nbsp; &nbsp; &nbsp; &nbsp; &nbsp; &nbsp; &nbsp; *&nbsp;El&nbsp;Pol\u00edgon de \u00abEl Pla\u00bb rep noves empreses en els \u00faltims mesos.&nbsp;<\/p>\n<p>&nbsp; &nbsp;La&nbsp;situaci\u00f3 de les empreses alzirenyes suposa segons les enquestes que ha dut a terme l&#8217;Associaci\u00f3 empresarial, una tend\u00e8ncia creixent quant a facturaci\u00f3 (1.19%) i decreixent en el cas de les plantilles (8.20%), a conseq\u00fc\u00e8ncia de l&#8217;impacte econ\u00f2mic que ha suposat la&nbsp;COVID 19.<\/p>\n<p>&nbsp;&nbsp;&nbsp;Ja en 2019 l&#8217;Ajuntament va iniciar una s\u00e8rie de millores en els diferents pol\u00edgons de la ciutat dins de les ajudes atorgades per la Generalitat, mitjan\u00e7ant La IVACE. Es tracta de millora de l&#8217;enllumenat, banda ampla d&#8217;Internet, senyalitzaci\u00f3, nous accessos o posada en marxa del carril bici, entre altres. \u00abHem de continuar treballant en projectes que ens permeten adequar els nostres pol\u00edgons de manera que els dignifiquem de manera definitiva\u00bb, assegura Diego G\u00f3mez, alcalde d&#8217;Alzira.<\/p>\n<p>&nbsp; &nbsp;En la mateixa l\u00ednia, enguany s&#8217;han finalitzat les obres que connecten el pol\u00edgon de AMCOR amb el centre de la ciutat, de la mateixa manera s&#8217;ha donat el tret d&#8217;eixida al tram que connecta el Pol\u00edgon del Mercat d&#8217;Abastos per la ITV amb Algemes\u00ed i est\u00e0 prevista la connexi\u00f3 en direcci\u00f3 a Guadassuar pel Pol\u00edgon de \u00abEl Pla\u00bb.<\/p>\n<p>&nbsp; &nbsp;Tamb\u00e9 mereix destacar les obres de millora en l&#8217;acc\u00e9s de la carretera d&#8217;Albalat que es posaven en marxa el passat mes de gener i que milloraran l&#8217;acc\u00e9s a la ciutat.<\/p>\n<p>&nbsp; &nbsp;En Quant a l&#8217;ocupaci\u00f3 de parcel\u00b7les en els pol\u00edgons de la ciutat, cal destacar que en els \u00faltims mesos, el Pol\u00edgon de \u00abEl Pla\u00bb ha rebut noves empreses en les seues parcel\u00b7les o est\u00e0 en proc\u00e9s de rebre-les. entre aquestes noves incorporacions, es troben entre altres: l&#8217;Editorial Bromera, la citr\u00edcola Fruixeresa o la nova central de Grup Mazo que es troba en projecte d&#8217;implantaci\u00f3.<\/p>\n<p>&nbsp;<\/p>\n<p>&nbsp;<\/p>\n<\/td>\n<td>&nbsp;<\/td>\n<\/tr>\n<tr style=\"background-color: #f5f5f5;\">\n<td>&nbsp;<\/td>\n<td>\n<p style=\"margin-left: 30px; text-align: center;\"><a class=\"jcepopup\" type=\"image\" href=\"https:\/\/alzira.es\/wp-content\/uploads\/2021\/03\/POLIGONOS_INDUSTRIALES.pdf\" target=\"_blank\" rel=\"noopener\"><strong style=\"font-size: 12pt;\"><img decoding=\"async\" class=\"size-full wp-image-54192 lazyload\" data-src=\"https:\/\/alzira.es\/wp-content\/uploads\/2021\/03\/ALZIRA_POLIGONOS_INDUSTRIALES.jpg\" alt=\"ALZIRA POLIGONOS INDUSTRIALES\" width=\"600\" height=\"504\" src=\"data:image\/svg+xml;base64,PHN2ZyB3aWR0aD0iMSIgaGVpZ2h0PSIxIiB4bWxucz0iaHR0cDovL3d3dy53My5vcmcvMjAwMC9zdmciPjwvc3ZnPg==\" style=\"--smush-placeholder-width: 600px; --smush-placeholder-aspect-ratio: 600\/504;\" \/><\/strong><\/a><\/p>\n<\/td>\n<td>&nbsp;<\/td>\n<\/tr>\n<tr style=\"background-color: #f5f5f5;\">\n<td>&nbsp;<\/td>\n<td>\n<p style=\"margin-left: 30px; text-align: center;\"><a class=\"jcepopup\" type=\"image\" href=\"https:\/\/alzira.es\/wp-content\/uploads\/2021\/03\/ALZIRA_POLIGONO_INDUSTRIAL_Tisneres.jpg\" target=\"_blank\" rel=\"noopener\"><strong style=\"font-size: 12pt;\">&nbsp;\u00bb Pol\u00edgon Industrial&nbsp; Tisneres\u00bb<\/strong><\/a><\/p>\n<p style=\"margin-left: 30px; text-align: center;\"><a class=\"jcepopup\" href=\"https:\/\/alzira.es\/wp-content\/uploads\/2021\/03\/ALZIRA_POLIGONO_INDUSTRIAL_Tisneres.jpg\" target=\"_blank\" rel=\"noopener\"><img decoding=\"async\" class=\"size-full wp-image-54194 lazyload\" style=\"--smush-placeholder-width: 500px; --smush-placeholder-aspect-ratio: 500\/333;display: block; margin-left: auto; margin-right: auto;\" data-src=\"https:\/\/alzira.es\/wp-content\/uploads\/2021\/03\/ALZIRA_POLIGONO_INDUSTRIAL_Tisneres.jpg\" alt=\"ALZIRA POL\u00cdGONO INDUSTRIAL Tisneres\" width=\"500\" height=\"333\" src=\"data:image\/svg+xml;base64,PHN2ZyB3aWR0aD0iMSIgaGVpZ2h0PSIxIiB4bWxucz0iaHR0cDovL3d3dy53My5vcmcvMjAwMC9zdmciPjwvc3ZnPg==\" \/><\/a><\/p>\n<\/td>\n<td>&nbsp;<\/td>\n<\/tr>\n<tr style=\"background-color: #f5f5f5;\">\n<td>&nbsp;<\/td>\n<td style=\"text-align: center;\">\n<p>&nbsp;<a class=\"jcepopup\" href=\"https:\/\/alzira.es\/wp-content\/uploads\/2021\/03\/ALZIRA_POLIGONO_INDUSTRIAL_Mercado_de_Abastos.jpg\" target=\"_blank\" rel=\"noopener\"><strong style=\"color: #000000; font-size: 16px; text-align: center; background-color: #f5f5f5;\">&nbsp;\u00bb Pol\u00edgon Industrial&nbsp; Mercat&nbsp; d&#8217;Abastos \u00ab<\/strong><\/a><\/p>\n<p>&nbsp; &nbsp; &nbsp;&nbsp;<a class=\"jcepopup\" type=\"image\" href=\"https:\/\/alzira.es\/wp-content\/uploads\/2021\/03\/ALZIRA_POLIGONO_INDUSTRIAL_Mercado_de_Abastos.jpg\" target=\"_blank\" rel=\"noopener\"><img decoding=\"async\" class=\"size-full wp-image-54196 lazyload\" data-src=\"https:\/\/alzira.es\/wp-content\/uploads\/2021\/03\/ALZIRA_POLIGONO_INDUSTRIAL_Mercado_de_Abastos.jpg\" alt=\"ALZIRA POL\u00cdGONO INDUSTRIAL Mercado de Abastos\" width=\"500\" height=\"333\" src=\"data:image\/svg+xml;base64,PHN2ZyB3aWR0aD0iMSIgaGVpZ2h0PSIxIiB4bWxucz0iaHR0cDovL3d3dy53My5vcmcvMjAwMC9zdmciPjwvc3ZnPg==\" style=\"--smush-placeholder-width: 500px; --smush-placeholder-aspect-ratio: 500\/333;\" \/><\/a>&nbsp;<\/p>\n<\/td>\n<td>&nbsp;<\/td>\n<\/tr>\n<tr style=\"background-color: #f5f5f5;\">\n<td>&nbsp;<\/td>\n<td style=\"text-align: center;\">\n<p><strong style=\"color: #000000; text-align: center; font-size: 16px; background-color: #f5f5f5;\">&nbsp;<a class=\"jcepopup\" href=\"https:\/\/alzira.es\/wp-content\/uploads\/2021\/03\/ALZIRA_POLIGONO_INDUSTRIAL_Xixera.jpg\" target=\"_blank\" rel=\"noopener\">\u00bb Pol\u00edgon Industrial&nbsp; Xixer\u00e1 \u00ab<\/a><\/strong><\/p>\n<p>&nbsp; &nbsp;&nbsp;<a class=\"jcepopup\" href=\"https:\/\/alzira.es\/wp-content\/uploads\/2021\/03\/ALZIRA_POLIGONO_INDUSTRIAL_Xixera.jpg\" target=\"_blank\" rel=\"noopener\"><img decoding=\"async\" class=\"size-full wp-image-54198 lazyload\" data-src=\"https:\/\/alzira.es\/wp-content\/uploads\/2021\/03\/ALZIRA_POLIGONO_INDUSTRIAL_Xixera.jpg\" alt=\"ALZIRA POL\u00cdGONO INDUSTRIAL Xixer\u00e0\" width=\"500\" height=\"333\" src=\"data:image\/svg+xml;base64,PHN2ZyB3aWR0aD0iMSIgaGVpZ2h0PSIxIiB4bWxucz0iaHR0cDovL3d3dy53My5vcmcvMjAwMC9zdmciPjwvc3ZnPg==\" style=\"--smush-placeholder-width: 500px; --smush-placeholder-aspect-ratio: 500\/333;\" \/><\/a><\/p>\n<\/td>\n<td>&nbsp;<\/td>\n<\/tr>\n<tr style=\"background-color: #f5f5f5;\">\n<td>&nbsp;<\/td>\n<td style=\"text-align: center;\">\n<p>&nbsp;<strong style=\"color: #000000; text-align: center; font-size: 16px; background-color: #f5f5f5;\">&nbsp;<a class=\"jcepopup\" href=\"https:\/\/alzira.es\/wp-content\/uploads\/2021\/03\/ALZIRA_POLIGONO_INDUSTRIAL_EL_PLA.jpg\" target=\"_blank\" rel=\"noopener\">\u00bb Pol\u00edgon Industrial&nbsp; El Pl\u00e1 \u00ab<\/a><\/strong><\/p>\n<p><a class=\"jcepopup\" href=\"https:\/\/alzira.es\/wp-content\/uploads\/2021\/03\/ALZIRA_POLIGONO_INDUSTRIAL_EL_PLA.jpg\" target=\"_blank\" rel=\"noopener\"><img decoding=\"async\" class=\"size-full wp-image-54200 lazyload\" data-src=\"https:\/\/alzira.es\/wp-content\/uploads\/2021\/03\/ALZIRA_POLIGONO_INDUSTRIAL_EL_PLA.jpg\" alt=\"ALZIRA POL\u00cdGONO INDUSTRIAL EL PLA\" width=\"500\" height=\"353\" src=\"data:image\/svg+xml;base64,PHN2ZyB3aWR0aD0iMSIgaGVpZ2h0PSIxIiB4bWxucz0iaHR0cDovL3d3dy53My5vcmcvMjAwMC9zdmciPjwvc3ZnPg==\" style=\"--smush-placeholder-width: 500px; --smush-placeholder-aspect-ratio: 500\/353;\" \/><\/a><\/p>\n<\/td>\n<td>&nbsp;<\/td>\n<\/tr>\n<tr style=\"background-color: #f5f5f5;\">\n<td>&nbsp;<\/td>\n<td>\n<p style=\"margin-left: 30px;\">&nbsp;<\/p>\n<p style=\"margin-left: 30px; color: #000000; font-size: 11px; background-color: #f5f5f5;\"><strong>NOTICIES RELACIONADES:<\/strong><\/p>\n<p style=\"margin-left: 30px;\">&nbsp;<strong><span style=\"color: #800000;\"><strong style=\"color: #e25b32;\"><span style=\"font-family: verdana, geneva; font-size: 10pt;\"><strong style=\"color: #800000; font-size: 13.3333px;\">*<\/strong><span style=\"color: #800000;\">&nbsp;<\/span><\/span><\/strong><\/span><a class=\"jcepopup\" href=\"https:\/\/alzira.es\/wp-content\/uploads\/2021\/03\/levante_31_marzo_2021.jpg\" target=\"_blank\" rel=\"noopener\"><span style=\"color: #800000;\"><strong style=\"color: #e25b32;\"><span style=\"font-family: verdana, geneva; font-size: 10pt;\"><span style=\"color: #800000;\">Acceso a la Publicaci\u00f3 EL LEVANTE dimecres 30-03-2021<\/span><\/span><\/strong><\/span><\/a><\/strong><\/p>\n<\/td>\n<td>&nbsp;<\/td>\n<\/tr>\n<\/tbody>\n<\/table>\n<p style=\"text-align: justify;\">&nbsp;<\/p>\n<p style=\"text-align: justify;\">&nbsp;<\/p>\n<p>&nbsp;<\/p>\n","protected":false},"excerpt":{"rendered":"<p>&nbsp; &nbsp; &nbsp; &nbsp; &nbsp; &nbsp; &nbsp; &nbsp; &nbsp; &nbsp; Alzira Estudia la Millora i Modernitzaci\u00f3 dels seus Pol\u00edgons Industrials&nbsp; &nbsp; &nbsp; &nbsp; &nbsp; &nbsp; &nbsp; &nbsp; &nbsp; &nbsp; &nbsp; &nbsp; &nbsp;&nbsp; &nbsp; &nbsp;Nous Desafiaments i Perspectives davant la COVID 19: &nbsp; &nbsp; &nbsp; &nbsp; &nbsp; &nbsp; &nbsp; &nbsp; &nbsp; &nbsp; &nbsp; &nbsp; &nbsp; * &hellip; <\/p>\n<p class=\"link-more\"><a href=\"https:\/\/alzira.es\/es\/alzira-estudia-la-millora-i-modernitzacio-de-els-seus-poligons\/\" class=\"more-link\">Continuar leyendo<span class=\"screen-reader-text\"> \u00abALZIRA ESTUDIA LA MILLORA I MODERNITZACI\u00d3 DELS SEUS POL\u00cdGONS\u00bb<\/span><\/a><\/p>\n","protected":false},"author":16,"featured_media":0,"comment_status":"","ping_status":"","sticky":false,"template":"","format":"standard","meta":{"_acf_changed":false,"footnotes":""},"categories":[],"tags":[],"class_list":["post-54205","post","type-post","status-publish","format-standard","hentry"],"acf":[],"_links":{"self":[{"href":"https:\/\/alzira.es\/es\/wp-json\/wp\/v2\/posts\/54205","targetHints":{"allow":["GET"]}}],"collection":[{"href":"https:\/\/alzira.es\/es\/wp-json\/wp\/v2\/posts"}],"about":[{"href":"https:\/\/alzira.es\/es\/wp-json\/wp\/v2\/types\/post"}],"author":[{"embeddable":true,"href":"https:\/\/alzira.es\/es\/wp-json\/wp\/v2\/users\/16"}],"replies":[{"embeddable":true,"href":"https:\/\/alzira.es\/es\/wp-json\/wp\/v2\/comments?post=54205"}],"version-history":[{"count":0,"href":"https:\/\/alzira.es\/es\/wp-json\/wp\/v2\/posts\/54205\/revisions"}],"wp:attachment":[{"href":"https:\/\/alzira.es\/es\/wp-json\/wp\/v2\/media?parent=54205"}],"wp:term":[{"taxonomy":"category","embeddable":true,"href":"https:\/\/alzira.es\/es\/wp-json\/wp\/v2\/categories?post=54205"},{"taxonomy":"post_tag","embeddable":true,"href":"https:\/\/alzira.es\/es\/wp-json\/wp\/v2\/tags?post=54205"}],"curies":[{"name":"wp","href":"https:\/\/api.w.org\/{rel}","templated":true}]}}