{"id":54204,"date":"2021-03-22T10:00:00","date_gmt":"2021-03-22T09:00:00","guid":{"rendered":"https:\/\/alzira.es\/alzira-estudia-la-mejora-y-modernizacion-de-sus-poligonos\/"},"modified":"2021-03-22T10:00:00","modified_gmt":"2021-03-22T09:00:00","slug":"alzira-estudia-la-mejora-y-modernizacion-de-sus-poligonos","status":"publish","type":"post","link":"https:\/\/alzira.es\/es\/alzira-estudia-la-mejora-y-modernizacion-de-sus-poligonos\/","title":{"rendered":"ALZIRA  ESTUDIA LA MEJORA Y MODERNIZACI\u00d3N DE SUS POL\u00cdGONOS"},"content":{"rendered":"<p style=\"text-align: justify;\">&nbsp;<\/p>\n<table>\n<tbody>\n<tr style=\"background-color: #cccccc;\">\n<td>&nbsp; &nbsp; &nbsp; &nbsp; &nbsp; &nbsp; &nbsp; &nbsp; &nbsp;<\/td>\n<td>\n<p style=\"text-align: center;\" align=\"center\"><strong><span style=\"text-decoration: underline;\"><span style=\"font-size: 18pt;\">Alzira Estudia la Mejora y Modernizaci\u00f3n de sus Pol\u00edgonos Industriales&nbsp;<\/span><\/span><\/strong><\/p>\n<\/td>\n<td><span style=\"font-size: 18pt;\">&nbsp; &nbsp; &nbsp; &nbsp; &nbsp; &nbsp;<\/span><\/td>\n<\/tr>\n<tr style=\"background-color: #f5f5f5;\">\n<td style=\"width: 50px;\">&nbsp;<\/td>\n<td style=\"width: 700px;\">\n<p>&nbsp;<\/p>\n<p><a class=\"jcepopup\" href=\"https:\/\/alzira.es\/wp-content\/uploads\/2021\/03\/E16-SSF-ES-Alzira.esp_.pdf\" target=\"_blank\" rel=\"noopener\"><img fetchpriority=\"high\" decoding=\"async\" class=\" size-full wp-image-54188\" style=\"display: block; margin-left: auto; margin-right: auto; vertical-align: middle;\" src=\"https:\/\/alzira.es\/wp-content\/uploads\/2021\/03\/Alzira_con_sus_industrias.jpg\" alt=\"Alzira con sus industrias\" width=\"500\" height=\"417\" \/><\/a><\/p>\n<p>&nbsp;<\/p>\n<\/td>\n<td style=\"width: 50px;\">&nbsp;<\/td>\n<\/tr>\n<tr style=\"background-color: #f5f5f5;\">\n<td>&nbsp;<\/td>\n<td>\n<p>&nbsp;&nbsp;<\/p>\n<p>&nbsp; &nbsp;Nuevos Desafios y Perspectivas ante la COVID 19:<\/p>\n<p>&nbsp; &nbsp; &nbsp; &nbsp; &nbsp; &nbsp; &nbsp; &nbsp; &nbsp; &nbsp; &nbsp; &nbsp; &nbsp; * El Ayuntamiento de Alzira apuesta por la mejora energ\u00e9tica y de movilidad de sus pol\u00edgonos industriales.<\/p>\n<p>&nbsp; &nbsp; &nbsp; &nbsp; &nbsp; &nbsp; &nbsp; &nbsp; &nbsp; &nbsp; &nbsp; &nbsp; &nbsp; *&nbsp;El Pol\u00edgono El Pl\u00e1 recibe nuevas empresas en los \u00faltimos meses.&nbsp;<\/p>\n<p>&nbsp; &nbsp;La&nbsp;situaci\u00f3n de las empresas alcire\u00f1as supone seg\u00fan las encuestas que ha llevado a cabo la Asociaci\u00f3n empresarial, una tendencia creciente en cuanto a facturaci\u00f3n (1.19%) y decreciendo en el caso de las plantillas (8.20%), a consecuencia del impacto econ\u00f3mico que ha supuesto la COVID 19.<\/p>\n<p>&nbsp;&nbsp;&nbsp; &nbsp;Ya en 2019 el Ayuntamiento inici\u00f3 una serie de mejoras en los diferentes pol\u00edgonos de la ciudad dentro de las ayudas otorgadas por la Generalitat, mediante La IVACE. Se trata de mejora del alumbrado, banda ancha de Internet, se\u00f1alizaci\u00f3n, nuevos accesos o puesta en marcha del carril bici, entre otras. \u00abTenemos que seguir trabajando en proyectos que nos permiten adecuar nuestros pol\u00edgonos de forma que los dignificamos de forma definitiva\u00bb, asegura Diego G\u00f3mez, alcalde de Alzira.<\/p>\n<p>&nbsp; En la misma l\u00ednea, este a\u00f1o se han finalizado las obras que conectan el pol\u00edgono de AMCOR con el centro de la ciudad, del mismo modo se ha dado el pistoletazo de salida al tramo que conecta el Pol\u00edgono del Mercado de Alcances por la ITV con Algemes\u00ed y est\u00e1 prevista la conexi\u00f3n en direcci\u00f3n a Guadassuar por el Pol\u00edgono de \u00abEl Pl\u00e1\u00bb.<\/p>\n<p>&nbsp; Tambi\u00e9n merece destacar las obras de mejora en el acceso de la carretera de Albalat que se pon\u00edan en marcha el pasado mas de enero y que mejorar\u00e1n el acceso a la ciudad.<\/p>\n<p>&nbsp; &nbsp;En cuanto a la ocupaci\u00f3n de parcelas en los pol\u00edgonos de la ciudad, hay que destacar que en los \u00faltimos meses, el Pol\u00edgono de El Pl\u00e1 ha recibido nuevas empresas en sus parcelas o est\u00e1 en proceso de recibirlas. entre estas nuevas incorporaciones, se encuentran entre otras: la Editorial Bromera, la citr\u00edcola Fruixeresa o la nueva central de Grupo Mazo que se encuentra en proyecto de implantaci\u00f3n.<\/p>\n<p>&nbsp;<\/p>\n<p>&nbsp;<\/p>\n<\/td>\n<td>&nbsp;<\/td>\n<\/tr>\n<tr style=\"background-color: #f5f5f5;\">\n<td>&nbsp;<\/td>\n<td>\n<p style=\"margin-left: 30px; text-align: center;\"><a class=\"jcepopup\" type=\"image\" href=\"https:\/\/alzira.es\/wp-content\/uploads\/2021\/03\/POLIGONOS_INDUSTRIALES.pdf\" target=\"_blank\" rel=\"noopener\"><strong style=\"font-size: 12pt;\"><img decoding=\"async\" class=\"size-full wp-image-54192 lazyload\" data-src=\"https:\/\/alzira.es\/wp-content\/uploads\/2021\/03\/ALZIRA_POLIGONOS_INDUSTRIALES.jpg\" alt=\"ALZIRA POLIGONOS INDUSTRIALES\" width=\"600\" height=\"504\" src=\"data:image\/svg+xml;base64,PHN2ZyB3aWR0aD0iMSIgaGVpZ2h0PSIxIiB4bWxucz0iaHR0cDovL3d3dy53My5vcmcvMjAwMC9zdmciPjwvc3ZnPg==\" style=\"--smush-placeholder-width: 600px; --smush-placeholder-aspect-ratio: 600\/504;\" \/><\/strong><\/a><\/p>\n<\/td>\n<td>&nbsp;<\/td>\n<\/tr>\n<tr style=\"background-color: #f5f5f5;\">\n<td>&nbsp;<\/td>\n<td>\n<p style=\"margin-left: 30px; text-align: center;\"><a class=\"jcepopup\" type=\"image\" href=\"https:\/\/alzira.es\/wp-content\/uploads\/2021\/03\/ALZIRA_POLIGONO_INDUSTRIAL_Tisneres.jpg\" target=\"_blank\" rel=\"noopener\"><strong style=\"font-size: 12pt;\">&nbsp;\u00bb Pol\u00edgono Industrial&nbsp; Tisneres\u00bb<\/strong><\/a><\/p>\n<p style=\"margin-left: 30px; text-align: center;\"><a class=\"jcepopup\" href=\"https:\/\/alzira.es\/wp-content\/uploads\/2021\/03\/ALZIRA_POLIGONO_INDUSTRIAL_Tisneres.jpg\" target=\"_blank\" rel=\"noopener\"><img decoding=\"async\" class=\"size-full wp-image-54194 lazyload\" style=\"--smush-placeholder-width: 500px; --smush-placeholder-aspect-ratio: 500\/333;display: block; margin-left: auto; margin-right: auto;\" data-src=\"https:\/\/alzira.es\/wp-content\/uploads\/2021\/03\/ALZIRA_POLIGONO_INDUSTRIAL_Tisneres.jpg\" alt=\"ALZIRA POL\u00cdGONO INDUSTRIAL Tisneres\" width=\"500\" height=\"333\" src=\"data:image\/svg+xml;base64,PHN2ZyB3aWR0aD0iMSIgaGVpZ2h0PSIxIiB4bWxucz0iaHR0cDovL3d3dy53My5vcmcvMjAwMC9zdmciPjwvc3ZnPg==\" \/><\/a><\/p>\n<\/td>\n<td>&nbsp;<\/td>\n<\/tr>\n<tr style=\"background-color: #f5f5f5;\">\n<td>&nbsp;<\/td>\n<td style=\"text-align: center;\">\n<p>&nbsp;<a class=\"jcepopup\" href=\"https:\/\/alzira.es\/wp-content\/uploads\/2021\/03\/ALZIRA_POLIGONO_INDUSTRIAL_Mercado_de_Abastos.jpg\" target=\"_blank\" rel=\"noopener\"><strong style=\"color: #000000; font-size: 16px; text-align: center; background-color: #f5f5f5;\">&nbsp;\u00bb Pol\u00edgono Industrial&nbsp; Mercat&nbsp; d&#8217;Abastos \u00ab<\/strong><\/a><\/p>\n<p>&nbsp; &nbsp; &nbsp;&nbsp;<a class=\"jcepopup\" type=\"image\" href=\"https:\/\/alzira.es\/wp-content\/uploads\/2021\/03\/ALZIRA_POLIGONO_INDUSTRIAL_Mercado_de_Abastos.jpg\" target=\"_blank\" rel=\"noopener\"><img decoding=\"async\" class=\"size-full wp-image-54196 lazyload\" data-src=\"https:\/\/alzira.es\/wp-content\/uploads\/2021\/03\/ALZIRA_POLIGONO_INDUSTRIAL_Mercado_de_Abastos.jpg\" alt=\"ALZIRA POL\u00cdGONO INDUSTRIAL Mercado de Abastos\" width=\"500\" height=\"333\" src=\"data:image\/svg+xml;base64,PHN2ZyB3aWR0aD0iMSIgaGVpZ2h0PSIxIiB4bWxucz0iaHR0cDovL3d3dy53My5vcmcvMjAwMC9zdmciPjwvc3ZnPg==\" style=\"--smush-placeholder-width: 500px; --smush-placeholder-aspect-ratio: 500\/333;\" \/><\/a>&nbsp;<\/p>\n<\/td>\n<td>&nbsp;<\/td>\n<\/tr>\n<tr style=\"background-color: #f5f5f5;\">\n<td>&nbsp;<\/td>\n<td style=\"text-align: center;\">\n<p><strong style=\"color: #000000; text-align: center; font-size: 16px; background-color: #f5f5f5;\">&nbsp;<a class=\"jcepopup\" href=\"https:\/\/alzira.es\/wp-content\/uploads\/2021\/03\/ALZIRA_POLIGONO_INDUSTRIAL_Xixera.jpg\" target=\"_blank\" rel=\"noopener\">\u00bb Pol\u00edgono Industrial&nbsp; Xixer\u00e1 \u00ab<\/a><\/strong><\/p>\n<p>&nbsp; &nbsp;&nbsp;<a class=\"jcepopup\" href=\"https:\/\/alzira.es\/wp-content\/uploads\/2021\/03\/ALZIRA_POLIGONO_INDUSTRIAL_Xixera.jpg\" target=\"_blank\" rel=\"noopener\"><img decoding=\"async\" class=\"size-full wp-image-54198 lazyload\" data-src=\"https:\/\/alzira.es\/wp-content\/uploads\/2021\/03\/ALZIRA_POLIGONO_INDUSTRIAL_Xixera.jpg\" alt=\"ALZIRA POL\u00cdGONO INDUSTRIAL Xixer\u00e0\" width=\"500\" height=\"333\" src=\"data:image\/svg+xml;base64,PHN2ZyB3aWR0aD0iMSIgaGVpZ2h0PSIxIiB4bWxucz0iaHR0cDovL3d3dy53My5vcmcvMjAwMC9zdmciPjwvc3ZnPg==\" style=\"--smush-placeholder-width: 500px; --smush-placeholder-aspect-ratio: 500\/333;\" \/><\/a><\/p>\n<\/td>\n<td>&nbsp;<\/td>\n<\/tr>\n<tr style=\"background-color: #f5f5f5;\">\n<td>&nbsp;<\/td>\n<td style=\"text-align: center;\">\n<p>&nbsp;<strong style=\"color: #000000; text-align: center; font-size: 16px; background-color: #f5f5f5;\">&nbsp;<a class=\"jcepopup\" href=\"https:\/\/alzira.es\/wp-content\/uploads\/2021\/03\/ALZIRA_POLIGONO_INDUSTRIAL_EL_PLA.jpg\" target=\"_blank\" rel=\"noopener\">\u00bb Pol\u00edgono Industrial&nbsp; El Pl\u00e1 \u00ab<\/a><\/strong><\/p>\n<p><a class=\"jcepopup\" href=\"https:\/\/alzira.es\/wp-content\/uploads\/2021\/03\/ALZIRA_POLIGONO_INDUSTRIAL_EL_PLA.jpg\" target=\"_blank\" rel=\"noopener\"><img decoding=\"async\" class=\"size-full wp-image-54200 lazyload\" data-src=\"https:\/\/alzira.es\/wp-content\/uploads\/2021\/03\/ALZIRA_POLIGONO_INDUSTRIAL_EL_PLA.jpg\" alt=\"ALZIRA POL\u00cdGONO INDUSTRIAL EL PLA\" width=\"500\" height=\"353\" src=\"data:image\/svg+xml;base64,PHN2ZyB3aWR0aD0iMSIgaGVpZ2h0PSIxIiB4bWxucz0iaHR0cDovL3d3dy53My5vcmcvMjAwMC9zdmciPjwvc3ZnPg==\" style=\"--smush-placeholder-width: 500px; --smush-placeholder-aspect-ratio: 500\/353;\" \/><\/a><\/p>\n<\/td>\n<td>&nbsp;<\/td>\n<\/tr>\n<tr style=\"background-color: #f5f5f5;\">\n<td>&nbsp;<\/td>\n<td>\n<p style=\"margin-left: 30px;\">&nbsp;<\/p>\n<p style=\"margin-left: 30px; color: #000000; font-size: 11px; background-color: #f5f5f5;\"><strong>NOTICIAS RELACIONADAS:<\/strong><\/p>\n<p style=\"margin-left: 30px;\">&nbsp;<\/p>\n<p style=\"margin-left: 30px; color: #000000; font-size: 11px; background-color: #f5f5f5;\"><strong><strong style=\"color: #e25b32;\"><span style=\"font-family: verdana, geneva; font-size: 10pt;\"><strong style=\"color: #800000; font-size: 13.3333px;\">*<\/strong><span style=\"color: #800000;\">&nbsp;<\/span><\/span><\/strong><span style=\"color: #800000;\"><strong style=\"color: #e25b32;\"><span style=\"font-family: verdana, geneva; font-size: 10pt;\"><a class=\"jcepopup\" type=\"image\" href=\"https:\/\/alzira.es\/wp-content\/uploads\/2021\/03\/levante_31_marzo_2021.jpg\" target=\"_blank\" rel=\"noopener\"><span style=\"color: #800000;\">Acceso a Publicaci\u00f3n EL LEVANTE miercoles 30-03-2021<\/span><\/a><\/span><\/strong><\/span><\/strong><\/p>\n<\/td>\n<td>&nbsp;<\/td>\n<\/tr>\n<\/tbody>\n<\/table>\n<p style=\"text-align: justify;\">&nbsp;<\/p>\n<p style=\"text-align: justify;\">&nbsp;<\/p>\n<p>&nbsp;<\/p>\n","protected":false},"excerpt":{"rendered":"<p>&nbsp; &nbsp; &nbsp; &nbsp; &nbsp; &nbsp; &nbsp; &nbsp; &nbsp; &nbsp; Alzira Estudia la Mejora y Modernizaci\u00f3n de sus Pol\u00edgonos Industriales&nbsp; &nbsp; &nbsp; &nbsp; &nbsp; &nbsp; &nbsp; &nbsp; &nbsp; &nbsp; &nbsp; &nbsp; &nbsp;&nbsp; &nbsp; &nbsp;Nuevos Desafios y Perspectivas ante la COVID 19: &nbsp; &nbsp; &nbsp; &nbsp; &nbsp; &nbsp; &nbsp; &nbsp; &nbsp; &nbsp; &nbsp; &nbsp; &nbsp; * &hellip; <\/p>\n<p class=\"link-more\"><a href=\"https:\/\/alzira.es\/es\/alzira-estudia-la-mejora-y-modernizacion-de-sus-poligonos\/\" class=\"more-link\">Continuar leyendo<span class=\"screen-reader-text\"> \u00abALZIRA  ESTUDIA LA MEJORA Y MODERNIZACI\u00d3N DE SUS POL\u00cdGONOS\u00bb<\/span><\/a><\/p>\n","protected":false},"author":16,"featured_media":54188,"comment_status":"","ping_status":"","sticky":false,"template":"","format":"standard","meta":{"_acf_changed":false,"footnotes":""},"categories":[],"tags":[],"class_list":["post-54204","post","type-post","status-publish","format-standard","has-post-thumbnail","hentry"],"acf":[],"_links":{"self":[{"href":"https:\/\/alzira.es\/es\/wp-json\/wp\/v2\/posts\/54204","targetHints":{"allow":["GET"]}}],"collection":[{"href":"https:\/\/alzira.es\/es\/wp-json\/wp\/v2\/posts"}],"about":[{"href":"https:\/\/alzira.es\/es\/wp-json\/wp\/v2\/types\/post"}],"author":[{"embeddable":true,"href":"https:\/\/alzira.es\/es\/wp-json\/wp\/v2\/users\/16"}],"replies":[{"embeddable":true,"href":"https:\/\/alzira.es\/es\/wp-json\/wp\/v2\/comments?post=54204"}],"version-history":[{"count":0,"href":"https:\/\/alzira.es\/es\/wp-json\/wp\/v2\/posts\/54204\/revisions"}],"wp:featuredmedia":[{"embeddable":true,"href":"https:\/\/alzira.es\/es\/wp-json\/wp\/v2\/media\/54188"}],"wp:attachment":[{"href":"https:\/\/alzira.es\/es\/wp-json\/wp\/v2\/media?parent=54204"}],"wp:term":[{"taxonomy":"category","embeddable":true,"href":"https:\/\/alzira.es\/es\/wp-json\/wp\/v2\/categories?post=54204"},{"taxonomy":"post_tag","embeddable":true,"href":"https:\/\/alzira.es\/es\/wp-json\/wp\/v2\/tags?post=54204"}],"curies":[{"name":"wp","href":"https:\/\/api.w.org\/{rel}","templated":true}]}}