{"id":54183,"date":"2021-03-26T13:35:43","date_gmt":"2021-03-26T12:35:43","guid":{"rendered":"https:\/\/alzira.es\/espai-natural-de-la-casella-2\/"},"modified":"2021-03-26T13:35:43","modified_gmt":"2021-03-26T12:35:43","slug":"espai-natural-de-la-casella-2","status":"publish","type":"post","link":"https:\/\/alzira.es\/es\/espai-natural-de-la-casella-2\/","title":{"rendered":"Informaci\u00f3 espai natural de la Casella"},"content":{"rendered":"<h3 style=\"text-align: justify;\"><em>\u2022 Tancament del p\u00e0rquing del restaurant a les 17.00 h<\/em><\/h3>\n<p style=\"text-align: justify;\"><strong>De cara al cap de setmana<\/strong> s&#8217;incrementen les visites als nostres espais naturals, per aix\u00f2 des del departament de Medi Ambient <strong>es recorda als usuaris del espai natural de la Casella<\/strong>, que <strong>el p\u00e0rquing<\/strong> del restaurant <strong>tanca les seues portes a les 17 hores<\/strong>, per tant els vehicles que es troben aparcats al seu aparcament, han de retirar-se abans de l&#8217;hora de tancament.<\/p>\n<p style=\"text-align: justify;\">Despr\u00e9s de les cinc no es podr\u00e0 circular per este p\u00e0rquing,<strong> per\u00f2 els usuaris poden deixar el seu vehicle al espai ubicat a la part de baix<\/strong>.<\/p>\n<p style=\"text-align: justify;\">Aix\u00ed mateix, es recomana evitar acudir en horaris de m\u00e0xima aflu\u00e8ncia, en matins de cap de setmana. En aquests moments en que els nostres paratges naturals estan m\u00e9s concorreguts, des de l&#8217;Ajuntament es recomana visitar altres zones verdes d&#8217;Alzira en les quals podem practicar esport o caminar estos dies, al temps que gaudim de la natura com el <strong>Mirador del X\u00faquer<\/strong>, <strong>la Muntanyeta,<\/strong> el <strong>Passeig Fluvial<\/strong> o l&#8217;<strong>Anell Verd<\/strong> espais on els ciutadans poden tindre un <strong>contacte amb la natura sense eixir d&#8217;Alzira<\/strong>.<\/p>\n<p style=\"text-align: justify;\">Cal recordar que els paratges de la <strong>Murta i<\/strong> La<strong> Casella<\/strong> reben gran quantitat de visitants <strong>els caps de setmana i festius<\/strong>, i a m\u00e9s tenen limitaci\u00f3 d&#8217;acc\u00e9s i <strong>es recomana demanar cita pr\u00e8via<\/strong>. Ja que els dies s&#8217;allarguen, podem gaudir d&#8217;aquests paratges sense menys aclaparaments a les vesprades, quan acudeix menys gent.<\/p>\n<p style=\"text-align: center;\"><img fetchpriority=\"high\" decoding=\"async\" width=\"1754\" height=\"1780\" class=\" size-full wp-image-54180\" src=\"https:\/\/alzira.es\/wp-content\/uploads\/2021\/03\/la_casella-01.jpg\" alt=\"la casella-01\" srcset=\"https:\/\/alzira.es\/wp-content\/uploads\/2021\/03\/la_casella-01.jpg 1754w, https:\/\/alzira.es\/wp-content\/uploads\/2021\/03\/la_casella-01-680x690.jpg 680w, https:\/\/alzira.es\/wp-content\/uploads\/2021\/03\/la_casella-01-1056x1072.jpg 1056w, https:\/\/alzira.es\/wp-content\/uploads\/2021\/03\/la_casella-01-768x779.jpg 768w, https:\/\/alzira.es\/wp-content\/uploads\/2021\/03\/la_casella-01-1514x1536.jpg 1514w, https:\/\/alzira.es\/wp-content\/uploads\/2021\/03\/la_casella-01-100x100.jpg 100w\" sizes=\"(max-width: 706px) 89vw, (max-width: 767px) 82vw, 740px\" \/><\/p>\n","protected":false},"excerpt":{"rendered":"<p>\u2022 Tancament del p\u00e0rquing del restaurant a les 17.00 h De cara al cap de setmana s&#8217;incrementen les visites als nostres espais naturals, per aix\u00f2 des del departament de Medi Ambient es recorda als usuaris del espai natural de la Casella, que el p\u00e0rquing del restaurant tanca les seues portes a les 17 hores, per &hellip; <\/p>\n<p class=\"link-more\"><a href=\"https:\/\/alzira.es\/es\/espai-natural-de-la-casella-2\/\" class=\"more-link\">Continuar leyendo<span class=\"screen-reader-text\"> \u00abInformaci\u00f3 espai natural de la Casella\u00bb<\/span><\/a><\/p>\n","protected":false},"author":29,"featured_media":54180,"comment_status":"","ping_status":"","sticky":false,"template":"","format":"standard","meta":{"_acf_changed":false,"footnotes":""},"categories":[],"tags":[],"class_list":["post-54183","post","type-post","status-publish","format-standard","has-post-thumbnail","hentry"],"acf":[],"_links":{"self":[{"href":"https:\/\/alzira.es\/es\/wp-json\/wp\/v2\/posts\/54183","targetHints":{"allow":["GET"]}}],"collection":[{"href":"https:\/\/alzira.es\/es\/wp-json\/wp\/v2\/posts"}],"about":[{"href":"https:\/\/alzira.es\/es\/wp-json\/wp\/v2\/types\/post"}],"author":[{"embeddable":true,"href":"https:\/\/alzira.es\/es\/wp-json\/wp\/v2\/users\/29"}],"replies":[{"embeddable":true,"href":"https:\/\/alzira.es\/es\/wp-json\/wp\/v2\/comments?post=54183"}],"version-history":[{"count":0,"href":"https:\/\/alzira.es\/es\/wp-json\/wp\/v2\/posts\/54183\/revisions"}],"wp:featuredmedia":[{"embeddable":true,"href":"https:\/\/alzira.es\/es\/wp-json\/wp\/v2\/media\/54180"}],"wp:attachment":[{"href":"https:\/\/alzira.es\/es\/wp-json\/wp\/v2\/media?parent=54183"}],"wp:term":[{"taxonomy":"category","embeddable":true,"href":"https:\/\/alzira.es\/es\/wp-json\/wp\/v2\/categories?post=54183"},{"taxonomy":"post_tag","embeddable":true,"href":"https:\/\/alzira.es\/es\/wp-json\/wp\/v2\/tags?post=54183"}],"curies":[{"name":"wp","href":"https:\/\/api.w.org\/{rel}","templated":true}]}}