{"id":54179,"date":"2021-03-26T13:27:54","date_gmt":"2021-03-26T12:27:54","guid":{"rendered":"https:\/\/alzira.es\/pla-resistir-2\/"},"modified":"2021-03-26T13:27:54","modified_gmt":"2021-03-26T12:27:54","slug":"pla-resistir-2","status":"publish","type":"post","link":"https:\/\/alzira.es\/es\/pla-resistir-2\/","title":{"rendered":"L\u2019Ajuntament ampliar\u00e0 les ajudes del Pla Resistir al sector de la festa i l\u2019oci"},"content":{"rendered":"<h3 style=\"text-align: justify;\"><em><span style=\"font-size: 14.4px; text-align: justify;\">\u2022<\/span>&nbsp;Es tanca la <strong>primera fase<\/strong> <strong>de les ajudes<\/strong> amb el pagament de <strong>720.000 euros<\/strong><\/em><\/h3>\n<p style=\"text-align: justify;\"><strong>Ahir se celebrava una nova sessi\u00f3 de la Comissi\u00f3 de valoraci\u00f3<\/strong>, en la qual es va tancar acordar <strong>el pagament<\/strong>, que<strong> es far\u00e0 efectiu els pr\u00f2xims dies<\/strong>, d&#8217;esta primera fase del pla. Aix\u00ed mateix <strong>s&#8217;ha acordat encetar una segona fase<\/strong>.<\/p>\n<p style=\"text-align: justify;\"><strong>Un total de 328 sol\u00b7licituds<\/strong>,<strong> 269 <\/strong>d&#8217;elles<strong> resoltes favorablement, 29 requerides per a esmenar i 40 desestimades<\/strong>. <em>\u00abEstem parlant de que hi ha consignada una dotaci\u00f3 de 720.00 euros per a esta primera fase de les ajudes, la qual cosa significa que podem obrir la convocat\u00f2ria a altres sectors\u00bb<\/em> ha anunciat l&#8217;alcalde, <strong>Diego G\u00f3mez<\/strong><\/p>\n<p style=\"text-align: justify;\"><strong>La comissi\u00f3 de valoraci\u00f3 ja est\u00e0 treballant en una nova convocat\u00f2ria<\/strong>, per a la concessi\u00f3 del romanent, m\u00e9s de<strong> 400.000 euros<\/strong> i la pr\u00f2xima setmana passar\u00e0 a Junta de Govern Local la proposta de bases on es detallaran els nous sectors que tamb\u00e9 s&#8217;han vist afectats directament per la pand\u00e8mia i que podran accedir.<\/p>\n<p style=\"text-align: justify;\"><em>\u00ab<span style=\"text-decoration: underline;\">Fonamentalment es prepara una convocat\u00f2ria orientada al sector de la festa<\/span>: <strong>pirot\u00e8cnia<\/strong>, <strong>floristeria<\/strong>, <strong>indumentaristes<\/strong>,<strong> artistes fallers<\/strong>, <strong>firers<\/strong>, <strong>fot\u00f2grafs i oci<\/strong>. Amb aquesta segona fase s&#8217;obriran les ajudes a sectors que inicialment no estaven reconeguts, per\u00f2 que el mateix decret contemplava la <span style=\"text-decoration: underline;\">possibilitat de<\/span> destinar els romanents per a <span style=\"text-decoration: underline;\">ajudar a altres sectors afectats per la pand\u00e8mia<\/span>. A m\u00e9s en cas que siga possible, si no s&#8217;esgota la quantitat total, <strong>es faria una tercera convocat\u00f2ria<\/strong>, perqu\u00e8 este Ajuntament el que vol \u00e9s que eixe <span style=\"text-decoration: underline;\">1.149.000 euros arribe als negocis i als empresaris i aut\u00f2noms<\/span> que han estat afectats per esta crisi\u00bb<\/em> explica<strong> G\u00f3mez<\/strong>.<\/p>\n<p style=\"text-align: justify;\"><em>\u00abA m\u00e9s \u2013afig- continuem amb el comprom\u00eds i la promesa de donar una r\u00e0pida resposta a les sol\u00b7licituds. Recordem que en nom\u00e9s un mes ja s&#8217;ha fet efectiu el pagament de la primera fase, per tal de que els nostres negocis puguen rebre esta ajuda tan prompte com siga possible\u00bb<\/em>.<\/p>\n<p style=\"text-align: center;\"><img fetchpriority=\"high\" decoding=\"async\" width=\"1024\" height=\"768\" class=\" size-full wp-image-53674\" src=\"https:\/\/alzira.es\/wp-content\/uploads\/2021\/02\/comissio_pla_resistir.jpeg\" alt=\"comissio pla resistir\" srcset=\"https:\/\/alzira.es\/wp-content\/uploads\/2021\/02\/comissio_pla_resistir.jpeg 1024w, https:\/\/alzira.es\/wp-content\/uploads\/2021\/02\/comissio_pla_resistir-680x510.jpeg 680w, https:\/\/alzira.es\/wp-content\/uploads\/2021\/02\/comissio_pla_resistir-768x576.jpeg 768w\" sizes=\"(max-width: 706px) 89vw, (max-width: 767px) 82vw, 740px\" \/><\/p>\n","protected":false},"excerpt":{"rendered":"<p>\u2022&nbsp;Es tanca la primera fase de les ajudes amb el pagament de 720.000 euros Ahir se celebrava una nova sessi\u00f3 de la Comissi\u00f3 de valoraci\u00f3, en la qual es va tancar acordar el pagament, que es far\u00e0 efectiu els pr\u00f2xims dies, d&#8217;esta primera fase del pla. Aix\u00ed mateix s&#8217;ha acordat encetar una segona fase. Un &hellip; <\/p>\n<p class=\"link-more\"><a href=\"https:\/\/alzira.es\/es\/pla-resistir-2\/\" class=\"more-link\">Continuar leyendo<span class=\"screen-reader-text\"> \u00abL\u2019Ajuntament ampliar\u00e0 les ajudes del Pla Resistir al sector de la festa i l\u2019oci\u00bb<\/span><\/a><\/p>\n","protected":false},"author":29,"featured_media":53674,"comment_status":"","ping_status":"","sticky":false,"template":"","format":"standard","meta":{"_acf_changed":false,"footnotes":""},"categories":[],"tags":[],"class_list":["post-54179","post","type-post","status-publish","format-standard","has-post-thumbnail","hentry"],"acf":[],"_links":{"self":[{"href":"https:\/\/alzira.es\/es\/wp-json\/wp\/v2\/posts\/54179","targetHints":{"allow":["GET"]}}],"collection":[{"href":"https:\/\/alzira.es\/es\/wp-json\/wp\/v2\/posts"}],"about":[{"href":"https:\/\/alzira.es\/es\/wp-json\/wp\/v2\/types\/post"}],"author":[{"embeddable":true,"href":"https:\/\/alzira.es\/es\/wp-json\/wp\/v2\/users\/29"}],"replies":[{"embeddable":true,"href":"https:\/\/alzira.es\/es\/wp-json\/wp\/v2\/comments?post=54179"}],"version-history":[{"count":0,"href":"https:\/\/alzira.es\/es\/wp-json\/wp\/v2\/posts\/54179\/revisions"}],"wp:featuredmedia":[{"embeddable":true,"href":"https:\/\/alzira.es\/es\/wp-json\/wp\/v2\/media\/53674"}],"wp:attachment":[{"href":"https:\/\/alzira.es\/es\/wp-json\/wp\/v2\/media?parent=54179"}],"wp:term":[{"taxonomy":"category","embeddable":true,"href":"https:\/\/alzira.es\/es\/wp-json\/wp\/v2\/categories?post=54179"},{"taxonomy":"post_tag","embeddable":true,"href":"https:\/\/alzira.es\/es\/wp-json\/wp\/v2\/tags?post=54179"}],"curies":[{"name":"wp","href":"https:\/\/api.w.org\/{rel}","templated":true}]}}