{"id":54176,"date":"2021-03-26T13:04:00","date_gmt":"2021-03-26T12:04:00","guid":{"rendered":"https:\/\/alzira.es\/sorteig-de-parcel-les-2\/"},"modified":"2021-03-26T13:04:00","modified_gmt":"2021-03-26T12:04:00","slug":"sorteig-de-parcel-les-2","status":"publish","type":"post","link":"https:\/\/alzira.es\/es\/sorteig-de-parcel-les-2\/","title":{"rendered":"38 persones inscrites al sorteig de parcel\u00b7les a l\u2019Hort de Ros"},"content":{"rendered":"<h3 style=\"text-align: justify;\"><em><img decoding=\"async\" class=\"size-full wp-image-54174 lazyload\" data-src=\"https:\/\/alzira.es\/wp-content\/uploads\/2021\/03\/Hort_de_Ros.jpg\" alt=\"Hort de Ros\" width=\"2\" height=\"1\" data-srcset=\"https:\/\/alzira.es\/wp-content\/uploads\/2021\/03\/Hort_de_Ros.jpg 1900w, https:\/\/alzira.es\/wp-content\/uploads\/2021\/03\/Hort_de_Ros-680x408.jpg 680w, https:\/\/alzira.es\/wp-content\/uploads\/2021\/03\/Hort_de_Ros-1430x858.jpg 1430w, https:\/\/alzira.es\/wp-content\/uploads\/2021\/03\/Hort_de_Ros-350x350.jpg 350w, https:\/\/alzira.es\/wp-content\/uploads\/2021\/03\/Hort_de_Ros-768x461.jpg 768w, https:\/\/alzira.es\/wp-content\/uploads\/2021\/03\/Hort_de_Ros-300x300.jpg 300w, https:\/\/alzira.es\/wp-content\/uploads\/2021\/03\/Hort_de_Ros-474x324.jpg 474w, https:\/\/alzira.es\/wp-content\/uploads\/2021\/03\/Hort_de_Ros-391x260.jpg 391w, https:\/\/alzira.es\/wp-content\/uploads\/2021\/03\/Hort_de_Ros-1536x922.jpg 1536w, https:\/\/alzira.es\/wp-content\/uploads\/2021\/03\/Hort_de_Ros-100x100.jpg 100w\" data-sizes=\"(max-width: 2px) 100vw, 2px\" src=\"data:image\/svg+xml;base64,PHN2ZyB3aWR0aD0iMSIgaGVpZ2h0PSIxIiB4bWxucz0iaHR0cDovL3d3dy53My5vcmcvMjAwMC9zdmciPjwvc3ZnPg==\" style=\"--smush-placeholder-width: 2px; --smush-placeholder-aspect-ratio: 2\/1;\" \/><span style=\"font-size: 14.4px; text-align: justify;\">\u2022<\/span>&nbsp;Dilluns <strong>29 de mar\u00e7<\/strong> tindr\u00e0 lloc el <strong>sorteig<\/strong> a <strong>l&#8217;Hort de Ros<\/strong><\/em><\/h3>\n<p style=\"text-align: justify;\">Finalitzat el termini d&#8217;inscripci\u00f3 per a participar al<strong> sorteig de les 3 parcel\u00b7les dels Horts Comunitaris de l&#8217;Hort de Ros<\/strong>, s&#8217;ha <strong>aprovat el llistat<\/strong> d&#8217;inscrits,<strong> amb un total de 38 persones participants<\/strong>.<\/p>\n<p style=\"text-align: justify;\">Una vegada tancat el termini i aprovada la llista, s&#8217;empla\u00e7a als participants a acudir presencialment al sorteig, que se celebrar\u00e0 el <strong>PR\u00d2XIM DILLUNS D\u00cdA 29 DE MAR\u00c7 DE 2021 A LES 12&#8217;00 H<\/strong>, EN LA MATEIXA SEU DELS HORTS COMUNITARIS \u00abHORT DE ROS\u00bb a peus de la Muntanyeta de Sant Salvador d&#8217;Alzira .<\/p>\n<p style=\"text-align: justify;\">Recordem que el passat 1 de mar\u00e7 s&#8217;obria el termini per a sol\u00b7licitar la participaci\u00f3 en el sorteig de 3 parcel\u00b7les a l&#8217;Hort de Ros, a la Muntanyeta, amb destinaci\u00f3 a l&#8217;activitat agr\u00edcola dels ciutadans d&#8217;Alzira per a \u00fas propi, principalment.<\/p>\n<p style=\"text-align: justify;\"><strong>Amb este projecte es d\u00f3na continu\u00eftat a la iniciativa de l&#8217;Hort de Redal<\/strong>, i a m\u00e9s es recupera i posa en valor este espai, actualment sense \u00fas, es fomenta l&#8217;agricultura, recuperen activitats i cultius aut\u00f2ctons i tradicionals i s&#8217;afavoreix la sociabilitat intergeneracional i entre diferents col\u00b7lectius. Per a esta convocat\u00f2ria, de les 17 parcel\u00b7les existents <strong>es planteja la cessi\u00f3 temporal de 3 parcel\u00b7les<\/strong> (n\u00ba 3, 7 i 9) a ve\u00efns i ve\u00efnes d&#8217;Alzira en general, sent que tots els interessats que s&#8217;inscriguen hauran de complir tots i cada un dels requisits en la data en qu\u00e8 s&#8217;han aprovat les bases.<\/p>\n<p style=\"text-align: justify;\"><strong>Consulta la llista d&#8217;inscrits ac\u00ed<\/strong>:<\/p>\n<p style=\"text-align: center;\"><a title=\"Convocat\u00f2ria Hort de Ros\" href=\"https:\/\/alzira.es\/wp-content\/uploads\/2021\/03\/Convocatoria_Hort_de_Ros.pdf\" target=\"_blank\" rel=\"noopener\"><img fetchpriority=\"high\" decoding=\"async\" width=\"488\" height=\"690\" class=\" size-full wp-image-54169\" src=\"https:\/\/alzira.es\/wp-content\/uploads\/2021\/03\/Hort_de_Ros.png\" alt=\"Hort de Ros\" \/><\/a><\/p>\n","protected":false},"excerpt":{"rendered":"<p>\u2022&nbsp;Dilluns 29 de mar\u00e7 tindr\u00e0 lloc el sorteig a l&#8217;Hort de Ros Finalitzat el termini d&#8217;inscripci\u00f3 per a participar al sorteig de les 3 parcel\u00b7les dels Horts Comunitaris de l&#8217;Hort de Ros, s&#8217;ha aprovat el llistat d&#8217;inscrits, amb un total de 38 persones participants. Una vegada tancat el termini i aprovada la llista, s&#8217;empla\u00e7a als &hellip; <\/p>\n<p class=\"link-more\"><a href=\"https:\/\/alzira.es\/es\/sorteig-de-parcel-les-2\/\" class=\"more-link\">Continuar leyendo<span class=\"screen-reader-text\"> \u00ab38 persones inscrites al sorteig de parcel\u00b7les a l\u2019Hort de Ros\u00bb<\/span><\/a><\/p>\n","protected":false},"author":29,"featured_media":54174,"comment_status":"","ping_status":"","sticky":false,"template":"","format":"standard","meta":{"_acf_changed":false,"footnotes":""},"categories":[],"tags":[],"class_list":["post-54176","post","type-post","status-publish","format-standard","has-post-thumbnail","hentry"],"acf":[],"_links":{"self":[{"href":"https:\/\/alzira.es\/es\/wp-json\/wp\/v2\/posts\/54176","targetHints":{"allow":["GET"]}}],"collection":[{"href":"https:\/\/alzira.es\/es\/wp-json\/wp\/v2\/posts"}],"about":[{"href":"https:\/\/alzira.es\/es\/wp-json\/wp\/v2\/types\/post"}],"author":[{"embeddable":true,"href":"https:\/\/alzira.es\/es\/wp-json\/wp\/v2\/users\/29"}],"replies":[{"embeddable":true,"href":"https:\/\/alzira.es\/es\/wp-json\/wp\/v2\/comments?post=54176"}],"version-history":[{"count":0,"href":"https:\/\/alzira.es\/es\/wp-json\/wp\/v2\/posts\/54176\/revisions"}],"wp:featuredmedia":[{"embeddable":true,"href":"https:\/\/alzira.es\/es\/wp-json\/wp\/v2\/media\/54174"}],"wp:attachment":[{"href":"https:\/\/alzira.es\/es\/wp-json\/wp\/v2\/media?parent=54176"}],"wp:term":[{"taxonomy":"category","embeddable":true,"href":"https:\/\/alzira.es\/es\/wp-json\/wp\/v2\/categories?post=54176"},{"taxonomy":"post_tag","embeddable":true,"href":"https:\/\/alzira.es\/es\/wp-json\/wp\/v2\/tags?post=54176"}],"curies":[{"name":"wp","href":"https:\/\/api.w.org\/{rel}","templated":true}]}}