{"id":54164,"date":"2021-03-26T10:13:03","date_gmt":"2021-03-26T09:13:03","guid":{"rendered":"https:\/\/alzira.es\/projecte-alzira-resilient-2\/"},"modified":"2021-03-26T10:13:03","modified_gmt":"2021-03-26T09:13:03","slug":"projecte-alzira-resilient-2","status":"publish","type":"post","link":"https:\/\/alzira.es\/es\/projecte-alzira-resilient-2\/","title":{"rendered":"L\u2019Ajuntament rep el premi U-GOB a nivell internacional pel seu projecte Alzira Resilient"},"content":{"rendered":"<p style=\"text-align: justify;\">Per <strong>sis\u00e9 any consecutiu<\/strong>, <strong>U-GOB reconeix els millors projectes d&#8217;innovaci\u00f3 p\u00fablica<\/strong>, els quals s\u00f3n capa\u00e7os de transformar, per a b\u00e9, la vida dels ciutadans, amb enfocament d&#8217;Innovaci\u00f3 i Govern Obert.<\/p>\n<p style=\"text-align: justify;\"><strong>El lliurament ha tingut lloc de manera telem\u00e0tica en tres jornades<\/strong>, la primera, dimecres 24, la segona dijous 25 i l&#8217;ultima de les jornades esta vesprada de divendres 26 (19 hores hora mexicana)<\/p>\n<p style=\"text-align: justify; margin-left: 30px;\">\u25cf <strong>Dia 24 de mar\u00e7<\/strong>: Premis i Reconeixements d&#8217;ordre municipal<br \/>\u25cf <strong>Dia 25<\/strong>: Premis i Reconeixements d&#8217;ordre Estatal<br \/>\u25cf <strong>Dia 26<\/strong>: Premis i Reconeixements d&#8217;ordre Aut\u00f2nom estatal i Federals<\/p>\n<p style=\"text-align: justify;\">Des de l&#8217;Ajuntament s&#8217;ha participat en este esdeveniment virtual la matinada de dijous i s&#8217;ha comptat amb la intervenci\u00f3 de <strong>V\u00edctor Almonacid<\/strong>,<em> Secretari General de l&#8217;Ajuntament<\/em>, qui ha explicat en qu\u00e8 consistix el projecte, <strong>Elena Mart\u00ed<\/strong>,<em> responsable de Modernitzaci\u00f3<\/em>, que ha parlat sobre la motivaci\u00f3 per a portar-lo a terme, <strong>Julio Garc\u00eda<\/strong>,<em> responsable d&#8217;Inform\u00e0tica<\/em> qui ha parlat dels beneficis que suposa per a la ciutadania i<strong> Diego G\u00f3mez<\/strong>, <em>Alcalde d&#8217;Alzira<\/em> que ha aprofitat l&#8217;ocasi\u00f3 per a agrair a l&#8217;organitzaci\u00f3 que Alzira haja estat l&#8217;opci\u00f3 guanyadora.<\/p>\n<p style=\"text-align: justify;\"><em>\u00abL&#8217;Ajuntament d&#8217;Alzira porta recorregut un cam\u00ed de molts anys treballant en l&#8217;\u00e0mbit de la innovaci\u00f3 i la transformaci\u00f3 digital i ha sigut ara, en la situaci\u00f3 que s&#8217;ha generat amb la pand\u00e8mia quan s&#8217;ha demostrat m\u00e9s intensament la necessitat d&#8217;estar junt a la ciutadania, facilitant-los la tasca, adaptant la nostra organitzaci\u00f3 a les mesures de seguretat, millorant el nostre servei p\u00fablic en la nova normalitat\u00bb<\/em>, ha explicat la <em>regidora de modernitzaci\u00f3<\/em><strong> Leticia Piquer<\/strong>.<em> \u00abA m\u00e9s, afig la regidora, vull felicitar els departaments implicats per la seua tasca i proposta per al Premi U-GOB 2021 en la categoria Transformaci\u00f3 i Govern Digital, a nivell Internacional, que ha obtingut l&#8217;avaluaci\u00f3 positiva dels experts\u00bb<\/em><\/p>\n<p style=\"text-align: justify;\">Per la seua banda, <strong>Carlos Casta\u00f1eda<\/strong>,<em> Director General u-GOV<\/em>, l&#8217;organitzaci\u00f3 al capdavant d&#8217;este lliurament, va felicitar a l&#8217;equip alzireny per un projecte que facilita la vida a la ciutadania, i va agrair la participaci\u00f3 en este proc\u00e9s que t\u00e9 com a finalitat impulsar i recon\u00e8ixer la innovaci\u00f3 en les institucions publiques.<em> \u00abEstenc les meues m\u00e9s sinceres felicitacions i agra\u00efment per participar en aquest proc\u00e9s que t\u00e9 com a finalitat impulsar i recon\u00e8ixer la innovaci\u00f3 en les institucions p\u00fabliques d&#8217;Hispanoam\u00e8rica\u00bb<\/em> va traslladar<strong> Casta\u00f1eda<\/strong>.<\/p>\n<p style=\"text-align: justify;\"><span style=\"text-decoration: underline;\"><strong><span style=\"color: #b22222;\"><a href=\"https:\/\/www.youtube.com\/watch?v=W_3cezS-4qM\" target=\"_blank\" rel=\"noopener\"><span style=\"color: #b22222; text-decoration: underline;\">Enlla\u00e7<\/span><\/a><\/span><\/strong><\/span><strong> a la cerim\u00f2nia<\/strong> (minut 8&#8242; 30\u00bb, categoria Transformaci\u00f3n y Gobierno Digital) <\/p>\n<p style=\"text-align: center;\"><a title=\"projecte Alzira Resilient\" href=\"https:\/\/alzira.es\/wp-content\/uploads\/2021\/03\/projecte_Alzira_Resilient.jpg\" target=\"_blank\" rel=\"noopener\"><img fetchpriority=\"high\" decoding=\"async\" class=\" size-full wp-image-54159\" src=\"https:\/\/alzira.es\/wp-content\/uploads\/2021\/03\/projecte_Alzira_Resilient.jpg\" alt=\"projecte Alzira Resilient\" width=\"600\" height=\"366\" srcset=\"https:\/\/alzira.es\/wp-content\/uploads\/2021\/03\/projecte_Alzira_Resilient.jpg 951w, https:\/\/alzira.es\/wp-content\/uploads\/2021\/03\/projecte_Alzira_Resilient-680x415.jpg 680w, https:\/\/alzira.es\/wp-content\/uploads\/2021\/03\/projecte_Alzira_Resilient-768x468.jpg 768w\" sizes=\"(max-width: 600px) 100vw, 600px\" \/><\/a>&nbsp;<a style=\"font-size: 14.4px; text-align: center;\" title=\"projecte Alzira Resilient\" href=\"https:\/\/alzira.es\/wp-content\/uploads\/2021\/03\/projecte_Alzira_Resilient_1.jpg\" target=\"_blank\" rel=\"noopener\"><img decoding=\"async\" class=\"size-full wp-image-54161 lazyload\" data-src=\"https:\/\/alzira.es\/wp-content\/uploads\/2021\/03\/projecte_Alzira_Resilient_1.jpg\" alt=\"projecte Alzira Resilient 1\" width=\"600\" height=\"368\" data-srcset=\"https:\/\/alzira.es\/wp-content\/uploads\/2021\/03\/projecte_Alzira_Resilient_1.jpg 948w, https:\/\/alzira.es\/wp-content\/uploads\/2021\/03\/projecte_Alzira_Resilient_1-680x417.jpg 680w, https:\/\/alzira.es\/wp-content\/uploads\/2021\/03\/projecte_Alzira_Resilient_1-768x471.jpg 768w\" data-sizes=\"(max-width: 600px) 100vw, 600px\" src=\"data:image\/svg+xml;base64,PHN2ZyB3aWR0aD0iMSIgaGVpZ2h0PSIxIiB4bWxucz0iaHR0cDovL3d3dy53My5vcmcvMjAwMC9zdmciPjwvc3ZnPg==\" style=\"--smush-placeholder-width: 600px; --smush-placeholder-aspect-ratio: 600\/368;\" \/><\/a><\/p>\n","protected":false},"excerpt":{"rendered":"<p>Per sis\u00e9 any consecutiu, U-GOB reconeix els millors projectes d&#8217;innovaci\u00f3 p\u00fablica, els quals s\u00f3n capa\u00e7os de transformar, per a b\u00e9, la vida dels ciutadans, amb enfocament d&#8217;Innovaci\u00f3 i Govern Obert. El lliurament ha tingut lloc de manera telem\u00e0tica en tres jornades, la primera, dimecres 24, la segona dijous 25 i l&#8217;ultima de les jornades esta &hellip; <\/p>\n<p class=\"link-more\"><a href=\"https:\/\/alzira.es\/es\/projecte-alzira-resilient-2\/\" class=\"more-link\">Continuar leyendo<span class=\"screen-reader-text\"> \u00abL\u2019Ajuntament rep el premi U-GOB a nivell internacional pel seu projecte Alzira Resilient\u00bb<\/span><\/a><\/p>\n","protected":false},"author":29,"featured_media":54159,"comment_status":"","ping_status":"","sticky":false,"template":"","format":"standard","meta":{"_acf_changed":false,"footnotes":""},"categories":[],"tags":[],"class_list":["post-54164","post","type-post","status-publish","format-standard","has-post-thumbnail","hentry"],"acf":[],"_links":{"self":[{"href":"https:\/\/alzira.es\/es\/wp-json\/wp\/v2\/posts\/54164","targetHints":{"allow":["GET"]}}],"collection":[{"href":"https:\/\/alzira.es\/es\/wp-json\/wp\/v2\/posts"}],"about":[{"href":"https:\/\/alzira.es\/es\/wp-json\/wp\/v2\/types\/post"}],"author":[{"embeddable":true,"href":"https:\/\/alzira.es\/es\/wp-json\/wp\/v2\/users\/29"}],"replies":[{"embeddable":true,"href":"https:\/\/alzira.es\/es\/wp-json\/wp\/v2\/comments?post=54164"}],"version-history":[{"count":0,"href":"https:\/\/alzira.es\/es\/wp-json\/wp\/v2\/posts\/54164\/revisions"}],"wp:featuredmedia":[{"embeddable":true,"href":"https:\/\/alzira.es\/es\/wp-json\/wp\/v2\/media\/54159"}],"wp:attachment":[{"href":"https:\/\/alzira.es\/es\/wp-json\/wp\/v2\/media?parent=54164"}],"wp:term":[{"taxonomy":"category","embeddable":true,"href":"https:\/\/alzira.es\/es\/wp-json\/wp\/v2\/categories?post=54164"},{"taxonomy":"post_tag","embeddable":true,"href":"https:\/\/alzira.es\/es\/wp-json\/wp\/v2\/tags?post=54164"}],"curies":[{"name":"wp","href":"https:\/\/api.w.org\/{rel}","templated":true}]}}