{"id":54158,"date":"2021-03-25T13:13:33","date_gmt":"2021-03-25T12:13:33","guid":{"rendered":"https:\/\/alzira.es\/dades-covid-1-2\/"},"modified":"2021-03-25T13:13:33","modified_gmt":"2021-03-25T12:13:33","slug":"dades-covid-1-2","status":"publish","type":"post","link":"https:\/\/alzira.es\/es\/dades-covid-1-2\/","title":{"rendered":"Alzira prop dels 20 casos per cada 100.000  habitants"},"content":{"rendered":"<h3 style=\"text-align: justify;\"><em>\u2022 <strong>Lleugera pujada<\/strong> despr\u00e9s de tres setmanes consecutives de reducci\u00f3 de casos<\/em><\/h3>\n<p style=\"text-align: justify;\">Com cada dijous hui ha tingut lloc la reuni\u00f3 amb els representants dels diferents municipis que integren el Departament de Salut de la Ribera, per tal de con\u00e8ixer l&#8217;actualitat de casos de COVID i valorar les xifres aportades per Sanitat. <strong>En els \u00faltims 7 dies<\/strong>, <strong>en Alzira hem passat de 10.95 casos per cada 100.000 habitants a 19.7 casos<\/strong>. En total tenim 9 casos actius.<\/p>\n<p style=\"text-align: justify;\">A la reuni\u00f3, ha assistit la <em>regidora de Sanitat<\/em> <strong>Gemma Al\u00f3s<\/strong>, qui ha explicat que <em>\u00abEsta lleugera pujada, despr\u00e9s de falles no es pot establir com a tend\u00e8ncia. No podem perdre de vista estes xifres de cara als pr\u00f2xims dies festius. Hem d&#8217;esfor\u00e7ar-nos. Per a poder mantindre&#8217;ns en esta baixa incid\u00e8ncia. Recordem que cal seguir les recomanacions del Departament de Salut de la Ribera que insistix en la import\u00e0ncia de ser responsables de cara als dies festius dels pr\u00f2xims dies festius de Setmana Santa i Pasqua\u00bb<\/em><\/p>\n<p style=\"text-align: justify;\">Desitgem que totes les persones que patixen la malaltia es recuperen prompte i puguen tornar a la normalitat. Agra\u00efm a tota la poblaci\u00f3 l&#8217;esfor\u00e7 pel compliment de les mesures vigents, que ha estat clau per a poder rebaixar les dades.<\/p>\n<p style=\"text-align: center;\"><img fetchpriority=\"high\" decoding=\"async\" class=\" size-full wp-image-54155\" src=\"https:\/\/alzira.es\/wp-content\/uploads\/2021\/03\/reunio_departament_saltut.jpeg\" alt=\"reunio departament saltut\" width=\"1294\" height=\"971\" srcset=\"https:\/\/alzira.es\/wp-content\/uploads\/2021\/03\/reunio_departament_saltut.jpeg 2048w, https:\/\/alzira.es\/wp-content\/uploads\/2021\/03\/reunio_departament_saltut-680x510.jpeg 680w, https:\/\/alzira.es\/wp-content\/uploads\/2021\/03\/reunio_departament_saltut-1430x1072.jpeg 1430w, https:\/\/alzira.es\/wp-content\/uploads\/2021\/03\/reunio_departament_saltut-768x576.jpeg 768w, https:\/\/alzira.es\/wp-content\/uploads\/2021\/03\/reunio_departament_saltut-1536x1152.jpeg 1536w\" sizes=\"(max-width: 706px) 89vw, (max-width: 767px) 82vw, 740px\" \/><\/p>\n","protected":false},"excerpt":{"rendered":"<p>\u2022 Lleugera pujada despr\u00e9s de tres setmanes consecutives de reducci\u00f3 de casos Com cada dijous hui ha tingut lloc la reuni\u00f3 amb els representants dels diferents municipis que integren el Departament de Salut de la Ribera, per tal de con\u00e8ixer l&#8217;actualitat de casos de COVID i valorar les xifres aportades per Sanitat. En els \u00faltims &hellip; <\/p>\n<p class=\"link-more\"><a href=\"https:\/\/alzira.es\/es\/dades-covid-1-2\/\" class=\"more-link\">Continuar leyendo<span class=\"screen-reader-text\"> \u00abAlzira prop dels 20 casos per cada 100.000  habitants\u00bb<\/span><\/a><\/p>\n","protected":false},"author":29,"featured_media":54155,"comment_status":"","ping_status":"","sticky":false,"template":"","format":"standard","meta":{"_acf_changed":false,"footnotes":""},"categories":[],"tags":[],"class_list":["post-54158","post","type-post","status-publish","format-standard","has-post-thumbnail","hentry"],"acf":[],"_links":{"self":[{"href":"https:\/\/alzira.es\/es\/wp-json\/wp\/v2\/posts\/54158","targetHints":{"allow":["GET"]}}],"collection":[{"href":"https:\/\/alzira.es\/es\/wp-json\/wp\/v2\/posts"}],"about":[{"href":"https:\/\/alzira.es\/es\/wp-json\/wp\/v2\/types\/post"}],"author":[{"embeddable":true,"href":"https:\/\/alzira.es\/es\/wp-json\/wp\/v2\/users\/29"}],"replies":[{"embeddable":true,"href":"https:\/\/alzira.es\/es\/wp-json\/wp\/v2\/comments?post=54158"}],"version-history":[{"count":0,"href":"https:\/\/alzira.es\/es\/wp-json\/wp\/v2\/posts\/54158\/revisions"}],"wp:featuredmedia":[{"embeddable":true,"href":"https:\/\/alzira.es\/es\/wp-json\/wp\/v2\/media\/54155"}],"wp:attachment":[{"href":"https:\/\/alzira.es\/es\/wp-json\/wp\/v2\/media?parent=54158"}],"wp:term":[{"taxonomy":"category","embeddable":true,"href":"https:\/\/alzira.es\/es\/wp-json\/wp\/v2\/categories?post=54158"},{"taxonomy":"post_tag","embeddable":true,"href":"https:\/\/alzira.es\/es\/wp-json\/wp\/v2\/tags?post=54158"}],"curies":[{"name":"wp","href":"https:\/\/api.w.org\/{rel}","templated":true}]}}