{"id":54146,"date":"2021-03-25T12:26:10","date_gmt":"2021-03-25T11:26:10","guid":{"rendered":"https:\/\/alzira.es\/obres-al-barranc-fosc-2\/"},"modified":"2021-03-25T12:26:10","modified_gmt":"2021-03-25T11:26:10","slug":"obres-al-barranc-fosc-2","status":"publish","type":"post","link":"https:\/\/alzira.es\/es\/obres-al-barranc-fosc-2\/","title":{"rendered":"Hui s\u2019han iniciat les obres de condicionament del barranc Fosc per tal de minimitzar les inundacions en l\u2019Alquen\u00e8ncia i Ven\u00e8cia"},"content":{"rendered":"<p style=\"text-align: justify;\"><strong>L&#8217;Ajuntament d&#8217;Alzira ha iniciat hui les obres de condicionament al barranc Fosc<\/strong>, amb la finalitat d&#8217;evitar l&#8217;arribada de l&#8217;aigua del barranc a la conflu\u00e8ncia del clavegueram del carrer Josefina Fern\u00e1ndez, un dels punts m\u00e9s conflictius cada vegada que es produeixen pluges torrencials a la nostra ciutat.<\/p>\n<p style=\"text-align: justify;\">Els \u00faltims episodis de pluges han afectat les zones de l&#8217;Alquen\u00e8ncia i Ven\u00e8cia degut al desbordament del barranc Fosc, ja que \u00e9s l&#8217;encarregat d&#8217;arreplegar les aig\u00fces que baixen des de la urbanitzaci\u00f3 del Rac\u00f3, a m\u00e9s de l&#8217;aigua que li aporta el barranc de l&#8217;Estrela que recull la provinent de la urbanitzaci\u00f3 del Respirall, produint la baixada de les aig\u00fces embravides que acaben inundant l&#8217;entramat urb\u00e0.<\/p>\n<p style=\"text-align: justify;\"><strong>L&#8217;obra iniciada hui preveu evitar que l&#8217;aigua acabe en estes zones urbanes<\/strong>, per a la qual cosa <strong>es va a procedir a l&#8217;eliminaci\u00f3 de la rampa d&#8217;acc\u00e9s al cam\u00ed Pescadors<\/strong>;<strong> execuci\u00f3 d&#8217;un mur en el barranc de l&#8217;Estrela<\/strong>; <strong>la instal\u00b7laci\u00f3 d&#8217;un arener i d&#8217;una infraestructura reguladora del cabal del barranc Fosc<\/strong>; <strong>aix\u00ed com el recreixement de trams perimetrals de mur<\/strong>.<\/p>\n<p style=\"text-align: justify;\"><strong>Fernando Pascual<\/strong>, regidor de Servies Urbans, <em>ha visitat hui l&#8217;inici de les obres i confia en que una vegada finalitzades puguen complir amb la missi\u00f3 d&#8217;evitar les inundacions en el casc urb\u00e0 cada vegada que plou m\u00e9s de l&#8217;habitual.<\/em><\/p>\n<p style=\"text-align: justify;\">El regidor apunta, a m\u00e9s,<em> que la realitzaci\u00f3 d&#8217;<strong>esta obra<\/strong> que executa l&#8217;empresa Aig\u00fces de Val\u00e8ncia, a c\u00e0rrec de la borsa d&#8217;estalvi energ\u00e8tic, <strong>no va a suposar cap cost per als alzirenys i alzirenyes<\/strong>, ja que \u00e9s l&#8217;empresa qui assumeix el cost complet d&#8217;esta actuaci\u00f3, la finalitzaci\u00f3 de la qual est\u00e0 prevista en un parell de mesos.<\/em><\/p>\n<p style=\"text-align: center;\"><a class=\"jcepopup\" title=\"obres de condicionament del barranc Fosc\" href=\"https:\/\/alzira.es\/wp-content\/uploads\/2021\/03\/BF_1.jpg\" target=\"_blank\" rel=\"noopener\"><img fetchpriority=\"high\" decoding=\"async\" class=\" size-full wp-image-54137\" src=\"https:\/\/alzira.es\/wp-content\/uploads\/2021\/03\/BF_1.jpg\" alt=\"obres de condicionament del barranc Fosc\" width=\"400\" height=\"300\" srcset=\"https:\/\/alzira.es\/wp-content\/uploads\/2021\/03\/BF_1.jpg 2048w, https:\/\/alzira.es\/wp-content\/uploads\/2021\/03\/BF_1-680x510.jpg 680w, https:\/\/alzira.es\/wp-content\/uploads\/2021\/03\/BF_1-1430x1072.jpg 1430w, https:\/\/alzira.es\/wp-content\/uploads\/2021\/03\/BF_1-768x576.jpg 768w, https:\/\/alzira.es\/wp-content\/uploads\/2021\/03\/BF_1-1536x1152.jpg 1536w\" sizes=\"(max-width: 400px) 100vw, 400px\" \/><\/a>&nbsp;<a class=\"jcepopup\" style=\"font-size: 14.4px; text-align: center;\" title=\"obres de condicionament del barranc Fosc\" type=\"image\" href=\"https:\/\/alzira.es\/wp-content\/uploads\/2021\/03\/BF_2.jpg\" target=\"_blank\" rel=\"noopener\"><img decoding=\"async\" class=\"size-full wp-image-54139 lazyload\" data-src=\"https:\/\/alzira.es\/wp-content\/uploads\/2021\/03\/BF_2.jpg\" alt=\"obres de condicionament del barranc Fosc\" width=\"400\" height=\"300\" data-srcset=\"https:\/\/alzira.es\/wp-content\/uploads\/2021\/03\/BF_2.jpg 2048w, https:\/\/alzira.es\/wp-content\/uploads\/2021\/03\/BF_2-680x510.jpg 680w, https:\/\/alzira.es\/wp-content\/uploads\/2021\/03\/BF_2-1430x1072.jpg 1430w, https:\/\/alzira.es\/wp-content\/uploads\/2021\/03\/BF_2-768x576.jpg 768w, https:\/\/alzira.es\/wp-content\/uploads\/2021\/03\/BF_2-1536x1152.jpg 1536w\" data-sizes=\"(max-width: 400px) 100vw, 400px\" src=\"data:image\/svg+xml;base64,PHN2ZyB3aWR0aD0iMSIgaGVpZ2h0PSIxIiB4bWxucz0iaHR0cDovL3d3dy53My5vcmcvMjAwMC9zdmciPjwvc3ZnPg==\" style=\"--smush-placeholder-width: 400px; --smush-placeholder-aspect-ratio: 400\/300;\" \/><\/a><\/p>\n<p style=\"text-align: center;\"><a class=\"jcepopup\" style=\"font-size: 14.4px; text-align: center;\" title=\"obres de condicionament del barranc Fosc\" type=\"image\" href=\"https:\/\/alzira.es\/wp-content\/uploads\/2021\/03\/BF_3.jpg\" target=\"_blank\" rel=\"noopener\"><img decoding=\"async\" class=\"size-full wp-image-54141 lazyload\" data-src=\"https:\/\/alzira.es\/wp-content\/uploads\/2021\/03\/BF_3.jpg\" alt=\"obres de condicionament del barranc Fosc\" width=\"400\" height=\"300\" data-srcset=\"https:\/\/alzira.es\/wp-content\/uploads\/2021\/03\/BF_3.jpg 2048w, https:\/\/alzira.es\/wp-content\/uploads\/2021\/03\/BF_3-680x510.jpg 680w, https:\/\/alzira.es\/wp-content\/uploads\/2021\/03\/BF_3-1430x1072.jpg 1430w, https:\/\/alzira.es\/wp-content\/uploads\/2021\/03\/BF_3-768x576.jpg 768w, https:\/\/alzira.es\/wp-content\/uploads\/2021\/03\/BF_3-1536x1152.jpg 1536w\" data-sizes=\"(max-width: 400px) 100vw, 400px\" src=\"data:image\/svg+xml;base64,PHN2ZyB3aWR0aD0iMSIgaGVpZ2h0PSIxIiB4bWxucz0iaHR0cDovL3d3dy53My5vcmcvMjAwMC9zdmciPjwvc3ZnPg==\" style=\"--smush-placeholder-width: 400px; --smush-placeholder-aspect-ratio: 400\/300;\" \/><\/a>&nbsp;<a class=\"jcepopup\" style=\"font-size: 14.4px; text-align: center;\" title=\"obres de condicionament del barranc Fosc\" type=\"image\" href=\"https:\/\/alzira.es\/wp-content\/uploads\/2021\/03\/BF_4.jpg\" target=\"_blank\" rel=\"noopener\"><img decoding=\"async\" class=\"size-full wp-image-54143 lazyload\" data-src=\"https:\/\/alzira.es\/wp-content\/uploads\/2021\/03\/BF_4.jpg\" alt=\"obres de condicionament del barranc Fosc\" width=\"400\" height=\"300\" data-srcset=\"https:\/\/alzira.es\/wp-content\/uploads\/2021\/03\/BF_4.jpg 2048w, https:\/\/alzira.es\/wp-content\/uploads\/2021\/03\/BF_4-680x510.jpg 680w, https:\/\/alzira.es\/wp-content\/uploads\/2021\/03\/BF_4-1430x1072.jpg 1430w, https:\/\/alzira.es\/wp-content\/uploads\/2021\/03\/BF_4-768x576.jpg 768w, https:\/\/alzira.es\/wp-content\/uploads\/2021\/03\/BF_4-1536x1152.jpg 1536w\" data-sizes=\"(max-width: 400px) 100vw, 400px\" src=\"data:image\/svg+xml;base64,PHN2ZyB3aWR0aD0iMSIgaGVpZ2h0PSIxIiB4bWxucz0iaHR0cDovL3d3dy53My5vcmcvMjAwMC9zdmciPjwvc3ZnPg==\" style=\"--smush-placeholder-width: 400px; --smush-placeholder-aspect-ratio: 400\/300;\" \/><\/a><\/p>\n","protected":false},"excerpt":{"rendered":"<p>L&#8217;Ajuntament d&#8217;Alzira ha iniciat hui les obres de condicionament al barranc Fosc, amb la finalitat d&#8217;evitar l&#8217;arribada de l&#8217;aigua del barranc a la conflu\u00e8ncia del clavegueram del carrer Josefina Fern\u00e1ndez, un dels punts m\u00e9s conflictius cada vegada que es produeixen pluges torrencials a la nostra ciutat. Els \u00faltims episodis de pluges han afectat les zones &hellip; <\/p>\n<p class=\"link-more\"><a href=\"https:\/\/alzira.es\/es\/obres-al-barranc-fosc-2\/\" class=\"more-link\">Continuar leyendo<span class=\"screen-reader-text\"> \u00abHui s\u2019han iniciat les obres de condicionament del barranc Fosc per tal de minimitzar les inundacions en l\u2019Alquen\u00e8ncia i Ven\u00e8cia\u00bb<\/span><\/a><\/p>\n","protected":false},"author":29,"featured_media":54137,"comment_status":"","ping_status":"","sticky":false,"template":"","format":"standard","meta":{"_acf_changed":false,"footnotes":""},"categories":[],"tags":[],"class_list":["post-54146","post","type-post","status-publish","format-standard","has-post-thumbnail","hentry"],"acf":[],"_links":{"self":[{"href":"https:\/\/alzira.es\/es\/wp-json\/wp\/v2\/posts\/54146","targetHints":{"allow":["GET"]}}],"collection":[{"href":"https:\/\/alzira.es\/es\/wp-json\/wp\/v2\/posts"}],"about":[{"href":"https:\/\/alzira.es\/es\/wp-json\/wp\/v2\/types\/post"}],"author":[{"embeddable":true,"href":"https:\/\/alzira.es\/es\/wp-json\/wp\/v2\/users\/29"}],"replies":[{"embeddable":true,"href":"https:\/\/alzira.es\/es\/wp-json\/wp\/v2\/comments?post=54146"}],"version-history":[{"count":0,"href":"https:\/\/alzira.es\/es\/wp-json\/wp\/v2\/posts\/54146\/revisions"}],"wp:featuredmedia":[{"embeddable":true,"href":"https:\/\/alzira.es\/es\/wp-json\/wp\/v2\/media\/54137"}],"wp:attachment":[{"href":"https:\/\/alzira.es\/es\/wp-json\/wp\/v2\/media?parent=54146"}],"wp:term":[{"taxonomy":"category","embeddable":true,"href":"https:\/\/alzira.es\/es\/wp-json\/wp\/v2\/categories?post=54146"},{"taxonomy":"post_tag","embeddable":true,"href":"https:\/\/alzira.es\/es\/wp-json\/wp\/v2\/tags?post=54146"}],"curies":[{"name":"wp","href":"https:\/\/api.w.org\/{rel}","templated":true}]}}