{"id":54108,"date":"2021-03-24T13:38:08","date_gmt":"2021-03-24T12:38:08","guid":{"rendered":"https:\/\/alzira.es\/vacunacio-a-la-comunitat-educativa-2\/"},"modified":"2021-03-24T13:38:08","modified_gmt":"2021-03-24T12:38:08","slug":"vacunacio-a-la-comunitat-educativa-2","status":"publish","type":"post","link":"https:\/\/alzira.es\/es\/vacunacio-a-la-comunitat-educativa-2\/","title":{"rendered":"Divendres comen\u00e7a a Alzira la vacunaci\u00f3 a la comunitat educativa de la comarca"},"content":{"rendered":"<p style=\"text-align: justify;\">Des del Departament de Salut de la Ribera, s&#8217;ha informat que el proper <strong>divendres 26 de mar\u00e7 comen\u00e7a la vacunaci\u00f3 dels docents i personal de serveis dels centres educatius menors de 65 anys<\/strong> de tots els municipis del Departament de Salut.<\/p>\n<p style=\"text-align: justify;\"><strong>En total s&#8217;han establert la vacunaci\u00f3 per a 4 dies en els seg\u00fcents horaris:<\/strong><\/p>\n<p style=\"text-align: justify; margin-left: 30px;\">\u2022 Divendres 26 de 13 a 21 h<br \/>\u2022 Dissabte 27 de 8 a 21 h<br \/>\u2022 Dimecres 31 de 15 a 21 h<br \/>\u2022 Dijous 1 de 8 a 15 h<\/p>\n<p style=\"text-align: justify;\"><strong>El Casal Fester,<\/strong> situat junt a l&#8217;hospital de la Ribera, \u00e9s l&#8217;espai destinat a portar a terme les vacunacions <strong>de m\u00e9s de 7000 persones,<\/strong> ja que s&#8217;ha ampliat l&#8217;edat dels convocats de 55 fins als 65 anys. Es tracta d&#8217;una sala polivalent i di\u00e0fana, amb espai suficientment ampli i ventilat que comptar\u00e0 amb diversos circuits de vacunaci\u00f3 i entrades i eixides separades.<\/p>\n<p style=\"text-align: justify;\"><em>\u00abCom ja vam anunciar la passada setmana des de l&#8217;Ajuntament vam preparar este espai d&#8217;acord amb les requeriments de la Conselleria i com a tal compta amb la resoluci\u00f3 favorable de la Conselleria com a centre temporal de vacunaci\u00f3. La passada setmana el centre ja va quedar senyalitzat i adaptat amb 10 taules de vacunaci\u00f3 instal\u00b7lades, degudament separades per a citar a 55 persones cada 15 minuts. Al llarg dels \u00faltims dies s&#8217;ha continuat en contacte amb el Departament de Salut per tal d&#8217;adaptar-se als possibles canvis i de fet es baralla la possibilitat d&#8217;ampliar amb dos taules m\u00e9s degut a la major quantitat de gent citada\u00bb<\/em>, ha explicat la regidora de Sanitat <strong>Gemma Al\u00f3s<\/strong>.<\/p>\n<p style=\"text-align: justify;\"><strong>A partir de hui<\/strong>,<strong> la conselleria d&#8217;Educaci\u00f3 publicar\u00e0 les cites per a vacunar a la seua web<\/strong> <strong><span style=\"text-decoration: underline;\"><span style=\"color: #b22222;\"><a title=\"web www.ceice.gva.es\" href=\"http:\/\/www.ceice.gva.es\" target=\"_blank\" rel=\"noopener\"><span style=\"color: #b22222; text-decoration: underline;\">www.ceice.gva.es<\/span><\/a><\/span><\/span><\/strong>, <strong>almenys 48 hores abans<\/strong>. Cada persona ha de portar el formulari facilitat per la conselleria, aix\u00ed com el SIP i el DNI. Des de la conselleria es prega ser molt rigor\u00f3s en els horaris que s\u00f3n adjudicats per tal d&#8217;evitar aglomeracions.<\/p>\n<p style=\"text-align: justify;\">Per protocol una unitat de Creu Roja donar\u00e0 assist\u00e8ncia per a primers auxilis i una ambul\u00e0ncia per a trasllat a l&#8217;hospital en cas que fora necessari. Per la seua banda <strong>Protecci\u00f3 Civil Alzira tamb\u00e9 portar\u00e0 a terme el control d&#8217;accessos<\/strong> per a coordinar l&#8217;entrada i exida i el compliment de les mesures de seguretat.<\/p>\n<p style=\"text-align: justify;\">D&#8217;altra banda, <strong>el proper mes d&#8217;abril<\/strong>,<strong> i probablement fins al mes de setembre<\/strong>, <strong>comen\u00e7ar\u00e0 la vacunaci\u00f3 massiva per a majors de 18 anys<\/strong>, un col\u00b7lectiu que suposa al voltant de vora 39.000 persones d&#8217;Alzira, Corbera i Llaur\u00ed. <em>\u00abEstem treballant conjuntament amb el Centre de Salut, adequant-nos a les seues necessitats per a posar a disposici\u00f3 de la conselleria espais \u00f2ptims per a portar a terme estes vacunacions, ben ventilats, accessibles amb entrades i eixides adequades i que complisquen amb els protocols de seguretat. Com sempre estem a la seua disposici\u00f3 treballant de forma molt coordinada per a vacunar de la manera m\u00e9s eficient i r\u00e0pida possible a tota la poblaci\u00f3\u00bb<\/em>, ha explicat la regidora.<\/p>\n<p style=\"text-align: justify;\">A hores d&#8217;ara continua la vacunaci\u00f3 de persones de 89 a 80 anys, que estan sent citats per a acudir a la Parrilla, on se&#8217;ls administra. Aix\u00ed mateix cal recordar que a la nostra ciutat ja estan vacunats els majors de 90, grans dependents i usuaris de resid\u00e8ncies.<\/p>\n<p style=\"text-align: center;\"><a class=\"jcepopup\" title=\"vacunaci\u00f3 a la comunitat educativa\" href=\"https:\/\/alzira.es\/wp-content\/uploads\/2021\/03\/VACUNACIO.jpg\" target=\"_blank\" rel=\"noopener\"><img fetchpriority=\"high\" decoding=\"async\" class=\" size-full wp-image-54103\" src=\"https:\/\/alzira.es\/wp-content\/uploads\/2021\/03\/VACUNACIO.jpg\" alt=\"VACUNACI\u00d3\" width=\"600\" height=\"333\" srcset=\"https:\/\/alzira.es\/wp-content\/uploads\/2021\/03\/VACUNACIO.jpg 1880w, https:\/\/alzira.es\/wp-content\/uploads\/2021\/03\/VACUNACIO-680x378.jpg 680w, https:\/\/alzira.es\/wp-content\/uploads\/2021\/03\/VACUNACIO-1430x794.jpg 1430w, https:\/\/alzira.es\/wp-content\/uploads\/2021\/03\/VACUNACIO-768x426.jpg 768w, https:\/\/alzira.es\/wp-content\/uploads\/2021\/03\/VACUNACIO-1536x853.jpg 1536w\" sizes=\"(max-width: 600px) 100vw, 600px\" \/><\/a>&nbsp;<a class=\"jcepopup\" style=\"font-size: 14.4px; text-align: center;\" title=\"vacunaci\u00f3 a la comunitat educativa\" type=\"image\" href=\"https:\/\/alzira.es\/wp-content\/uploads\/2021\/03\/VACUNACIO_2.jpg\" target=\"_blank\" rel=\"noopener\"><img decoding=\"async\" class=\"size-full wp-image-54105 lazyload\" data-src=\"https:\/\/alzira.es\/wp-content\/uploads\/2021\/03\/VACUNACIO_2.jpg\" alt=\"VACUNACI\u00d3 2\" width=\"552\" height=\"333\" data-srcset=\"https:\/\/alzira.es\/wp-content\/uploads\/2021\/03\/VACUNACIO_2.jpg 1772w, https:\/\/alzira.es\/wp-content\/uploads\/2021\/03\/VACUNACIO_2-680x410.jpg 680w, https:\/\/alzira.es\/wp-content\/uploads\/2021\/03\/VACUNACIO_2-1430x862.jpg 1430w, https:\/\/alzira.es\/wp-content\/uploads\/2021\/03\/VACUNACIO_2-768x463.jpg 768w, https:\/\/alzira.es\/wp-content\/uploads\/2021\/03\/VACUNACIO_2-1536x926.jpg 1536w\" data-sizes=\"(max-width: 552px) 100vw, 552px\" src=\"data:image\/svg+xml;base64,PHN2ZyB3aWR0aD0iMSIgaGVpZ2h0PSIxIiB4bWxucz0iaHR0cDovL3d3dy53My5vcmcvMjAwMC9zdmciPjwvc3ZnPg==\" style=\"--smush-placeholder-width: 552px; --smush-placeholder-aspect-ratio: 552\/333;\" \/><\/a><\/p>\n","protected":false},"excerpt":{"rendered":"<p>Des del Departament de Salut de la Ribera, s&#8217;ha informat que el proper divendres 26 de mar\u00e7 comen\u00e7a la vacunaci\u00f3 dels docents i personal de serveis dels centres educatius menors de 65 anys de tots els municipis del Departament de Salut. En total s&#8217;han establert la vacunaci\u00f3 per a 4 dies en els seg\u00fcents horaris: &hellip; <\/p>\n<p class=\"link-more\"><a href=\"https:\/\/alzira.es\/es\/vacunacio-a-la-comunitat-educativa-2\/\" class=\"more-link\">Continuar leyendo<span class=\"screen-reader-text\"> \u00abDivendres comen\u00e7a a Alzira la vacunaci\u00f3 a la comunitat educativa de la comarca\u00bb<\/span><\/a><\/p>\n","protected":false},"author":29,"featured_media":54103,"comment_status":"","ping_status":"","sticky":false,"template":"","format":"standard","meta":{"_acf_changed":false,"footnotes":""},"categories":[],"tags":[],"class_list":["post-54108","post","type-post","status-publish","format-standard","has-post-thumbnail","hentry"],"acf":[],"_links":{"self":[{"href":"https:\/\/alzira.es\/es\/wp-json\/wp\/v2\/posts\/54108","targetHints":{"allow":["GET"]}}],"collection":[{"href":"https:\/\/alzira.es\/es\/wp-json\/wp\/v2\/posts"}],"about":[{"href":"https:\/\/alzira.es\/es\/wp-json\/wp\/v2\/types\/post"}],"author":[{"embeddable":true,"href":"https:\/\/alzira.es\/es\/wp-json\/wp\/v2\/users\/29"}],"replies":[{"embeddable":true,"href":"https:\/\/alzira.es\/es\/wp-json\/wp\/v2\/comments?post=54108"}],"version-history":[{"count":0,"href":"https:\/\/alzira.es\/es\/wp-json\/wp\/v2\/posts\/54108\/revisions"}],"wp:featuredmedia":[{"embeddable":true,"href":"https:\/\/alzira.es\/es\/wp-json\/wp\/v2\/media\/54103"}],"wp:attachment":[{"href":"https:\/\/alzira.es\/es\/wp-json\/wp\/v2\/media?parent=54108"}],"wp:term":[{"taxonomy":"category","embeddable":true,"href":"https:\/\/alzira.es\/es\/wp-json\/wp\/v2\/categories?post=54108"},{"taxonomy":"post_tag","embeddable":true,"href":"https:\/\/alzira.es\/es\/wp-json\/wp\/v2\/tags?post=54108"}],"curies":[{"name":"wp","href":"https:\/\/api.w.org\/{rel}","templated":true}]}}