{"id":54102,"date":"2021-03-24T11:15:38","date_gmt":"2021-03-24T10:15:38","guid":{"rendered":"https:\/\/alzira.es\/gespa-natural-2\/"},"modified":"2021-03-24T11:15:38","modified_gmt":"2021-03-24T10:15:38","slug":"gespa-natural-2","status":"publish","type":"post","link":"https:\/\/alzira.es\/es\/gespa-natural-2\/","title":{"rendered":"El canvi de gespa natural a artificial en la Gran Via de la Comunitat Valenciana suposar\u00e0 cinc mil metres c\u00fabics d\u2019estalvi d\u2019aigua anual"},"content":{"rendered":"<p style=\"text-align: justify;\">El tram central de la Gran Via de la Comunitat Valenciana, en Tulell, est\u00e0 sent objecte de transformaci\u00f3, s&#8217;eliminar\u00e0 la gespa natural i es substituir\u00e0 per gespa artificial i grava. Amb esta acci\u00f3 es perseguix evitar un consum excessiu d&#8217;aigua, un dels objectius marcats per la Regidoria de Serveis Urbans per a esta legislatura i que ja s&#8217;ha vist plasmat en les diverses actuacions a les rotondes de la ciutat amb l&#8217;eliminaci\u00f3 de la gespa natural.<\/p>\n<p style=\"text-align: justify;\"><em>\u00abVolem fer d&#8217;Alzira una ciutat m\u00e9s sostenible i per aconseguir-ho hem de realitzar accions com la que s&#8217;est\u00e0 portant endavant en Tulell, la qual cosa permet un important estalvi de recursos h\u00eddrics i nom\u00e9s per aix\u00f2 paga la pena la transformaci\u00f3 de les zones enjardinades en espais on no siga necessari la utilitzaci\u00f3 d&#8217;un b\u00e9 tan preuat com l&#8217;aigua\u00bb<\/em>, segons el regidor encarregat de l&#8217;\u00e0rea, <strong>Fernando Pascual<\/strong>.<\/p>\n<p style=\"text-align: justify;\">El proc\u00e9s de canvi es far\u00e0 de manera gradual al llarg de tota la rambla. Una vegada es canvien els 3.000 metres quadrats de gespa natural per artificial hi haur\u00e0 un estalvi d&#8217;aigua anual de 5.000 metres c\u00fabics.<\/p>\n<p style=\"text-align: justify;\"><em>\u00abUn estalvi molt important i necessari que poc a poc situen a Alzira com a ciutat capdavantera en el consum d&#8217;aigua en les zones enjardinades, a m\u00e9s amb la gespa artificial aconseguim una aparen\u00e7a perfecta sense importar l&#8217;\u00e8poca de l&#8217;any, hi ha menys manteniment, i no necessita pesticides ni tampoc fertilitzants\u00bb<\/em>, segons el regidor.<\/p>\n<p style=\"text-align: center;\"><a class=\"jcepopup\" title=\"canvi de gespa natural a artificial en la Gran Via de la Comunitat Valenciana\" href=\"https:\/\/alzira.es\/wp-content\/uploads\/2021\/03\/tulell_1.jpg\" target=\"_blank\" rel=\"noopener\"><img fetchpriority=\"high\" decoding=\"async\" class=\" size-full wp-image-54091\" src=\"https:\/\/alzira.es\/wp-content\/uploads\/2021\/03\/tulell_1.jpg\" alt=\"tulell 1\" width=\"400\" height=\"300\" srcset=\"https:\/\/alzira.es\/wp-content\/uploads\/2021\/03\/tulell_1.jpg 1600w, https:\/\/alzira.es\/wp-content\/uploads\/2021\/03\/tulell_1-680x510.jpg 680w, https:\/\/alzira.es\/wp-content\/uploads\/2021\/03\/tulell_1-1430x1072.jpg 1430w, https:\/\/alzira.es\/wp-content\/uploads\/2021\/03\/tulell_1-768x576.jpg 768w, https:\/\/alzira.es\/wp-content\/uploads\/2021\/03\/tulell_1-1536x1152.jpg 1536w\" sizes=\"(max-width: 400px) 100vw, 400px\" \/><\/a>&nbsp;<a class=\"jcepopup\" style=\"font-size: 14.4px; text-align: center;\" title=\"canvi de gespa natural a artificial en la Gran Via de la Comunitat Valenciana\" type=\"image\" href=\"https:\/\/alzira.es\/wp-content\/uploads\/2021\/03\/tulell_2.jpg\" target=\"_blank\" rel=\"noopener\"><img decoding=\"async\" class=\"size-full wp-image-54093 lazyload\" data-src=\"https:\/\/alzira.es\/wp-content\/uploads\/2021\/03\/tulell_2.jpg\" alt=\"tulell 2\" width=\"400\" height=\"300\" data-srcset=\"https:\/\/alzira.es\/wp-content\/uploads\/2021\/03\/tulell_2.jpg 1600w, https:\/\/alzira.es\/wp-content\/uploads\/2021\/03\/tulell_2-680x510.jpg 680w, https:\/\/alzira.es\/wp-content\/uploads\/2021\/03\/tulell_2-1430x1072.jpg 1430w, https:\/\/alzira.es\/wp-content\/uploads\/2021\/03\/tulell_2-768x576.jpg 768w, https:\/\/alzira.es\/wp-content\/uploads\/2021\/03\/tulell_2-1536x1152.jpg 1536w\" data-sizes=\"(max-width: 400px) 100vw, 400px\" src=\"data:image\/svg+xml;base64,PHN2ZyB3aWR0aD0iMSIgaGVpZ2h0PSIxIiB4bWxucz0iaHR0cDovL3d3dy53My5vcmcvMjAwMC9zdmciPjwvc3ZnPg==\" style=\"--smush-placeholder-width: 400px; --smush-placeholder-aspect-ratio: 400\/300;\" \/><\/a>&nbsp;<a class=\"jcepopup\" style=\"font-size: 14.4px; text-align: center;\" title=\"canvi de gespa natural a artificial en la Gran Via de la Comunitat Valenciana\" type=\"image\" href=\"https:\/\/alzira.es\/wp-content\/uploads\/2021\/03\/tulell_3.jpg\" target=\"_blank\" rel=\"noopener\"><img decoding=\"async\" class=\"size-full wp-image-54095 lazyload\" data-src=\"https:\/\/alzira.es\/wp-content\/uploads\/2021\/03\/tulell_3.jpg\" alt=\"tulell 3\" width=\"400\" height=\"300\" data-srcset=\"https:\/\/alzira.es\/wp-content\/uploads\/2021\/03\/tulell_3.jpg 1600w, https:\/\/alzira.es\/wp-content\/uploads\/2021\/03\/tulell_3-680x510.jpg 680w, https:\/\/alzira.es\/wp-content\/uploads\/2021\/03\/tulell_3-1430x1072.jpg 1430w, https:\/\/alzira.es\/wp-content\/uploads\/2021\/03\/tulell_3-768x576.jpg 768w, https:\/\/alzira.es\/wp-content\/uploads\/2021\/03\/tulell_3-1536x1152.jpg 1536w\" data-sizes=\"(max-width: 400px) 100vw, 400px\" src=\"data:image\/svg+xml;base64,PHN2ZyB3aWR0aD0iMSIgaGVpZ2h0PSIxIiB4bWxucz0iaHR0cDovL3d3dy53My5vcmcvMjAwMC9zdmciPjwvc3ZnPg==\" style=\"--smush-placeholder-width: 400px; --smush-placeholder-aspect-ratio: 400\/300;\" \/><\/a><\/p>\n<p style=\"text-align: center;\"><a class=\"jcepopup\" style=\"font-size: 14.4px; text-align: center;\" title=\"canvi de gespa natural a artificial en la Gran Via de la Comunitat Valenciana\" type=\"image\" href=\"https:\/\/alzira.es\/wp-content\/uploads\/2021\/03\/tulell_4.jpg\" target=\"_blank\" rel=\"noopener\"><img decoding=\"async\" class=\"size-full wp-image-54097 lazyload\" data-src=\"https:\/\/alzira.es\/wp-content\/uploads\/2021\/03\/tulell_4.jpg\" alt=\"tulell 4\" width=\"600\" height=\"450\" data-srcset=\"https:\/\/alzira.es\/wp-content\/uploads\/2021\/03\/tulell_4.jpg 1600w, https:\/\/alzira.es\/wp-content\/uploads\/2021\/03\/tulell_4-680x510.jpg 680w, https:\/\/alzira.es\/wp-content\/uploads\/2021\/03\/tulell_4-1430x1072.jpg 1430w, https:\/\/alzira.es\/wp-content\/uploads\/2021\/03\/tulell_4-768x576.jpg 768w, https:\/\/alzira.es\/wp-content\/uploads\/2021\/03\/tulell_4-1536x1152.jpg 1536w\" data-sizes=\"(max-width: 600px) 100vw, 600px\" src=\"data:image\/svg+xml;base64,PHN2ZyB3aWR0aD0iMSIgaGVpZ2h0PSIxIiB4bWxucz0iaHR0cDovL3d3dy53My5vcmcvMjAwMC9zdmciPjwvc3ZnPg==\" style=\"--smush-placeholder-width: 600px; --smush-placeholder-aspect-ratio: 600\/450;\" \/><\/a>&nbsp;<a class=\"jcepopup\" style=\"font-size: 14.4px; text-align: center;\" title=\"canvi de gespa natural a artificial en la Gran Via de la Comunitat Valenciana\" type=\"image\" href=\"https:\/\/alzira.es\/wp-content\/uploads\/2021\/03\/tulell_5.jpg\" target=\"_blank\" rel=\"noopener\"><img decoding=\"async\" class=\"size-full wp-image-54099 lazyload\" data-src=\"https:\/\/alzira.es\/wp-content\/uploads\/2021\/03\/tulell_5.jpg\" alt=\"tulell 5\" width=\"600\" height=\"450\" data-srcset=\"https:\/\/alzira.es\/wp-content\/uploads\/2021\/03\/tulell_5.jpg 1600w, https:\/\/alzira.es\/wp-content\/uploads\/2021\/03\/tulell_5-680x510.jpg 680w, https:\/\/alzira.es\/wp-content\/uploads\/2021\/03\/tulell_5-1430x1072.jpg 1430w, https:\/\/alzira.es\/wp-content\/uploads\/2021\/03\/tulell_5-768x576.jpg 768w, https:\/\/alzira.es\/wp-content\/uploads\/2021\/03\/tulell_5-1536x1152.jpg 1536w\" data-sizes=\"(max-width: 600px) 100vw, 600px\" src=\"data:image\/svg+xml;base64,PHN2ZyB3aWR0aD0iMSIgaGVpZ2h0PSIxIiB4bWxucz0iaHR0cDovL3d3dy53My5vcmcvMjAwMC9zdmciPjwvc3ZnPg==\" style=\"--smush-placeholder-width: 600px; --smush-placeholder-aspect-ratio: 600\/450;\" \/><\/a><\/p>\n","protected":false},"excerpt":{"rendered":"<p>El tram central de la Gran Via de la Comunitat Valenciana, en Tulell, est\u00e0 sent objecte de transformaci\u00f3, s&#8217;eliminar\u00e0 la gespa natural i es substituir\u00e0 per gespa artificial i grava. Amb esta acci\u00f3 es perseguix evitar un consum excessiu d&#8217;aigua, un dels objectius marcats per la Regidoria de Serveis Urbans per a esta legislatura i &hellip; <\/p>\n<p class=\"link-more\"><a href=\"https:\/\/alzira.es\/es\/gespa-natural-2\/\" class=\"more-link\">Continuar leyendo<span class=\"screen-reader-text\"> \u00abEl canvi de gespa natural a artificial en la Gran Via de la Comunitat Valenciana suposar\u00e0 cinc mil metres c\u00fabics d\u2019estalvi d\u2019aigua anual\u00bb<\/span><\/a><\/p>\n","protected":false},"author":29,"featured_media":54091,"comment_status":"","ping_status":"","sticky":false,"template":"","format":"standard","meta":{"_acf_changed":false,"footnotes":""},"categories":[],"tags":[],"class_list":["post-54102","post","type-post","status-publish","format-standard","has-post-thumbnail","hentry"],"acf":[],"_links":{"self":[{"href":"https:\/\/alzira.es\/es\/wp-json\/wp\/v2\/posts\/54102","targetHints":{"allow":["GET"]}}],"collection":[{"href":"https:\/\/alzira.es\/es\/wp-json\/wp\/v2\/posts"}],"about":[{"href":"https:\/\/alzira.es\/es\/wp-json\/wp\/v2\/types\/post"}],"author":[{"embeddable":true,"href":"https:\/\/alzira.es\/es\/wp-json\/wp\/v2\/users\/29"}],"replies":[{"embeddable":true,"href":"https:\/\/alzira.es\/es\/wp-json\/wp\/v2\/comments?post=54102"}],"version-history":[{"count":0,"href":"https:\/\/alzira.es\/es\/wp-json\/wp\/v2\/posts\/54102\/revisions"}],"wp:featuredmedia":[{"embeddable":true,"href":"https:\/\/alzira.es\/es\/wp-json\/wp\/v2\/media\/54091"}],"wp:attachment":[{"href":"https:\/\/alzira.es\/es\/wp-json\/wp\/v2\/media?parent=54102"}],"wp:term":[{"taxonomy":"category","embeddable":true,"href":"https:\/\/alzira.es\/es\/wp-json\/wp\/v2\/categories?post=54102"},{"taxonomy":"post_tag","embeddable":true,"href":"https:\/\/alzira.es\/es\/wp-json\/wp\/v2\/tags?post=54102"}],"curies":[{"name":"wp","href":"https:\/\/api.w.org\/{rel}","templated":true}]}}